{"id":23639,"date":"2026-09-01T15:52:30","date_gmt":"2026-09-01T18:52:30","guid":{"rendered":"https:\/\/www.paparazzinews.com.br\/?p=23639"},"modified":"2026-09-01T15:52:34","modified_gmt":"2026-09-01T18:52:34","slug":"apos-reuniao-com-comando-da-pm-vereadores-pedem-adesao-de-castilho-ao-muralha-paulista","status":"publish","type":"post","link":"https:\/\/www.paparazzinews.com.br\/?p=23639","title":{"rendered":"Ap\u00f3s reuni\u00e3o com comando da PM, vereadores pedem ades\u00e3o de Castilho ao Muralha Paulista"},"content":{"rendered":"\n<h3 class=\"wp-block-heading\"><strong><em>Indica\u00e7\u00e3o apresentada na C\u00e2mara solicita que Prefeitura conecte munic\u00edpio ao sistema estadual de intelig\u00eancia; proposta tamb\u00e9m abre discuss\u00e3o sobre participa\u00e7\u00e3o de empresas na expans\u00e3o das c\u00e2meras<\/em><\/strong><\/h3>\n\n\n\n<p class=\"wp-block-paragraph\">Uma reuni\u00e3o realizada entre vereadores de Castilho e o comando do <strong>28\u00ba Batalh\u00e3o de Pol\u00edcia Militar do Interior<\/strong>, de Andradina, come\u00e7ou a produzir desdobramentos no Legislativo municipal.<\/p>\n\n\n\n<p class=\"wp-block-paragraph\">Cerca de uma semana depois da visita do comandante do batalh\u00e3o, <strong>Tenente-Coronel Isac Nascimento<\/strong>, acompanhado de integrantes da Pol\u00edcia Militar, tr\u00eas vereadores apresentaram conjuntamente uma indica\u00e7\u00e3o solicitando ao prefeito <strong>Paulo Boaventura<\/strong> que Castilho fa\u00e7a a ades\u00e3o ao programa <strong>Muralha Paulista<\/strong>, do Governo do Estado de S\u00e3o Paulo.<\/p>\n\n\n\n<p class=\"wp-block-paragraph\">A reportagem do Roni Paparazzi apurou que a proposta foi apresentada na \u00faltima sess\u00e3o legislativa de agosto pelos vereadores <strong>Daniel Batista de Oliveira, Val\u00e9ria Benedito F\u00e1vero e pelo presidente da C\u00e2mara, Jo\u00e3o Paulo Ara\u00fajo<\/strong>.<\/p>\n\n\n\n<p class=\"wp-block-paragraph\">Agora, a decis\u00e3o sobre avan\u00e7ar nas provid\u00eancias necess\u00e1rias para a ades\u00e3o passa pelo Executivo.<\/p>\n\n\n\n<h2 class=\"wp-block-heading\">Reuni\u00e3o com a PM antecedeu indica\u00e7\u00e3o<\/h2>\n\n\n\n<p class=\"wp-block-paragraph\">A discuss\u00e3o sobre seguran\u00e7a p\u00fablica havia ganhado for\u00e7a na semana anterior, quando o comandante do 28\u00ba BPM\/I esteve na C\u00e2mara de Castilho.<\/p>\n\n\n\n<p class=\"wp-block-paragraph\">Durante o encontro, vereadores e representantes da Pol\u00edcia Militar discutiram alternativas para ampliar a utiliza\u00e7\u00e3o da tecnologia no enfrentamento \u00e0 criminalidade.<\/p>\n\n\n\n<p class=\"wp-block-paragraph\">Uma semana depois, parte dessa discuss\u00e3o chegou oficialmente ao plen\u00e1rio na forma da indica\u00e7\u00e3o para ades\u00e3o ao Muralha Paulista.<\/p>\n\n\n\n<p class=\"wp-block-paragraph\">O programa \u00e9 gerenciado pela Secretaria da Seguran\u00e7a P\u00fablica do Estado e foi criado para integrar sistemas de monitoramento e informa\u00e7\u00f5es utilizadas pelas for\u00e7as policiais.<\/p>\n\n\n\n<h2 class=\"wp-block-heading\">O que mudaria para Castilho?<\/h2>\n\n\n\n<p class=\"wp-block-paragraph\">A ades\u00e3o permitiria integrar estruturas compat\u00edveis de monitoramento do munic\u00edpio \u00e0 plataforma estadual.<\/p>\n\n\n\n<p class=\"wp-block-paragraph\">Segundo a Secretaria da Seguran\u00e7a P\u00fablica, o Muralha Paulista permite a integra\u00e7\u00e3o de c\u00e2meras municipais ao banco de dados estadual, identifica\u00e7\u00e3o de ve\u00edculos suspeitos ou roubados, gera\u00e7\u00e3o de alertas em tempo real e compartilhamento de informa\u00e7\u00f5es entre as for\u00e7as de seguran\u00e7a.<\/p>\n\n\n\n<p class=\"wp-block-paragraph\">O sistema trabalha com diferentes tecnologias, incluindo leitores autom\u00e1ticos de placas, equipamentos de reconhecimento facial e c\u00e2meras de monitoramento.<\/p>\n\n\n\n<p class=\"wp-block-paragraph\">Quando informa\u00e7\u00f5es de interesse policial s\u00e3o identificadas pelos sistemas integrados, alertas podem auxiliar as equipes na localiza\u00e7\u00e3o de ve\u00edculos e pessoas procuradas.<\/p>\n\n\n\n<p class=\"wp-block-paragraph\">A rede tamb\u00e9m cruza informa\u00e7\u00f5es com bases oficiais, incluindo o Banco Nacional de Mandados de Pris\u00e3o.<\/p>\n\n\n\n<p class=\"wp-block-paragraph\">Na pr\u00e1tica, uma c\u00e2mera deixa de funcionar apenas como equipamento que grava uma imagem para consulta posterior.<\/p>\n\n\n\n<p class=\"wp-block-paragraph\"><strong>Ela pode passar a integrar uma rede capaz de transformar determinadas imagens e leituras em alertas para as for\u00e7as de seguran\u00e7a.<\/strong><\/p>\n\n\n\n<h2 class=\"wp-block-heading\">Castilho j\u00e1 possui c\u00e2meras<\/h2>\n\n\n\n<p class=\"wp-block-paragraph\">Durante a discuss\u00e3o, o presidente da C\u00e2mara, Jo\u00e3o Paulo Ara\u00fajo, destacou que Castilho j\u00e1 possui um sistema de c\u00e2meras instalado em pontos estrat\u00e9gicos.<\/p>\n\n\n\n<p class=\"wp-block-paragraph\">A exist\u00eancia dessa estrutura poder\u00e1 ser um ponto de partida para a eventual integra\u00e7\u00e3o.<\/p>\n\n\n\n<p class=\"wp-block-paragraph\">Isso, por\u00e9m, abre uma pergunta t\u00e9cnica importante: <strong>quantas das c\u00e2meras existentes atualmente atendem \u00e0s especifica\u00e7\u00f5es necess\u00e1rias para integra\u00e7\u00e3o ao Muralha Paulista?<\/strong><\/p>\n\n\n\n<p class=\"wp-block-paragraph\">A compatibilidade dos equipamentos e eventuais adequa\u00e7\u00f5es necess\u00e1rias ainda precisam ser verificadas.<\/p>\n\n\n\n<p class=\"wp-block-paragraph\">O pr\u00f3prio material da SSP prev\u00ea suporte t\u00e9cnico para implanta\u00e7\u00e3o e manuten\u00e7\u00e3o e apresenta a integra\u00e7\u00e3o tecnol\u00f3gica como uma das frentes de coopera\u00e7\u00e3o entre Estado e munic\u00edpios.<\/p>\n\n\n\n<h2 class=\"wp-block-heading\">Empresas tamb\u00e9m podem participar da rede<\/h2>\n\n\n\n<p class=\"wp-block-paragraph\">Outro caminho levantado durante a discuss\u00e3o veio do vereador Daniel Batista.<\/p>\n\n\n\n<p class=\"wp-block-paragraph\">Segundo ele, diante dos custos de equipamentos com caracter\u00edsticas t\u00e9cnicas adequadas, poderia ser estudada a participa\u00e7\u00e3o do setor privado na amplia\u00e7\u00e3o da estrutura, inclusive por meio de parcerias ou doa\u00e7\u00f5es ao poder p\u00fablico.<\/p>\n\n\n\n<p class=\"wp-block-paragraph\">A possibilidade de participa\u00e7\u00e3o privada encontra precedente no pr\u00f3prio desenho do Muralha Paulista.<\/p>\n\n\n\n<p class=\"wp-block-paragraph\">O Governo do Estado informa que <strong>empresas e cidad\u00e3os tamb\u00e9m podem integrar voluntariamente c\u00e2meras compat\u00edveis ao sistema<\/strong>, ampliando a rede de monitoramento para al\u00e9m dos equipamentos pertencentes ao poder p\u00fablico.<\/p>\n\n\n\n<p class=\"wp-block-paragraph\">Isso n\u00e3o significa, entretanto, que qualquer c\u00e2mera instalada em resid\u00eancia ou estabelecimento esteja automaticamente integrada. Existem requisitos t\u00e9cnicos e procedimentos para participa\u00e7\u00e3o no sistema.<\/p>\n\n\n\n<p class=\"wp-block-paragraph\">Para Castilho, portanto, uma eventual parceria com empresas precisaria ser estruturada observando as exig\u00eancias t\u00e9cnicas e administrativas aplic\u00e1veis.<\/p>\n\n\n\n<h2 class=\"wp-block-heading\">Rede chegou a 604 munic\u00edpios<\/h2>\n\n\n\n<p class=\"wp-block-paragraph\">Dados divulgados pelo Governo do Estado em janeiro mostram a dimens\u00e3o alcan\u00e7ada pelo programa.<\/p>\n\n\n\n<p class=\"wp-block-paragraph\">Naquele momento, o Muralha Paulista reunia <strong>604 dos 645 munic\u00edpios paulistas<\/strong>, equivalente a mais de 90% das cidades do Estado, e aproximadamente <strong>94 mil c\u00e2meras integradas<\/strong>.<\/p>\n\n\n\n<p class=\"wp-block-paragraph\">Entre os equipamentos estavam cerca de 20 mil leitores de placas, 7 mil dispositivos de reconhecimento facial e 66 mil c\u00e2meras destinadas ao monitoramento em tempo real.<\/p>\n\n\n\n<p class=\"wp-block-paragraph\">Existem exemplos recentes de utiliza\u00e7\u00e3o pr\u00e1tica dessa integra\u00e7\u00e3o. Em Franca, por exemplo, um alerta gerado pelo sistema identificou uma pessoa com mandado de pris\u00e3o e auxiliou as for\u00e7as de seguran\u00e7a na localiza\u00e7\u00e3o e pris\u00e3o.<\/p>\n\n\n\n<h2 class=\"wp-block-heading\">Indica\u00e7\u00e3o n\u00e3o significa ades\u00e3o<\/h2>\n\n\n\n<p class=\"wp-block-paragraph\">Apesar da apresenta\u00e7\u00e3o na C\u00e2mara, <strong>Castilho ainda n\u00e3o deve ser tratado como integrante do Muralha Paulista com base apenas na indica\u00e7\u00e3o legislativa<\/strong>.<\/p>\n\n\n\n<p class=\"wp-block-paragraph\">A indica\u00e7\u00e3o \u00e9 uma manifesta\u00e7\u00e3o dos vereadores ao Executivo.<\/p>\n\n\n\n<p class=\"wp-block-paragraph\">O pr\u00f3ximo cap\u00edtulo depende da Prefeitura: ser\u00e1 necess\u00e1rio saber se o munic\u00edpio pretende aderir ao programa, quais procedimentos ser\u00e3o necess\u00e1rios e se as c\u00e2meras atualmente instaladas poder\u00e3o ser aproveitadas.<\/p>\n\n\n\n<p class=\"wp-block-paragraph\">\u00c9 justamente a\u00ed que uma reuni\u00e3o sobre seguran\u00e7a p\u00fablica deixa de ser apenas fotografia institucional e come\u00e7a a produzir uma pauta que pode ser acompanhada pela popula\u00e7\u00e3o.<\/p>\n\n\n\n<p class=\"wp-block-paragraph\"><strong>Uma semana depois da conversa com a Pol\u00edcia Militar, o pedido chegou ao papel. Agora, falta saber se Castilho entrar\u00e1 efetivamente na Muralha Paulista.<\/strong><\/p>\n\n\n\n<h3 class=\"wp-block-heading\"><strong>\ud83d\udea8 ANTES DE VIRAR NOT\u00cdCIA&#8230;<\/strong><\/h3>\n\n\n\n<p class=\"wp-block-paragraph\"><strong>&#8230;ela chega para quem acompanha o Roni Paparazzi <strong>+100 MIL pessoas j\u00e1 fazem parte dessa comunidade.<\/strong>.<\/strong><\/p>\n\n\n\n<p class=\"wp-block-paragraph\">\ud83d\udfe2 <strong><a href=\"https:\/\/whatsapp.com\/channel\/0029VbBs2Ti1yT2AL8fspm46\" data-type=\"link\" data-id=\"https:\/\/whatsapp.com\/channel\/0029VbBs2Ti1yT2AL8fspm46\">Canal Oficial no WhatsApp<\/a><\/strong><\/p>\n\n\n\n<p class=\"wp-block-paragraph\">\ud83d\udcf8 <strong>@ronipaparazzi<\/strong><\/p>\n","protected":false},"excerpt":{"rendered":"<p>Indica\u00e7\u00e3o apresentada na C\u00e2mara solicita que Prefeitura conecte munic\u00edpio ao sistema estadual de intelig\u00eancia; proposta tamb\u00e9m abre discuss\u00e3o sobre participa\u00e7\u00e3o de empresas na expans\u00e3o das c\u00e2meras Uma reuni\u00e3o realizada entre vereadores de Castilho e o comando do 28\u00ba Batalh\u00e3o de Pol\u00edcia Militar do Interior, de Andradina, come\u00e7ou a produzir desdobramentos no Legislativo municipal. Cerca de &hellip;<\/p>\n","protected":false},"author":1,"featured_media":23640,"comment_status":"open","ping_status":"open","sticky":false,"template":"","format":"standard","meta":{"_jetpack_memberships_contains_paid_content":false,"footnotes":"","jetpack_publicize_message":"","jetpack_publicize_feature_enabled":true,"jetpack_social_post_already_shared":true,"jetpack_social_options":{"image_generator_settings":{"template":"highway","default_image_id":0,"enabled":false},"version":2}},"categories":[15,7,4],"tags":[],"class_list":["post-23639","post","type-post","status-publish","format-standard","has-post-thumbnail","hentry","category-castilho","category-politica","category-regiao"],"jetpack_publicize_connections":[],"jetpack_featured_media_url":"https:\/\/i0.wp.com\/www.paparazzinews.com.br\/wp-content\/uploads\/2026\/09\/PMS.jpg?fit=1600%2C900&ssl=1","views":"244","jetpack_likes_enabled":true,"jetpack_sharing_enabled":true,"_links":{"self":[{"href":"https:\/\/www.paparazzinews.com.br\/index.php?rest_route=\/wp\/v2\/posts\/23639","targetHints":{"allow":["GET"]}}],"collection":[{"href":"https:\/\/www.paparazzinews.com.br\/index.php?rest_route=\/wp\/v2\/posts"}],"about":[{"href":"https:\/\/www.paparazzinews.com.br\/index.php?rest_route=\/wp\/v2\/types\/post"}],"author":[{"embeddable":true,"href":"https:\/\/www.paparazzinews.com.br\/index.php?rest_route=\/wp\/v2\/users\/1"}],"replies":[{"embeddable":true,"href":"https:\/\/www.paparazzinews.com.br\/index.php?rest_route=%2Fwp%2Fv2%2Fcomments&post=23639"}],"version-history":[{"count":1,"href":"https:\/\/www.paparazzinews.com.br\/index.php?rest_route=\/wp\/v2\/posts\/23639\/revisions"}],"predecessor-version":[{"id":23641,"href":"https:\/\/www.paparazzinews.com.br\/index.php?rest_route=\/wp\/v2\/posts\/23639\/revisions\/23641"}],"wp:featuredmedia":[{"embeddable":true,"href":"https:\/\/www.paparazzinews.com.br\/index.php?rest_route=\/wp\/v2\/media\/23640"}],"wp:attachment":[{"href":"https:\/\/www.paparazzinews.com.br\/index.php?rest_route=%2Fwp%2Fv2%2Fmedia&parent=23639"}],"wp:term":[{"taxonomy":"category","embeddable":true,"href":"https:\/\/www.paparazzinews.com.br\/index.php?rest_route=%2Fwp%2Fv2%2Fcategories&post=23639"},{"taxonomy":"post_tag","embeddable":true,"href":"https:\/\/www.paparazzinews.com.br\/index.php?rest_route=%2Fwp%2Fv2%2Ftags&post=23639"}],"curies":[{"name":"wp","href":"https:\/\/api.w.org\/{rel}","templated":true}]}}