{"id":23631,"date":"2026-09-01T14:31:01","date_gmt":"2026-09-01T17:31:01","guid":{"rendered":"https:\/\/www.paparazzinews.com.br\/?p=23631"},"modified":"2026-09-01T14:31:06","modified_gmt":"2026-09-01T17:31:06","slug":"atirador-chega-a-pe-abre-fogo-em-bar-e-deixa-um-morto-e-quatro-feridos-em-tres-lagoas","status":"publish","type":"post","link":"https:\/\/www.paparazzinews.com.br\/?p=23631","title":{"rendered":"Atirador chega a p\u00e9, abre fogo em bar e deixa um morto e quatro feridos em Tr\u00eas Lagoas"},"content":{"rendered":"\n<h3 class=\"wp-block-heading\"><em>C\u00e2mera de seguran\u00e7a registrou ataque no Novo Oeste; jovem morreu no local e Pol\u00edcia Civil tenta identificar o autor e esclarecer a motiva\u00e7\u00e3o<\/em><\/h3>\n\n\n\n<p class=\"wp-block-paragraph\">Um ataque a tiros deixou <strong>um jovem morto e outras quatro pessoas feridas<\/strong> na madrugada desta ter\u00e7a-feira, 1\u00ba de setembro, em um bar\/conveni\u00eancia localizado na Rua Elza Umbelina de Souza, na regi\u00e3o do bairro Novo Oeste, em Tr\u00eas Lagoas (MS).<\/p>\n\n\n\n<p class=\"wp-block-paragraph\">A reportagem do Roni Paparazzi apurou que o autor chegou <strong>a p\u00e9<\/strong> ao estabelecimento e efetuou diversos disparos contra as pessoas que estavam no local. Depois do ataque, fugiu e, at\u00e9 as informa\u00e7\u00f5es dispon\u00edveis para esta reportagem, n\u00e3o havia sido localizado.<\/p>\n\n\n\n<p class=\"wp-block-paragraph\">A Pol\u00edcia Militar foi acionada por volta das <strong>3h48<\/strong>. Equipes da For\u00e7a T\u00e1tica e duas equipes do Servi\u00e7o de Atendimento M\u00f3vel de Urg\u00eancia (Samu) foram mobilizadas para atender a ocorr\u00eancia.<\/p>\n\n\n\n<p class=\"wp-block-paragraph\">Um dos atingidos morreu ainda no estabelecimento. A v\u00edtima foi identificada pela imprensa sul-mato-grossense como <strong>Edilson Dyego de Jesus Lima, de 19 anos<\/strong>, tamb\u00e9m citado nas primeiras publica\u00e7\u00f5es como Diego Lima.<\/p>\n\n\n\n<p class=\"wp-block-paragraph\">As outras quatro pessoas baleadas receberam os primeiros atendimentos e foram encaminhadas para atendimento m\u00e9dico. At\u00e9 o momento, n\u00e3o h\u00e1 informa\u00e7\u00e3o consolidada nas fontes consultadas sobre o estado de sa\u00fade de cada uma delas.<\/p>\n\n\n\n<h2 class=\"wp-block-heading\">C\u00e2mera registrou momento do ataque<\/h2>\n\n\n\n<p class=\"wp-block-paragraph\">Uma c\u00e2mera de seguran\u00e7a instalada no estabelecimento registrou a a\u00e7\u00e3o.<\/p>\n\n\n\n<p class=\"wp-block-paragraph\">As imagens mostram pessoas no local, algumas delas pr\u00f3ximas a uma mesa de sinuca, quando o atirador chega j\u00e1 efetuando disparos.<\/p>\n\n\n\n<p class=\"wp-block-paragraph\">Segundo descri\u00e7\u00e3o publicada pelo Campo Grande News, o homem aparece usando uma camisa de mangas longas aparentemente xadrez e cal\u00e7a preta. Depois dos tiros, ele deixa o estabelecimento.<\/p>\n\n\n\n<p class=\"wp-block-paragraph\">A exist\u00eancia das imagens pode se tornar um dos elementos utilizados pela investiga\u00e7\u00e3o para reconstruir a din\u00e2mica do crime e buscar a identifica\u00e7\u00e3o do autor.<\/p>\n\n\n\n<h2 class=\"wp-block-heading\">Pol\u00edcia Civil investiga autoria e motiva\u00e7\u00e3o<\/h2>\n\n\n\n<p class=\"wp-block-paragraph\">Depois do ataque, a Pol\u00edcia Militar isolou e preservou a \u00e1rea para os trabalhos da Pol\u00edcia Civil e da per\u00edcia.<\/p>\n\n\n\n<p class=\"wp-block-paragraph\">Vest\u00edgios foram coletados no estabelecimento e o caso passou a ser investigado para esclarecer <strong>quem realizou os disparos, por que o ataque aconteceu e quais circunst\u00e2ncias antecederam o crime<\/strong>.<\/p>\n\n\n\n<p class=\"wp-block-paragraph\">At\u00e9 esta publica\u00e7\u00e3o, as fontes consultadas n\u00e3o apresentavam confirma\u00e7\u00e3o oficial sobre a motiva\u00e7\u00e3o do ataque nem identifica\u00e7\u00e3o p\u00fablica do atirador.<\/p>\n\n\n\n<p class=\"wp-block-paragraph\">Por isso, qualquer associa\u00e7\u00e3o entre o homic\u00eddio e epis\u00f3dios anteriores envolvendo a v\u00edtima deve ser tratada, neste momento, com cautela.<\/p>\n\n\n\n<h2 class=\"wp-block-heading\">V\u00edtima havia sido presa em fevereiro<\/h2>\n\n\n\n<p class=\"wp-block-paragraph\">Edilson Dyego j\u00e1 havia aparecido em uma ocorr\u00eancia policial registrada em fevereiro deste ano no Condom\u00ednio Tuiui\u00fa, tamb\u00e9m na regi\u00e3o do Novo Oeste.<\/p>\n\n\n\n<p class=\"wp-block-paragraph\">Na ocasi\u00e3o, conforme informa\u00e7\u00f5es divulgadas \u00e0 \u00e9poca e retomadas pela imprensa nesta ter\u00e7a-feira, equipes policiais realizavam dilig\u00eancias relacionadas a den\u00fancias de tr\u00e1fico de drogas e \u00e0 localiza\u00e7\u00e3o de outro homem procurado.<\/p>\n\n\n\n<p class=\"wp-block-paragraph\">Edilson estava no im\u00f3vel abordado e acabou preso no contexto daquela ocorr\u00eancia.<\/p>\n\n\n\n<p class=\"wp-block-paragraph\"><strong>N\u00e3o existe, at\u00e9 o momento, confirma\u00e7\u00e3o das autoridades de que aquele epis\u00f3dio tenha rela\u00e7\u00e3o com o ataque desta ter\u00e7a-feira.<\/strong><\/p>\n\n\n\n<p class=\"wp-block-paragraph\">Esse ponto \u00e9 fundamental.<\/p>\n\n\n\n<p class=\"wp-block-paragraph\">O antecedente integra a trajet\u00f3ria policial anteriormente noticiada da v\u00edtima, mas <strong>n\u00e3o pode ser apresentado como explica\u00e7\u00e3o para sua morte enquanto a investiga\u00e7\u00e3o n\u00e3o estabelecer essa conex\u00e3o<\/strong>.<\/p>\n\n\n\n<h2 class=\"wp-block-heading\">Crime repercute em Mato Grosso do Sul<\/h2>\n\n\n\n<p class=\"wp-block-paragraph\">A gravidade do ataque colocou Tr\u00eas Lagoas nas p\u00e1ginas policiais de diferentes ve\u00edculos de Mato Grosso do Sul durante a manh\u00e3 desta ter\u00e7a-feira.<\/p>\n\n\n\n<p class=\"wp-block-paragraph\">Campo Grande News, Correio do Estado e outros portais estaduais destacaram o homic\u00eddio e os quatro feridos, enquanto ve\u00edculos de Tr\u00eas Lagoas acompanharam desde as primeiras horas a movimenta\u00e7\u00e3o policial e a investiga\u00e7\u00e3o.<\/p>\n\n\n\n<p class=\"wp-block-paragraph\">A repercuss\u00e3o, entretanto, n\u00e3o responde \u00e0s principais perguntas deixadas pelo ataque.<\/p>\n\n\n\n<p class=\"wp-block-paragraph\"><strong>Quem era o homem que chegou caminhando ao estabelecimento?<\/strong><\/p>\n\n\n\n<p class=\"wp-block-paragraph\"><strong>Por que abriu fogo contra aquelas pessoas?<\/strong><\/p>\n\n\n\n<p class=\"wp-block-paragraph\"><strong>Havia um alvo espec\u00edfico?<\/strong><\/p>\n\n\n\n<p class=\"wp-block-paragraph\">Essas respostas agora dependem do avan\u00e7o da investiga\u00e7\u00e3o da Pol\u00edcia Civil.<\/p>\n\n\n\n<p class=\"wp-block-paragraph\">Enquanto isso, uma fam\u00edlia enfrenta a morte de um jovem de 19 anos, outras quatro v\u00edtimas se recuperam dos ferimentos e um atirador ainda precisa ser identificado e localizado.<\/p>\n\n\n\n<p class=\"wp-block-paragraph\"><strong>O v\u00eddeo mostra como o ataque aconteceu. A investiga\u00e7\u00e3o ainda precisa explicar por qu\u00ea.<\/strong><\/p>\n\n\n\n<h3 class=\"wp-block-heading\"><strong>\ud83d\udea8 ANTES DE VIRAR NOT\u00cdCIA&#8230;<\/strong><\/h3>\n\n\n\n<p class=\"wp-block-paragraph\"><strong>&#8230;ela chega para quem acompanha o Roni Paparazzi <strong>+100 MIL pessoas j\u00e1 fazem parte dessa comunidade.<\/strong>.<\/strong><\/p>\n\n\n\n<p class=\"wp-block-paragraph\">\ud83d\udfe2 <strong><a href=\"https:\/\/whatsapp.com\/channel\/0029VbBs2Ti1yT2AL8fspm46\" data-type=\"link\" data-id=\"https:\/\/whatsapp.com\/channel\/0029VbBs2Ti1yT2AL8fspm46\">Canal Oficial no WhatsApp<\/a><\/strong><\/p>\n\n\n\n<p class=\"wp-block-paragraph\">\ud83d\udcf8 <strong>@ronipaparazzi<\/strong><\/p>\n\n\n\n<p class=\"wp-block-paragraph\"><\/p>\n","protected":false},"excerpt":{"rendered":"<p>C\u00e2mera de seguran\u00e7a registrou ataque no Novo Oeste; jovem morreu no local e Pol\u00edcia Civil tenta identificar o autor e esclarecer a motiva\u00e7\u00e3o Um ataque a tiros deixou um jovem morto e outras quatro pessoas feridas na madrugada desta ter\u00e7a-feira, 1\u00ba de setembro, em um bar\/conveni\u00eancia localizado na Rua Elza Umbelina de Souza, na regi\u00e3o &hellip;<\/p>\n","protected":false},"author":1,"featured_media":23637,"comment_status":"open","ping_status":"open","sticky":false,"template":"","format":"standard","meta":{"_jetpack_memberships_contains_paid_content":false,"footnotes":"","jetpack_publicize_message":"","jetpack_publicize_feature_enabled":true,"jetpack_social_post_already_shared":true,"jetpack_social_options":{"image_generator_settings":{"template":"highway","default_image_id":0,"enabled":false},"version":2}},"categories":[3,4],"tags":[],"class_list":["post-23631","post","type-post","status-publish","format-standard","has-post-thumbnail","hentry","category-policial","category-regiao"],"jetpack_publicize_connections":[],"jetpack_featured_media_url":"https:\/\/i0.wp.com\/www.paparazzinews.com.br\/wp-content\/uploads\/2026\/09\/9518cfec-1bbf-4825-8b95-818d964bf7fd-2.png?fit=502%2C152&ssl=1","views":"434","jetpack_likes_enabled":true,"jetpack_sharing_enabled":true,"_links":{"self":[{"href":"https:\/\/www.paparazzinews.com.br\/index.php?rest_route=\/wp\/v2\/posts\/23631","targetHints":{"allow":["GET"]}}],"collection":[{"href":"https:\/\/www.paparazzinews.com.br\/index.php?rest_route=\/wp\/v2\/posts"}],"about":[{"href":"https:\/\/www.paparazzinews.com.br\/index.php?rest_route=\/wp\/v2\/types\/post"}],"author":[{"embeddable":true,"href":"https:\/\/www.paparazzinews.com.br\/index.php?rest_route=\/wp\/v2\/users\/1"}],"replies":[{"embeddable":true,"href":"https:\/\/www.paparazzinews.com.br\/index.php?rest_route=%2Fwp%2Fv2%2Fcomments&post=23631"}],"version-history":[{"count":1,"href":"https:\/\/www.paparazzinews.com.br\/index.php?rest_route=\/wp\/v2\/posts\/23631\/revisions"}],"predecessor-version":[{"id":23638,"href":"https:\/\/www.paparazzinews.com.br\/index.php?rest_route=\/wp\/v2\/posts\/23631\/revisions\/23638"}],"wp:featuredmedia":[{"embeddable":true,"href":"https:\/\/www.paparazzinews.com.br\/index.php?rest_route=\/wp\/v2\/media\/23637"}],"wp:attachment":[{"href":"https:\/\/www.paparazzinews.com.br\/index.php?rest_route=%2Fwp%2Fv2%2Fmedia&parent=23631"}],"wp:term":[{"taxonomy":"category","embeddable":true,"href":"https:\/\/www.paparazzinews.com.br\/index.php?rest_route=%2Fwp%2Fv2%2Fcategories&post=23631"},{"taxonomy":"post_tag","embeddable":true,"href":"https:\/\/www.paparazzinews.com.br\/index.php?rest_route=%2Fwp%2Fv2%2Ftags&post=23631"}],"curies":[{"name":"wp","href":"https:\/\/api.w.org\/{rel}","templated":true}]}}