{"id":23628,"date":"2026-08-31T21:04:53","date_gmt":"2026-09-01T00:04:53","guid":{"rendered":"https:\/\/www.paparazzinews.com.br\/?p=23628"},"modified":"2026-08-31T21:11:56","modified_gmt":"2026-09-01T00:11:56","slug":"um-aniversario-para-manter-o-pai-por-perto-theo-celebra-9-anos-ao-lado-dos-companheiros-do-cabo-leoterio","status":"publish","type":"post","link":"https:\/\/www.paparazzinews.com.br\/?p=23628","title":{"rendered":"Um anivers\u00e1rio para manter o pai por perto: Theo celebra 9 anos ao lado dos companheiros do Cabo Leoterio"},"content":{"rendered":"\n<h3 class=\"wp-block-heading\">Filho de policial militar que morreu v\u00edtima de c\u00e2ncer comemorou anivers\u00e1rio no 28\u00ba BPM\/I, em Andradina, cercado por familiares e integrantes da For\u00e7a T\u00e1tica que conviveram com o pai<\/h3>\n\n\n\n<p class=\"wp-block-paragraph\">O bolo tinha as cores da Pol\u00edcia Militar. A decora\u00e7\u00e3o lembrava a farda. Integrantes da For\u00e7a T\u00e1tica estavam posicionados ao redor do aniversariante. <\/p>\n\n\n\n<p class=\"wp-block-paragraph\">No centro daquela fotografia estava <strong>Theo, de 9 anos<\/strong>. Mas a festa realizada na sexta-feira (28), na \u00e1rea de lazer do <strong>28\u00ba Batalh\u00e3o de Pol\u00edcia Militar do Interior (28\u00ba BPM\/I), em Andradina<\/strong>, carregava uma hist\u00f3ria que come\u00e7ou muito antes daquele anivers\u00e1rio.<\/p>\n\n\n\n<p class=\"wp-block-paragraph\">Theo \u00e9 filho do <strong>Cabo PM Wagner Leoterio<\/strong>, ex-integrante da For\u00e7a T\u00e1tica do batalh\u00e3o, que morreu precocemente no ano passado, v\u00edtima de c\u00e2ncer.<\/p>\n\n\n\n<p class=\"wp-block-paragraph\">Depois da partida do pai, permaneceu para o menino um v\u00ednculo constru\u00eddo desde pequeno com o quartel, os policiais e os companheiros de farda que fizeram parte da trajet\u00f3ria de Leoterio.<\/p>\n\n\n\n<p class=\"wp-block-paragraph\">E foi justamente entre eles que Theo comemorou seus 9 anos.<\/p>\n\n\n\n<h2 class=\"wp-block-heading\">Uma inf\u00e2ncia perto do quartel<\/h2>\n\n\n\n<p class=\"wp-block-paragraph\">A rela\u00e7\u00e3o do menino com a Pol\u00edcia Militar nasceu acompanhando a rotina do pr\u00f3prio pai.<\/p>\n\n\n\n<p class=\"wp-block-paragraph\">Integrante da Companhia de For\u00e7a T\u00e1tica, Cabo Leoterio era conhecido e querido entre os policiais com quem trabalhava.<\/p>\n\n\n\n<p class=\"wp-block-paragraph\">Theo costumava acompanh\u00e1-lo em eventos e em momentos no batalh\u00e3o. Em algumas dessas ocasi\u00f5es, aparecia usando sua pr\u00f3pria farda mirim.<\/p>\n\n\n\n<p class=\"wp-block-paragraph\">A conviv\u00eancia fez com que o filho tamb\u00e9m se tornasse uma presen\u00e7a conhecida entre os policiais do 28\u00ba BPM\/I.<\/p>\n\n\n\n<p class=\"wp-block-paragraph\">A reportagem do Roni Paparazzi apurou que Leoterio construiu sua trajet\u00f3ria profissional na corpora\u00e7\u00e3o e tamb\u00e9m participou de uma miss\u00e3o policial no <strong>Rio Grande do Sul durante o per\u00edodo das enchentes que atingiram o Estado<\/strong>.<\/p>\n\n\n\n<p class=\"wp-block-paragraph\">Sua liga\u00e7\u00e3o com a For\u00e7a T\u00e1tica permanece lembrada pelos companheiros e tamb\u00e9m d\u00e1 nome a uma homenagem realizada pelo batalh\u00e3o por meio da corrida da For\u00e7a T\u00e1tica.<\/p>\n\n\n\n<h2 class=\"wp-block-heading\">A aus\u00eancia do pai n\u00e3o encerrou o v\u00ednculo<\/h2>\n\n\n\n<p class=\"wp-block-paragraph\">Com a morte de Leoterio, Theo perdeu o pai, mas n\u00e3o perdeu a liga\u00e7\u00e3o com as pessoas que fizeram parte da vida dele.<\/p>\n\n\n\n<p class=\"wp-block-paragraph\">O menino continuou visitando o quartel sempre que poss\u00edvel para reencontrar os antigos companheiros de trabalho do policial.<\/p>\n\n\n\n<p class=\"wp-block-paragraph\">Ali encontrou homens que conheciam seu pai n\u00e3o apenas pela farda, mas pela conviv\u00eancia di\u00e1ria, pelas opera\u00e7\u00f5es, pelos momentos de trabalho e pelas hist\u00f3rias constru\u00eddas juntos.<\/p>\n\n\n\n<p class=\"wp-block-paragraph\">Esse v\u00ednculo transformou a comemora\u00e7\u00e3o dos 9 anos em algo diferente de uma festa tem\u00e1tica convencional.<\/p>\n\n\n\n<p class=\"wp-block-paragraph\">A pedido e com apoio da fam\u00edlia, o anivers\u00e1rio ganhou como cen\u00e1rio justamente o ambiente que representa tantas das mem\u00f3rias constru\u00eddas por pai e filho.<\/p>\n\n\n\n<h2 class=\"wp-block-heading\">For\u00e7a T\u00e1tica cercou Theo na fotografia dos 9 anos<\/h2>\n\n\n\n<p class=\"wp-block-paragraph\">A comemora\u00e7\u00e3o reuniu familiares, policiais militares e integrantes do pelot\u00e3o da For\u00e7a T\u00e1tica.<\/p>\n\n\n\n<p class=\"wp-block-paragraph\">O comandante do 28\u00ba BPM\/I, <strong>Tenente-Coronel Isac Nascimento<\/strong>, tamb\u00e9m participou do momento.<\/p>\n\n\n\n<p class=\"wp-block-paragraph\">Em uma das fotografias da comemora\u00e7\u00e3o, Theo aparece diante do bolo enquanto policiais da For\u00e7a T\u00e1tica formam uma linha ao seu redor.<\/p>\n\n\n\n<p class=\"wp-block-paragraph\">A imagem carrega uma aus\u00eancia que n\u00e3o precisa aparecer para ser percebida.<\/p>\n\n\n\n<p class=\"wp-block-paragraph\"><strong>Entre aqueles policiais deveria existir um lugar familiar para Theo: o lugar ocupado durante anos por seu pai.<\/strong><\/p>\n\n\n\n<p class=\"wp-block-paragraph\">Agora, s\u00e3o justamente antigos companheiros de Leoterio que continuam recebendo o menino quando ele retorna ao batalh\u00e3o.<\/p>\n\n\n\n<h2 class=\"wp-block-heading\">Uma homenagem constru\u00edda nos detalhes<\/h2>\n\n\n\n<p class=\"wp-block-paragraph\">A mem\u00f3ria do pai tamb\u00e9m apareceu nos detalhes escolhidos para o anivers\u00e1rio.<\/p>\n\n\n\n<p class=\"wp-block-paragraph\">Al\u00e9m das refer\u00eancias \u00e0 Pol\u00edcia Militar na decora\u00e7\u00e3o e no bolo, Theo esteve junto dos integrantes da unidade que marcou a trajet\u00f3ria profissional de Leoterio.<\/p>\n\n\n\n<p class=\"wp-block-paragraph\">A rela\u00e7\u00e3o entre pai, filho e corpora\u00e7\u00e3o j\u00e1 havia produzido registros anteriores. Theo cresceu conhecendo aquele universo e demonstrando carinho pela profiss\u00e3o exercida pelo pai.<\/p>\n\n\n\n<p class=\"wp-block-paragraph\">Por isso, escolher a Pol\u00edcia Militar como tema para os 9 anos n\u00e3o significou apenas escolher algo de que o menino gosta.<\/p>\n\n\n\n<p class=\"wp-block-paragraph\">Significou voltar a um lugar onde existem pessoas capazes de contar hist\u00f3rias sobre seu pai.<\/p>\n\n\n\n<h2 class=\"wp-block-heading\">Quando os companheiros tamb\u00e9m ajudam a guardar a mem\u00f3ria<\/h2>\n\n\n\n<p class=\"wp-block-paragraph\">A hist\u00f3ria de um policial n\u00e3o permanece apenas em documentos, ocorr\u00eancias ou fotografias.<\/p>\n\n\n\n<p class=\"wp-block-paragraph\">Ela tamb\u00e9m permanece nas pessoas que trabalharam ao seu lado.<\/p>\n\n\n\n<p class=\"wp-block-paragraph\">Para Theo, essa mem\u00f3ria tem uma dimens\u00e3o ainda mais particular.<\/p>\n\n\n\n<p class=\"wp-block-paragraph\">Cada retorno ao 28\u00ba BPM\/I permite que o menino continue pr\u00f3ximo de uma parte da trajet\u00f3ria de Leoterio, mesmo depois de sua morte.<\/p>\n\n\n\n<p class=\"wp-block-paragraph\">A festa terminou.<\/p>\n\n\n\n<p class=\"wp-block-paragraph\">Os bal\u00f5es ser\u00e3o retirados.<br>O bolo acabou.<br>Theo seguir\u00e1 crescendo.<\/p>\n\n\n\n<p class=\"wp-block-paragraph\">Mas existe algo que aqueles nove policiais ao redor dele na fotografia podem continuar oferecendo por muitos anos:<\/p>\n\n\n\n<p class=\"wp-block-paragraph\"><strong>as hist\u00f3rias do homem que, antes de ser Cabo PM Leoterio para a tropa, era simplesmente o pai do Theo.<\/strong><\/p>\n\n\n\n<h3 class=\"wp-block-heading\"><strong>\ud83d\udea8 ANTES DE VIRAR NOT\u00cdCIA&#8230;<\/strong><\/h3>\n\n\n\n<p class=\"wp-block-paragraph\"><strong>&#8230;ela chega para quem acompanha o Roni Paparazzi <strong>+100 MIL pessoas j\u00e1 fazem parte dessa comunidade.<\/strong>.<\/strong><\/p>\n\n\n\n<p class=\"wp-block-paragraph\">\ud83d\udfe2 <strong><a href=\"https:\/\/whatsapp.com\/channel\/0029VbBs2Ti1yT2AL8fspm46\" data-type=\"link\" data-id=\"https:\/\/whatsapp.com\/channel\/0029VbBs2Ti1yT2AL8fspm46\">Canal Oficial no WhatsApp<\/a><\/strong><\/p>\n\n\n\n<p class=\"wp-block-paragraph\">\ud83d\udcf8 <strong>@ronipaparazzi<\/strong><\/p>\n","protected":false},"excerpt":{"rendered":"<p>Filho de policial militar que morreu v\u00edtima de c\u00e2ncer comemorou anivers\u00e1rio no 28\u00ba BPM\/I, em Andradina, cercado por familiares e integrantes da For\u00e7a T\u00e1tica que conviveram com o pai O bolo tinha as cores da Pol\u00edcia Militar. A decora\u00e7\u00e3o lembrava a farda. Integrantes da For\u00e7a T\u00e1tica estavam posicionados ao redor do aniversariante. No centro daquela &hellip;<\/p>\n","protected":false},"author":1,"featured_media":23632,"comment_status":"open","ping_status":"open","sticky":false,"template":"","format":"standard","meta":{"_jetpack_memberships_contains_paid_content":false,"footnotes":"","jetpack_publicize_message":"","jetpack_publicize_feature_enabled":true,"jetpack_social_post_already_shared":true,"jetpack_social_options":{"image_generator_settings":{"template":"highway","default_image_id":0,"enabled":false},"version":2}},"categories":[16,15,6,11,3,4],"tags":[],"class_list":["post-23628","post","type-post","status-publish","format-standard","has-post-thumbnail","hentry","category-andradina","category-castilho","category-entretenimento","category-historias-da-nossa-gente","category-policial","category-regiao"],"jetpack_publicize_connections":[],"jetpack_featured_media_url":"https:\/\/i0.wp.com\/www.paparazzinews.com.br\/wp-content\/uploads\/2026\/08\/FOrca.jpg?fit=1600%2C1200&ssl=1","views":"168","jetpack_likes_enabled":true,"jetpack_sharing_enabled":true,"_links":{"self":[{"href":"https:\/\/www.paparazzinews.com.br\/index.php?rest_route=\/wp\/v2\/posts\/23628","targetHints":{"allow":["GET"]}}],"collection":[{"href":"https:\/\/www.paparazzinews.com.br\/index.php?rest_route=\/wp\/v2\/posts"}],"about":[{"href":"https:\/\/www.paparazzinews.com.br\/index.php?rest_route=\/wp\/v2\/types\/post"}],"author":[{"embeddable":true,"href":"https:\/\/www.paparazzinews.com.br\/index.php?rest_route=\/wp\/v2\/users\/1"}],"replies":[{"embeddable":true,"href":"https:\/\/www.paparazzinews.com.br\/index.php?rest_route=%2Fwp%2Fv2%2Fcomments&post=23628"}],"version-history":[{"count":1,"href":"https:\/\/www.paparazzinews.com.br\/index.php?rest_route=\/wp\/v2\/posts\/23628\/revisions"}],"predecessor-version":[{"id":23630,"href":"https:\/\/www.paparazzinews.com.br\/index.php?rest_route=\/wp\/v2\/posts\/23628\/revisions\/23630"}],"wp:featuredmedia":[{"embeddable":true,"href":"https:\/\/www.paparazzinews.com.br\/index.php?rest_route=\/wp\/v2\/media\/23632"}],"wp:attachment":[{"href":"https:\/\/www.paparazzinews.com.br\/index.php?rest_route=%2Fwp%2Fv2%2Fmedia&parent=23628"}],"wp:term":[{"taxonomy":"category","embeddable":true,"href":"https:\/\/www.paparazzinews.com.br\/index.php?rest_route=%2Fwp%2Fv2%2Fcategories&post=23628"},{"taxonomy":"post_tag","embeddable":true,"href":"https:\/\/www.paparazzinews.com.br\/index.php?rest_route=%2Fwp%2Fv2%2Ftags&post=23628"}],"curies":[{"name":"wp","href":"https:\/\/api.w.org\/{rel}","templated":true}]}}