{"id":23625,"date":"2026-08-31T20:15:05","date_gmt":"2026-08-31T23:15:05","guid":{"rendered":"https:\/\/www.paparazzinews.com.br\/?p=23625"},"modified":"2026-08-31T20:15:09","modified_gmt":"2026-08-31T23:15:09","slug":"fossa-de-bananeira-comeca-a-tratar-esgoto-de-familias-as-margens-do-tiete-em-andradina","status":"publish","type":"post","link":"https:\/\/www.paparazzinews.com.br\/?p=23625","title":{"rendered":"Fossa de bananeira come\u00e7a a tratar esgoto de fam\u00edlias \u00e0s margens do Tiet\u00ea em Andradina"},"content":{"rendered":"\n<h3 class=\"wp-block-heading\">Primeira Bacia de Evapotranspira\u00e7\u00e3o foi implantada em comunidade ribeirinha para atender tr\u00eas fam\u00edlias e poder\u00e1 servir de modelo para novas instala\u00e7\u00f5es<\/h3>\n\n\n\n<p class=\"wp-block-paragraph\">Uma solu\u00e7\u00e3o que re\u00fane <strong>saneamento b\u00e1sico, plantas e reaproveitamento de nutrientes<\/strong> come\u00e7ou a ser experimentada por fam\u00edlias que vivem \u00e0s margens do rio Tiet\u00ea, em Andradina.<\/p>\n\n\n\n<p class=\"wp-block-paragraph\">No \u00faltimo fim de semana, moradores, associados e parceiros participaram da implanta\u00e7\u00e3o da primeira <strong>fossa de bananeira<\/strong>, tamb\u00e9m conhecida como <strong>Bacia de Evapotranspira\u00e7\u00e3o (BET)<\/strong>, na comunidade.<\/p>\n\n\n\n<p class=\"wp-block-paragraph\">A estrutura foi instalada no terreno do associado <strong>Anderson Caetano<\/strong> e foi planejada inicialmente para atender <strong>tr\u00eas fam\u00edlias<\/strong>.<\/p>\n\n\n\n<p class=\"wp-block-paragraph\">A reportagem do Roni Paparazzi apurou que a iniciativa \u00e9 resultado de uma parceria entre a <strong>Associa\u00e7\u00e3o Ribeirinhos Renascer<\/strong>, a Secretaria Municipal de Agricultura de Andradina e a <strong>CTG Brasil<\/strong>, por meio do projeto Fazendo a Diferen\u00e7a.<\/p>\n\n\n\n<p class=\"wp-block-paragraph\">Mais do que instalar uma estrutura, a experi\u00eancia pretende verificar na pr\u00e1tica a utiliza\u00e7\u00e3o de uma alternativa de saneamento ecol\u00f3gico em uma regi\u00e3o onde fam\u00edlias n\u00e3o contam com a estrutura convencional de coleta e tratamento de esgoto.<\/p>\n\n\n\n<h2 class=\"wp-block-heading\">Mas como uma fossa de bananeira funciona?<\/h2>\n\n\n\n<p class=\"wp-block-paragraph\">Apesar do nome curioso, a tecnologia possui uma fun\u00e7\u00e3o bastante espec\u00edfica.<\/p>\n\n\n\n<p class=\"wp-block-paragraph\">A Bacia de Evapotranspira\u00e7\u00e3o \u00e9 destinada ao tratamento do esgoto proveniente <strong>do vaso sanit\u00e1rio<\/strong>, conhecido tecnicamente como \u00e1guas negras.<\/p>\n\n\n\n<p class=\"wp-block-paragraph\">Em vez do lan\u00e7amento inadequado desse material no ambiente, o sistema utiliza uma estrutura composta por diferentes camadas para receber e tratar o efluente.<\/p>\n\n\n\n<p class=\"wp-block-paragraph\">A mat\u00e9ria org\u00e2nica passa por processos de decomposi\u00e7\u00e3o dentro da estrutura, enquanto \u00e1gua e nutrientes s\u00e3o aproveitados pelo sistema de vegeta\u00e7\u00e3o.<\/p>\n\n\n\n<p class=\"wp-block-paragraph\">\u00c9 a\u00ed que entram as plantas, entre elas as bananeiras.<\/p>\n\n\n\n<p class=\"wp-block-paragraph\">As ra\u00edzes aproveitam \u00e1gua e nutrientes e parte da \u00e1gua retorna ao ambiente por meio da <strong>evapotranspira\u00e7\u00e3o<\/strong>, processo que combina a evapora\u00e7\u00e3o e a transpira\u00e7\u00e3o das plantas.<\/p>\n\n\n\n<p class=\"wp-block-paragraph\">Por isso, a vegeta\u00e7\u00e3o n\u00e3o funciona apenas como paisagismo: <strong>faz parte do funcionamento do sistema.<\/strong><\/p>\n\n\n\n<h2 class=\"wp-block-heading\">Alternativa onde a rede convencional n\u00e3o chega<\/h2>\n\n\n\n<p class=\"wp-block-paragraph\">A implanta\u00e7\u00e3o tem uma rela\u00e7\u00e3o direta com a realidade das fam\u00edlias que vivem \u00e0s margens do Tiet\u00ea.<\/p>\n\n\n\n<p class=\"wp-block-paragraph\">Em \u00e1reas rurais e comunidades onde n\u00e3o existe rede convencional de coleta e tratamento de esgoto, encontrar uma destina\u00e7\u00e3o sanitariamente adequada para os efluentes representa um desafio.<\/p>\n\n\n\n<p class=\"wp-block-paragraph\">Solu\u00e7\u00f5es ecol\u00f3gicas descentralizadas podem ser utilizadas como alternativas quando corretamente dimensionadas, implantadas e mantidas.<\/p>\n\n\n\n<p class=\"wp-block-paragraph\">A proposta da experi\u00eancia em Andradina \u00e9 justamente oferecer uma tecnologia de menor custo e que possa ser compreendida e, posteriormente, reproduzida pela pr\u00f3pria comunidade com orienta\u00e7\u00e3o adequada.<\/p>\n\n\n\n<p class=\"wp-block-paragraph\">O sistema tamb\u00e9m busca reduzir o risco de lan\u00e7amento inadequado de esgoto no ambiente, contribuindo para a prote\u00e7\u00e3o do solo e dos recursos h\u00eddricos.<\/p>\n\n\n\n<p class=\"wp-block-paragraph\">Em uma comunidade localizada \u00e0s margens de um dos principais rios do Estado, essa consequ\u00eancia ambiental ganha ainda mais relev\u00e2ncia.<\/p>\n\n\n\n<h2 class=\"wp-block-heading\">Primeira estrutura atender\u00e1 tr\u00eas fam\u00edlias<\/h2>\n\n\n\n<p class=\"wp-block-paragraph\">A BET instalada no terreno de Anderson Caetano foi dimensionada para atender inicialmente tr\u00eas fam\u00edlias.<\/p>\n\n\n\n<p class=\"wp-block-paragraph\">A primeira experi\u00eancia ter\u00e1 tamb\u00e9m a fun\u00e7\u00e3o de demonstrar o funcionamento da tecnologia aos demais moradores.<\/p>\n\n\n\n<p class=\"wp-block-paragraph\">A expectativa \u00e9 que a utiliza\u00e7\u00e3o da estrutura permita acompanhar seus resultados e estimule, posteriormente, novas instala\u00e7\u00f5es em outros terrenos da comunidade.<\/p>\n\n\n\n<p class=\"wp-block-paragraph\">A proposta, portanto, n\u00e3o \u00e9 tratar esta primeira implanta\u00e7\u00e3o como solu\u00e7\u00e3o definitiva para todo o saneamento da regi\u00e3o, mas como <strong>uma experi\u00eancia inicial que poder\u00e1 ser replicada a partir dos resultados observados e das condi\u00e7\u00f5es de cada propriedade<\/strong>.<\/p>\n\n\n\n<h2 class=\"wp-block-heading\">Moradores participam da solu\u00e7\u00e3o<\/h2>\n\n\n\n<p class=\"wp-block-paragraph\">Outro componente da iniciativa est\u00e1 na participa\u00e7\u00e3o da pr\u00f3pria comunidade.<\/p>\n\n\n\n<p class=\"wp-block-paragraph\">O projeto <strong>Fazendo a Diferen\u00e7a<\/strong>, desenvolvido pela CTG Brasil, trabalha com temas relacionados ao acesso \u00e0 \u00e1gua, saneamento ecol\u00f3gico, tratamento de \u00e1guas cinzas, reaproveitamento h\u00eddrico e tecnologias sustent\u00e1veis de baixo custo.<\/p>\n\n\n\n<p class=\"wp-block-paragraph\">As atividades combinam conhecimento te\u00f3rico e aplica\u00e7\u00e3o pr\u00e1tica para que os participantes entendam como as solu\u00e7\u00f5es funcionam e possam adapt\u00e1-las \u00e0s suas realidades.<\/p>\n\n\n\n<p class=\"wp-block-paragraph\">A inten\u00e7\u00e3o \u00e9 que os pr\u00f3prios moradores tamb\u00e9m se tornem multiplicadores do conhecimento adquirido.<\/p>\n\n\n\n<p class=\"wp-block-paragraph\">Outras tecnologias trabalhadas pelo projeto podem contribuir para reaproveitamento de \u00e1gua, irriga\u00e7\u00e3o de hortas e cultivo de \u00e1rvores frut\u00edferas.<\/p>\n\n\n\n<h2 class=\"wp-block-heading\">Experi\u00eancia come\u00e7a \u00e0s margens do Tiet\u00ea<\/h2>\n\n\n\n<p class=\"wp-block-paragraph\">A primeira fossa de bananeira representa, portanto, mais do que uma estrutura instalada em uma propriedade.<\/p>\n\n\n\n<p class=\"wp-block-paragraph\">Ela coloca em pr\u00e1tica uma tentativa de responder a um problema cotidiano de fam\u00edlias que vivem onde a infraestrutura tradicional de saneamento n\u00e3o est\u00e1 dispon\u00edvel.<\/p>\n\n\n\n<p class=\"wp-block-paragraph\">Agora, o funcionamento da primeira experi\u00eancia poder\u00e1 ajudar a indicar o potencial de expans\u00e3o da tecnologia para outras propriedades da comunidade.<\/p>\n\n\n\n<p class=\"wp-block-paragraph\">Se o modelo apresentar os resultados esperados, novas fam\u00edlias poder\u00e3o conhecer e adotar a solu\u00e7\u00e3o com o dimensionamento e a orienta\u00e7\u00e3o necess\u00e1rios.<\/p>\n\n\n\n<p class=\"wp-block-paragraph\"><strong>\u00c0s margens do Tiet\u00ea, tr\u00eas fam\u00edlias come\u00e7am uma experi\u00eancia em que aquilo que antes representava um problema sanit\u00e1rio passa a ser tratado com uma combina\u00e7\u00e3o de engenharia simples, participa\u00e7\u00e3o comunit\u00e1ria e plantas.<\/strong><\/p>\n\n\n\n<h3 class=\"wp-block-heading\"><strong>\ud83d\udea8 ANTES DE VIRAR NOT\u00cdCIA&#8230;<\/strong><\/h3>\n\n\n\n<p class=\"wp-block-paragraph\"><strong>&#8230;ela chega para quem acompanha o Roni Paparazzi <strong>+100 MIL pessoas j\u00e1 fazem parte dessa comunidade.<\/strong>.<\/strong><\/p>\n\n\n\n<p class=\"wp-block-paragraph\">\ud83d\udfe2 <strong><a href=\"https:\/\/whatsapp.com\/channel\/0029VbBs2Ti1yT2AL8fspm46\" data-type=\"link\" data-id=\"https:\/\/whatsapp.com\/channel\/0029VbBs2Ti1yT2AL8fspm46\">Canal Oficial no WhatsApp<\/a><\/strong><\/p>\n\n\n\n<p class=\"wp-block-paragraph\">\ud83d\udcf8 <strong>@ronipaparazzi<\/strong><\/p>\n","protected":false},"excerpt":{"rendered":"<p>Primeira Bacia de Evapotranspira\u00e7\u00e3o foi implantada em comunidade ribeirinha para atender tr\u00eas fam\u00edlias e poder\u00e1 servir de modelo para novas instala\u00e7\u00f5es Uma solu\u00e7\u00e3o que re\u00fane saneamento b\u00e1sico, plantas e reaproveitamento de nutrientes come\u00e7ou a ser experimentada por fam\u00edlias que vivem \u00e0s margens do rio Tiet\u00ea, em Andradina. No \u00faltimo fim de semana, moradores, associados e &hellip;<\/p>\n","protected":false},"author":1,"featured_media":23626,"comment_status":"open","ping_status":"open","sticky":false,"template":"","format":"standard","meta":{"_jetpack_memberships_contains_paid_content":false,"footnotes":"","jetpack_publicize_message":"","jetpack_publicize_feature_enabled":true,"jetpack_social_post_already_shared":true,"jetpack_social_options":{"image_generator_settings":{"template":"highway","default_image_id":0,"enabled":false},"version":2}},"categories":[16,4],"tags":[],"class_list":["post-23625","post","type-post","status-publish","format-standard","has-post-thumbnail","hentry","category-andradina","category-regiao"],"jetpack_publicize_connections":[],"jetpack_featured_media_url":"https:\/\/i0.wp.com\/www.paparazzinews.com.br\/wp-content\/uploads\/2026\/08\/Fossa.jpg?fit=1600%2C1200&ssl=1","views":"174","jetpack_likes_enabled":true,"jetpack_sharing_enabled":true,"_links":{"self":[{"href":"https:\/\/www.paparazzinews.com.br\/index.php?rest_route=\/wp\/v2\/posts\/23625","targetHints":{"allow":["GET"]}}],"collection":[{"href":"https:\/\/www.paparazzinews.com.br\/index.php?rest_route=\/wp\/v2\/posts"}],"about":[{"href":"https:\/\/www.paparazzinews.com.br\/index.php?rest_route=\/wp\/v2\/types\/post"}],"author":[{"embeddable":true,"href":"https:\/\/www.paparazzinews.com.br\/index.php?rest_route=\/wp\/v2\/users\/1"}],"replies":[{"embeddable":true,"href":"https:\/\/www.paparazzinews.com.br\/index.php?rest_route=%2Fwp%2Fv2%2Fcomments&post=23625"}],"version-history":[{"count":1,"href":"https:\/\/www.paparazzinews.com.br\/index.php?rest_route=\/wp\/v2\/posts\/23625\/revisions"}],"predecessor-version":[{"id":23627,"href":"https:\/\/www.paparazzinews.com.br\/index.php?rest_route=\/wp\/v2\/posts\/23625\/revisions\/23627"}],"wp:featuredmedia":[{"embeddable":true,"href":"https:\/\/www.paparazzinews.com.br\/index.php?rest_route=\/wp\/v2\/media\/23626"}],"wp:attachment":[{"href":"https:\/\/www.paparazzinews.com.br\/index.php?rest_route=%2Fwp%2Fv2%2Fmedia&parent=23625"}],"wp:term":[{"taxonomy":"category","embeddable":true,"href":"https:\/\/www.paparazzinews.com.br\/index.php?rest_route=%2Fwp%2Fv2%2Fcategories&post=23625"},{"taxonomy":"post_tag","embeddable":true,"href":"https:\/\/www.paparazzinews.com.br\/index.php?rest_route=%2Fwp%2Fv2%2Ftags&post=23625"}],"curies":[{"name":"wp","href":"https:\/\/api.w.org\/{rel}","templated":true}]}}