{"id":23622,"date":"2026-08-31T20:01:25","date_gmt":"2026-08-31T23:01:25","guid":{"rendered":"https:\/\/www.paparazzinews.com.br\/?p=23622"},"modified":"2026-08-31T20:01:29","modified_gmt":"2026-08-31T23:01:29","slug":"marmita-esquecida-e-lixo-em-veiculos-da-saude-preocupam-transporte-de-pacientes-em-andradina","status":"publish","type":"post","link":"https:\/\/www.paparazzinews.com.br\/?p=23622","title":{"rendered":"Marmita esquecida e lixo em ve\u00edculos da Sa\u00fade preocupam transporte de pacientes em Andradina"},"content":{"rendered":"\n<h3 class=\"wp-block-heading\">Vans, carros e \u00f4nibus retornam de viagens com restos de alimentos, embalagens e bebidas; coordenador pede colabora\u00e7\u00e3o dos passageiros para preservar frota utilizada diariamente<\/h3>\n\n\n\n<p class=\"wp-block-paragraph\">Uma marmita esquecida embaixo do banco de uma van come\u00e7ou a provocar um forte cheiro dentro do ve\u00edculo. Quando o motorista procurou a origem, encontrou o alimento deixado ap\u00f3s uma das viagens realizadas pelo transporte de pacientes da Sa\u00fade de Andradina.<\/p>\n\n\n\n<p class=\"wp-block-paragraph\">O epis\u00f3dio n\u00e3o seria isolado. Segundo o coordenador do transporte de pacientes da Secretaria Municipal de Sa\u00fade, <strong>Rodrigo Gatti<\/strong>, \u00f4nibus, vans e carros utilizados diariamente para levar moradores a consultas, exames e tratamentos fora do munic\u00edpio t\u00eam retornado, em alguns casos, com restos de alimentos, embalagens, garrafas e bebidas deixados pelos pr\u00f3prios passageiros.<\/p>\n\n\n\n<p class=\"wp-block-paragraph\">\u201cSemanas atr\u00e1s tinha um cheiro forte em uma das vans. O motorista foi procurar e viu que era uma marmita deixada por paciente embaixo de um banco\u201d, relatou.<\/p>\n\n\n\n<p class=\"wp-block-paragraph\">A reportagem do Roni Paparazzi apurou que o problema chama aten\u00e7\u00e3o n\u00e3o apenas pela higiene dos ve\u00edculos. A frota \u00e9 utilizada diariamente por pessoas que precisam se deslocar para atendimento m\u00e9dico e parte dela \u00e9 formada por ve\u00edculos novos adquiridos com recursos p\u00fablicos.<\/p>\n\n\n\n<h2 class=\"wp-block-heading\">Motoristas encontram lixo depois das viagens<\/h2>\n\n\n\n<p class=\"wp-block-paragraph\">De acordo com Gatti, durante os deslocamentos alguns passageiros realizam refei\u00e7\u00f5es dentro dos ve\u00edculos, consumindo salgados, past\u00e9is, lanches e refrigerantes.<\/p>\n\n\n\n<p class=\"wp-block-paragraph\">O problema ocorre quando embalagens e restos dos alimentos permanecem no interior dos ve\u00edculos ou quando bebidas s\u00e3o derramadas.<\/p>\n\n\n\n<p class=\"wp-block-paragraph\">Garrafas deixadas nos compartimentos das portas, sacos e embalagens de biscoitos est\u00e3o entre os res\u00edduos encontrados ap\u00f3s as viagens.<\/p>\n\n\n\n<p class=\"wp-block-paragraph\">\u201cInfelizmente as pessoas fazem turismo, comem salgadinhos, past\u00e9is, lanche, derrubam refrigerante e o motorista n\u00e3o pode falar nada porque eles n\u00e3o aceitam\u201d, afirmou o coordenador.<\/p>\n\n\n\n<p class=\"wp-block-paragraph\">A declara\u00e7\u00e3o \u00e9 de Gatti e expressa a avalia\u00e7\u00e3o dele sobre as situa\u00e7\u00f5es enfrentadas durante o transporte.<\/p>\n\n\n\n<p class=\"wp-block-paragraph\">Segundo o coordenador, tamb\u00e9m s\u00e3o observados pequenos danos relacionados ao uso dos ve\u00edculos, que, acumulados ao longo do tempo, contribuem para a deteriora\u00e7\u00e3o da frota.<\/p>\n\n\n\n<h2 class=\"wp-block-heading\">Depois de dirigir, ainda \u00e9 preciso limpar<\/h2>\n\n\n\n<p class=\"wp-block-paragraph\">A situa\u00e7\u00e3o tamb\u00e9m gera uma tarefa adicional para os motoristas.<\/p>\n\n\n\n<p class=\"wp-block-paragraph\">Algumas viagens realizadas pelo transporte da Sa\u00fade percorrem longas dist\u00e2ncias para levar pacientes a servi\u00e7os especializados em outros munic\u00edpios.<\/p>\n\n\n\n<p class=\"wp-block-paragraph\">Quando retornam a Andradina, segundo Gatti, os pr\u00f3prios condutores acabam realizando uma limpeza b\u00e1sica para que o ve\u00edculo possa voltar a transportar pacientes no dia seguinte.<\/p>\n\n\n\n<p class=\"wp-block-paragraph\">\u201cDepois que chegam aqui em Andradina, os motoristas, mesmo ap\u00f3s longas viagens, ainda t\u00eam que ficar varrendo e tentando limpar os ve\u00edculos para o uso no outro dia\u201d, disse.<\/p>\n\n\n\n<p class=\"wp-block-paragraph\">O mesmo problema, de acordo com o coordenador, ocorre tanto nos ve\u00edculos de maior capacidade quanto nos autom\u00f3veis utilizados pelo servi\u00e7o.<\/p>\n\n\n\n<h2 class=\"wp-block-heading\">\u00d4nibus novo custou cerca de R$ 1,5 milh\u00e3o<\/h2>\n\n\n\n<p class=\"wp-block-paragraph\">A preocupa\u00e7\u00e3o com a conserva\u00e7\u00e3o ganha outro peso diante dos investimentos realizados na renova\u00e7\u00e3o da frota.<\/p>\n\n\n\n<p class=\"wp-block-paragraph\">Um dos \u00f4nibus destinados ao transporte de pacientes foi adquirido zero quil\u00f4metro por aproximadamente <strong>R$ 1,5 milh\u00e3o<\/strong>.<\/p>\n\n\n\n<p class=\"wp-block-paragraph\">A aquisi\u00e7\u00e3o ocorreu por meio de parceria que contou com emendas impositivas destinadas pelos vereadores <strong>Edgar Dourado, Andr\u00e9 Lopes, Elo\u00e1 Pessoa e Alan Marcelino<\/strong>.<\/p>\n\n\n\n<p class=\"wp-block-paragraph\">O ve\u00edculo integra uma estrutura utilizada para garantir que moradores de Andradina consigam chegar a consultas, exames e tratamentos que precisam ser realizados fora da cidade.<\/p>\n\n\n\n<p class=\"wp-block-paragraph\">Por isso, conservar a frota significa n\u00e3o apenas manter bancos, pisos e interior dos ve\u00edculos limpos, mas tamb\u00e9m ajudar a preservar um patrim\u00f4nio financiado com recursos p\u00fablicos e utilizado coletivamente.<\/p>\n\n\n\n<h2 class=\"wp-block-heading\">Transporte depende tamb\u00e9m da colabora\u00e7\u00e3o dos passageiros<\/h2>\n\n\n\n<p class=\"wp-block-paragraph\">A higieniza\u00e7\u00e3o peri\u00f3dica dos ve\u00edculos continua sendo necess\u00e1ria independentemente da colabora\u00e7\u00e3o dos usu\u00e1rios. O alerta apresentado pela coordena\u00e7\u00e3o, entretanto, diz respeito aos res\u00edduos produzidos durante as pr\u00f3prias viagens e deixados dentro dos ve\u00edculos.<\/p>\n\n\n\n<p class=\"wp-block-paragraph\">A orienta\u00e7\u00e3o \u00e9 simples: aquilo que o passageiro levar ou consumir durante o deslocamento n\u00e3o deve permanecer no \u00f4nibus, van ou carro ao final da viagem.<\/p>\n\n\n\n<p class=\"wp-block-paragraph\">O cuidado ganha ainda mais import\u00e2ncia porque os ve\u00edculos s\u00e3o compartilhados diariamente por pessoas que j\u00e1 enfrentam uma rotina de consultas, exames e tratamentos fora do munic\u00edpio.<\/p>\n\n\n\n<p class=\"wp-block-paragraph\"><strong>O banco pode ser ocupado por passageiros diferentes a cada viagem. O ve\u00edculo \u00e9 de todos. E o lixo continua sendo responsabilidade de quem o produziu.<\/strong><\/p>\n\n\n\n<h3 class=\"wp-block-heading\"><strong>\ud83d\udea8 ANTES DE VIRAR NOT\u00cdCIA&#8230;<\/strong><\/h3>\n\n\n\n<p class=\"wp-block-paragraph\"><strong>&#8230;ela chega para quem acompanha o Roni Paparazzi <strong>+100 MIL pessoas j\u00e1 fazem parte dessa comunidade.<\/strong>.<\/strong><\/p>\n\n\n\n<p class=\"wp-block-paragraph\">\ud83d\udfe2 <strong><a href=\"https:\/\/whatsapp.com\/channel\/0029VbBs2Ti1yT2AL8fspm46\" data-type=\"link\" data-id=\"https:\/\/whatsapp.com\/channel\/0029VbBs2Ti1yT2AL8fspm46\">Canal Oficial no WhatsApp<\/a><\/strong><\/p>\n\n\n\n<p class=\"wp-block-paragraph\">\ud83d\udcf8 <strong>@ronipaparazzi<\/strong><\/p>\n","protected":false},"excerpt":{"rendered":"<p>Vans, carros e \u00f4nibus retornam de viagens com restos de alimentos, embalagens e bebidas; coordenador pede colabora\u00e7\u00e3o dos passageiros para preservar frota utilizada diariamente Uma marmita esquecida embaixo do banco de uma van come\u00e7ou a provocar um forte cheiro dentro do ve\u00edculo. Quando o motorista procurou a origem, encontrou o alimento deixado ap\u00f3s uma das &hellip;<\/p>\n","protected":false},"author":1,"featured_media":23623,"comment_status":"open","ping_status":"open","sticky":false,"template":"","format":"standard","meta":{"_jetpack_memberships_contains_paid_content":false,"footnotes":"","jetpack_publicize_message":"","jetpack_publicize_feature_enabled":true,"jetpack_social_post_already_shared":true,"jetpack_social_options":{"image_generator_settings":{"template":"highway","default_image_id":0,"enabled":false},"version":2}},"categories":[16,4,14],"tags":[],"class_list":["post-23622","post","type-post","status-publish","format-standard","has-post-thumbnail","hentry","category-andradina","category-regiao","category-rota-da-vida"],"jetpack_publicize_connections":[],"jetpack_featured_media_url":"https:\/\/i0.wp.com\/www.paparazzinews.com.br\/wp-content\/uploads\/2026\/08\/Onibus.jpg?fit=800%2C533&ssl=1","views":"181","jetpack_likes_enabled":true,"jetpack_sharing_enabled":true,"_links":{"self":[{"href":"https:\/\/www.paparazzinews.com.br\/index.php?rest_route=\/wp\/v2\/posts\/23622","targetHints":{"allow":["GET"]}}],"collection":[{"href":"https:\/\/www.paparazzinews.com.br\/index.php?rest_route=\/wp\/v2\/posts"}],"about":[{"href":"https:\/\/www.paparazzinews.com.br\/index.php?rest_route=\/wp\/v2\/types\/post"}],"author":[{"embeddable":true,"href":"https:\/\/www.paparazzinews.com.br\/index.php?rest_route=\/wp\/v2\/users\/1"}],"replies":[{"embeddable":true,"href":"https:\/\/www.paparazzinews.com.br\/index.php?rest_route=%2Fwp%2Fv2%2Fcomments&post=23622"}],"version-history":[{"count":1,"href":"https:\/\/www.paparazzinews.com.br\/index.php?rest_route=\/wp\/v2\/posts\/23622\/revisions"}],"predecessor-version":[{"id":23624,"href":"https:\/\/www.paparazzinews.com.br\/index.php?rest_route=\/wp\/v2\/posts\/23622\/revisions\/23624"}],"wp:featuredmedia":[{"embeddable":true,"href":"https:\/\/www.paparazzinews.com.br\/index.php?rest_route=\/wp\/v2\/media\/23623"}],"wp:attachment":[{"href":"https:\/\/www.paparazzinews.com.br\/index.php?rest_route=%2Fwp%2Fv2%2Fmedia&parent=23622"}],"wp:term":[{"taxonomy":"category","embeddable":true,"href":"https:\/\/www.paparazzinews.com.br\/index.php?rest_route=%2Fwp%2Fv2%2Fcategories&post=23622"},{"taxonomy":"post_tag","embeddable":true,"href":"https:\/\/www.paparazzinews.com.br\/index.php?rest_route=%2Fwp%2Fv2%2Ftags&post=23622"}],"curies":[{"name":"wp","href":"https:\/\/api.w.org\/{rel}","templated":true}]}}