{"id":2362,"date":"2023-03-20T16:07:33","date_gmt":"2023-03-20T19:07:33","guid":{"rendered":"https:\/\/www.paparazzinews.com.br\/?p=2362"},"modified":"2023-03-20T16:07:34","modified_gmt":"2023-03-20T19:07:34","slug":"autismo-e-debatido-entre-educadores-e-profissionais-da-saude-em-castilho","status":"publish","type":"post","link":"https:\/\/www.paparazzinews.com.br\/?p=2362","title":{"rendered":"Autismo \u00e9 debatido entre educadores e profissionais da sa\u00fade em Castilho"},"content":{"rendered":"\n<p>Na noite desta sexta-feira (17) o audit\u00f3rio do CIEC ficou repleto de educadores, pais e profissionais de Sa\u00fade, Assist\u00eancia Social e representantes da sociedade civil para assistirem a palestra proferida pela psic\u00f3loga Patr\u00edcia Mattos, especialista em ABA. A informa\u00e7\u00e3o \u00e9 do Grupo Portal.<\/p>\n\n\n\n<p>O tema \u201cAmor, Respeito e Toler\u00e2ncia &#8211; Ingredientes Fundamentais no Acolhimento a Autistas\u201d foi desenvolvido de maneira \u00edmpar, com um rico conte\u00fado e um derramar de informa\u00e7\u00f5es que inevitavelmente, confrontaram o dia a dia dos pais e familiares que convivem com pessoas autistas com as experi\u00eancias de profissionais especializados nestas necessidades especiais.<\/p>\n\n\n\n<p>O evento \u00e9 o primeiro de uma s\u00e9rie de atividades que ser\u00e3o realizadas pela Secretaria Municipal de Educa\u00e7\u00e3o alusivas ao Dia Mundial de Conscientiza\u00e7\u00e3o do Autismo, comemorado no pr\u00f3ximo dia 02 de abril. Para secret\u00e1ria de Educa\u00e7\u00e3o, Silv\u00e2nia Cintra, a capacita\u00e7\u00e3o \u00e9 de extrema import\u00e2ncia n\u00e3o apenas para os professores, mas tamb\u00e9m para os pais e profissionais de Sa\u00fade e Assist\u00eancia Social:<br>\u201cA inclus\u00e3o das pessoas com necessidades especiais em nossa sociedade ainda est\u00e1 longe de ser considerada ideal. Temos muito a aprender e muito a fazer para que este assunto seja tratado com o devido respeito. Mas Castilho est\u00e1 se mobilizando para agilizar todo este processo e temos recebido total apoio dos pais, professores e principalmente do nosso prefeito Paulo Boaventura, que participa ativamente de nossas propostas de melhorias na Educa\u00e7\u00e3o Municipal\u201d.<\/p>\n\n\n\n<p>Entre as medidas pioneiras adotadas pela Administra\u00e7\u00e3o castilhense, est\u00e3o a cria\u00e7\u00e3o da Sala Multisensorial do CIEC, que re\u00fane profissionais capacitados para acolher as crian\u00e7as e pais da rede municipal de ensino, e avaliar cada caso para propor planos de a\u00e7\u00e3o capazes de facilitar este processo de inclus\u00e3o social.<\/p>\n\n\n\n<p>Outra medida de grande impacto adotada pela Secretaria de Educa\u00e7\u00e3o nesta gest\u00e3o foi a cria\u00e7\u00e3o de uma pasta exclusiva para trabalhar a \u201cEduca\u00e7\u00e3o Especial\u201d, dado maior dinamismo no atendimento dos alunos e capacita\u00e7\u00e3o dos profissionais de Educa\u00e7\u00e3o. A secret\u00e1ria adjunta de Educa\u00e7\u00e3o, Val\u00e9ria Moraes, respons\u00e1vel pela pasta especial, comentou sobre as conquistas da secretaria e seu desenvolvimento:<\/p>\n\n\n\n<p>\u201cEm Castilho, temos atualmente 52 crian\u00e7as com necessidades especiais atendidas pela Secretaria de Educa\u00e7\u00e3o. Al\u00e9m deste n\u00famero recorde na hist\u00f3ria local, tamb\u00e9m \u00e9 a primeira vez que uma professora especialista \u00e9 designada exclusivamente para coordenar as a\u00e7\u00f5es nas escolas, conversar com as crian\u00e7as e tamb\u00e9m com os pais. Estamos nos especializando e os resultados s\u00e3o positivos\u201d.<\/p>\n\n\n\n<p>Para finalizar esta primeira noite das a\u00e7\u00f5es municipais, Patr\u00edcia Mattos sensibilizou o p\u00fablico ao mesclar sua experi\u00eancia profissional nas \u00e1reas de Educa\u00e7\u00e3o e Psicologia, com a de uma m\u00e3e de crian\u00e7a autista. Ao intercalar acontecimentos do seu cotidiano com as viv\u00eancias profissionais, ela demonstrou maestria para tratar sobre os eixos principais de sua palestra, que s\u00e3o justamente o amor, o respeito e a toler\u00e2ncia.<\/p>\n","protected":false},"excerpt":{"rendered":"<p>Na noite desta sexta-feira (17) o audit\u00f3rio do CIEC ficou repleto de educadores, pais e profissionais de Sa\u00fade, Assist\u00eancia Social e representantes da sociedade civil para assistirem a palestra proferida pela psic\u00f3loga Patr\u00edcia Mattos, especialista em ABA. A informa\u00e7\u00e3o \u00e9 do Grupo Portal. O tema \u201cAmor, Respeito e Toler\u00e2ncia &#8211; Ingredientes Fundamentais no Acolhimento a &hellip;<\/p>\n","protected":false},"author":1,"featured_media":2363,"comment_status":"open","ping_status":"open","sticky":false,"template":"","format":"standard","meta":{"_jetpack_memberships_contains_paid_content":false,"footnotes":"","jetpack_publicize_message":"","jetpack_publicize_feature_enabled":true,"jetpack_social_post_already_shared":false,"jetpack_social_options":{"image_generator_settings":{"template":"highway","default_image_id":0,"enabled":false},"version":2}},"categories":[6],"tags":[],"class_list":["post-2362","post","type-post","status-publish","format-standard","has-post-thumbnail","hentry","category-entretenimento"],"jetpack_publicize_connections":[],"jetpack_featured_media_url":"https:\/\/i0.wp.com\/www.paparazzinews.com.br\/wp-content\/uploads\/2023\/03\/52b71fea-7b9f-4536-9498-26234d3268b1-e1679339239699.jpg?fit=1000%2C450&ssl=1","views":"6715","jetpack_likes_enabled":true,"jetpack_sharing_enabled":true,"_links":{"self":[{"href":"https:\/\/www.paparazzinews.com.br\/index.php?rest_route=\/wp\/v2\/posts\/2362","targetHints":{"allow":["GET"]}}],"collection":[{"href":"https:\/\/www.paparazzinews.com.br\/index.php?rest_route=\/wp\/v2\/posts"}],"about":[{"href":"https:\/\/www.paparazzinews.com.br\/index.php?rest_route=\/wp\/v2\/types\/post"}],"author":[{"embeddable":true,"href":"https:\/\/www.paparazzinews.com.br\/index.php?rest_route=\/wp\/v2\/users\/1"}],"replies":[{"embeddable":true,"href":"https:\/\/www.paparazzinews.com.br\/index.php?rest_route=%2Fwp%2Fv2%2Fcomments&post=2362"}],"version-history":[{"count":1,"href":"https:\/\/www.paparazzinews.com.br\/index.php?rest_route=\/wp\/v2\/posts\/2362\/revisions"}],"predecessor-version":[{"id":2364,"href":"https:\/\/www.paparazzinews.com.br\/index.php?rest_route=\/wp\/v2\/posts\/2362\/revisions\/2364"}],"wp:featuredmedia":[{"embeddable":true,"href":"https:\/\/www.paparazzinews.com.br\/index.php?rest_route=\/wp\/v2\/media\/2363"}],"wp:attachment":[{"href":"https:\/\/www.paparazzinews.com.br\/index.php?rest_route=%2Fwp%2Fv2%2Fmedia&parent=2362"}],"wp:term":[{"taxonomy":"category","embeddable":true,"href":"https:\/\/www.paparazzinews.com.br\/index.php?rest_route=%2Fwp%2Fv2%2Fcategories&post=2362"},{"taxonomy":"post_tag","embeddable":true,"href":"https:\/\/www.paparazzinews.com.br\/index.php?rest_route=%2Fwp%2Fv2%2Ftags&post=2362"}],"curies":[{"name":"wp","href":"https:\/\/api.w.org\/{rel}","templated":true}]}}