{"id":23619,"date":"2026-08-31T19:39:37","date_gmt":"2026-08-31T22:39:37","guid":{"rendered":"https:\/\/www.paparazzinews.com.br\/?p=23619"},"modified":"2026-08-31T19:39:41","modified_gmt":"2026-08-31T22:39:41","slug":"tentativa-de-furto-atinge-castramovel-em-andradina-mas-atendimento-aos-animais-e-mantido","status":"publish","type":"post","link":"https:\/\/www.paparazzinews.com.br\/?p=23619","title":{"rendered":"Tentativa de furto atinge Castram\u00f3vel em Andradina, mas atendimento aos animais \u00e9 mantido"},"content":{"rendered":"\n<h3 class=\"wp-block-heading\">Criminosos tentaram acessar ve\u00edculo instalado pr\u00f3ximo \u00e0 UBS da Vila Mineira durante a madrugada; Pol\u00edcia Militar foi acionada e programa\u00e7\u00e3o de castra\u00e7\u00e3o e microchipagem continua normalmente<\/h3>\n\n\n\n<p class=\"wp-block-paragraph\">Uma tentativa de furto foi registrada no <strong>Castram\u00f3vel de Andradina<\/strong> durante a madrugada entre s\u00e1bado (29) e domingo (30), nas proximidades da UBS da Vila Mineira.<\/p>\n\n\n\n<p class=\"wp-block-paragraph\">O ve\u00edculo foi alvo da a\u00e7\u00e3o, mas os envolvidos <strong>n\u00e3o conseguiram acessar o interior do equipamento<\/strong>.<\/p>\n\n\n\n<p class=\"wp-block-paragraph\">A movimenta\u00e7\u00e3o foi percebida e a Pol\u00edcia Militar acionada. O atendimento da ocorr\u00eancia contou com policiais que atuavam pela <strong>Atividade Delegada<\/strong>.<\/p>\n\n\n\n<p class=\"wp-block-paragraph\">A reportagem do Roni Paparazzi apurou que apesar da tentativa de invas\u00e3o, o Castram\u00f3vel permaneceu no local e <strong>a programa\u00e7\u00e3o de atendimento aos animais n\u00e3o foi interrompida<\/strong>.<\/p>\n\n\n\n<h2 class=\"wp-block-heading\">Castra\u00e7\u00f5es continuam na Vila Mineira<\/h2>\n\n\n\n<p class=\"wp-block-paragraph\">Nesta etapa do programa, o Castram\u00f3vel atende moradores das \u00e1reas dos bairros <strong>Piscina, Vila Rica, Vila Mineira e Vila Messias<\/strong>.<\/p>\n\n\n\n<p class=\"wp-block-paragraph\">Os interessados precisam realizar o cadastro com a Agente Comunit\u00e1ria de Sa\u00fade (ACS) respons\u00e1vel pelo bairro ou diretamente na <strong>UBS da Vila Mineira<\/strong>.<\/p>\n\n\n\n<p class=\"wp-block-paragraph\">O atendimento nesta fase \u00e9 exclusivo para moradores das regi\u00f5es contempladas.<\/p>\n\n\n\n<p class=\"wp-block-paragraph\">Al\u00e9m da castra\u00e7\u00e3o, os animais atendidos tamb\u00e9m recebem <strong>microchipagem<\/strong>.<\/p>\n\n\n\n<p class=\"wp-block-paragraph\">O dispositivo permite a identifica\u00e7\u00e3o individual do animal e auxilia em a\u00e7\u00f5es de acompanhamento, prote\u00e7\u00e3o e controle populacional.<\/p>\n\n\n\n<h2 class=\"wp-block-heading\">Servi\u00e7o \u00e9 mantido ap\u00f3s ocorr\u00eancia<\/h2>\n\n\n\n<p class=\"wp-block-paragraph\">O secret\u00e1rio municipal de Agricultura, <strong>Fabr\u00edcio Mazotti<\/strong>, destacou a import\u00e2ncia da continuidade das a\u00e7\u00f5es voltadas \u00e0 prote\u00e7\u00e3o animal.<\/p>\n\n\n\n<p class=\"wp-block-paragraph\">\u201cA castra\u00e7\u00e3o \u00e9 uma ferramenta fundamental para o controle populacional e para a promo\u00e7\u00e3o da sa\u00fade e do bem-estar dos animais. Quando aliada \u00e0 microchipagem, amplia ainda mais a nossa capacidade de identifica\u00e7\u00e3o e acompanhamento\u201d, afirmou.<\/p>\n\n\n\n<p class=\"wp-block-paragraph\">Segundo o secret\u00e1rio, o Departamento de Prote\u00e7\u00e3o Animal trabalha para ampliar o acesso da popula\u00e7\u00e3o aos servi\u00e7os.<\/p>\n\n\n\n<p class=\"wp-block-paragraph\">\u201cO Departamento de Prote\u00e7\u00e3o Animal tem um compromisso permanente com o munic\u00edpio e trabalha para levar essas a\u00e7\u00f5es cada vez mais perto da popula\u00e7\u00e3o, de forma organizada, respons\u00e1vel e cont\u00ednua\u201d, acrescentou.<\/p>\n\n\n\n<p class=\"wp-block-paragraph\">A Prefeitura orienta que a popula\u00e7\u00e3o contribua para a preserva\u00e7\u00e3o dos equipamentos p\u00fablicos e comunique \u00e0s for\u00e7as de seguran\u00e7a qualquer movimenta\u00e7\u00e3o suspeita.<\/p>\n\n\n\n<p class=\"wp-block-paragraph\">O epis\u00f3dio ocorreu justamente durante uma etapa em que o Castram\u00f3vel est\u00e1 descentralizando o atendimento para bairros do munic\u00edpio.<\/p>\n\n\n\n<p class=\"wp-block-paragraph\"><strong>A tentativa de furto n\u00e3o conseguiu parar o servi\u00e7o: o equipamento permanece na Vila Mineira e as castra\u00e7\u00f5es e microchipagens seguem conforme a programa\u00e7\u00e3o.<\/strong><\/p>\n\n\n\n<h3 class=\"wp-block-heading\"><strong>\ud83d\udea8 ANTES DE VIRAR NOT\u00cdCIA&#8230;<\/strong><\/h3>\n\n\n\n<p class=\"wp-block-paragraph\"><strong>&#8230;ela chega para quem acompanha o Roni Paparazzi <strong>+100 MIL pessoas j\u00e1 fazem parte dessa comunidade.<\/strong>.<\/strong><\/p>\n\n\n\n<p class=\"wp-block-paragraph\">\ud83d\udfe2 <strong><a href=\"https:\/\/whatsapp.com\/channel\/0029VbBs2Ti1yT2AL8fspm46\" data-type=\"link\" data-id=\"https:\/\/whatsapp.com\/channel\/0029VbBs2Ti1yT2AL8fspm46\">Canal Oficial no WhatsApp<\/a><\/strong><\/p>\n\n\n\n<p class=\"wp-block-paragraph\">\ud83d\udcf8 <strong>@ronipaparazzi<\/strong><\/p>\n","protected":false},"excerpt":{"rendered":"<p>Criminosos tentaram acessar ve\u00edculo instalado pr\u00f3ximo \u00e0 UBS da Vila Mineira durante a madrugada; Pol\u00edcia Militar foi acionada e programa\u00e7\u00e3o de castra\u00e7\u00e3o e microchipagem continua normalmente Uma tentativa de furto foi registrada no Castram\u00f3vel de Andradina durante a madrugada entre s\u00e1bado (29) e domingo (30), nas proximidades da UBS da Vila Mineira. O ve\u00edculo foi &hellip;<\/p>\n","protected":false},"author":1,"featured_media":23620,"comment_status":"open","ping_status":"open","sticky":false,"template":"","format":"standard","meta":{"_jetpack_memberships_contains_paid_content":false,"footnotes":"","jetpack_publicize_message":"","jetpack_publicize_feature_enabled":true,"jetpack_social_post_already_shared":true,"jetpack_social_options":{"image_generator_settings":{"template":"highway","default_image_id":0,"enabled":false},"version":2}},"categories":[16,3,4],"tags":[],"class_list":["post-23619","post","type-post","status-publish","format-standard","has-post-thumbnail","hentry","category-andradina","category-policial","category-regiao"],"jetpack_publicize_connections":[],"jetpack_featured_media_url":"https:\/\/i0.wp.com\/www.paparazzinews.com.br\/wp-content\/uploads\/2026\/08\/Castra.jpg?fit=960%2C1280&ssl=1","views":"134","jetpack_likes_enabled":true,"jetpack_sharing_enabled":true,"_links":{"self":[{"href":"https:\/\/www.paparazzinews.com.br\/index.php?rest_route=\/wp\/v2\/posts\/23619","targetHints":{"allow":["GET"]}}],"collection":[{"href":"https:\/\/www.paparazzinews.com.br\/index.php?rest_route=\/wp\/v2\/posts"}],"about":[{"href":"https:\/\/www.paparazzinews.com.br\/index.php?rest_route=\/wp\/v2\/types\/post"}],"author":[{"embeddable":true,"href":"https:\/\/www.paparazzinews.com.br\/index.php?rest_route=\/wp\/v2\/users\/1"}],"replies":[{"embeddable":true,"href":"https:\/\/www.paparazzinews.com.br\/index.php?rest_route=%2Fwp%2Fv2%2Fcomments&post=23619"}],"version-history":[{"count":1,"href":"https:\/\/www.paparazzinews.com.br\/index.php?rest_route=\/wp\/v2\/posts\/23619\/revisions"}],"predecessor-version":[{"id":23621,"href":"https:\/\/www.paparazzinews.com.br\/index.php?rest_route=\/wp\/v2\/posts\/23619\/revisions\/23621"}],"wp:featuredmedia":[{"embeddable":true,"href":"https:\/\/www.paparazzinews.com.br\/index.php?rest_route=\/wp\/v2\/media\/23620"}],"wp:attachment":[{"href":"https:\/\/www.paparazzinews.com.br\/index.php?rest_route=%2Fwp%2Fv2%2Fmedia&parent=23619"}],"wp:term":[{"taxonomy":"category","embeddable":true,"href":"https:\/\/www.paparazzinews.com.br\/index.php?rest_route=%2Fwp%2Fv2%2Fcategories&post=23619"},{"taxonomy":"post_tag","embeddable":true,"href":"https:\/\/www.paparazzinews.com.br\/index.php?rest_route=%2Fwp%2Fv2%2Ftags&post=23619"}],"curies":[{"name":"wp","href":"https:\/\/api.w.org\/{rel}","templated":true}]}}