{"id":23616,"date":"2026-08-31T19:18:27","date_gmt":"2026-08-31T22:18:27","guid":{"rendered":"https:\/\/www.paparazzinews.com.br\/?p=23616"},"modified":"2026-08-31T19:18:30","modified_gmt":"2026-08-31T22:18:30","slug":"otavio-gomes-lanca-candidatura-a-deputado-federal-em-ilha-solteira-e-apresenta-prioridades-para-a-regiao","status":"publish","type":"post","link":"https:\/\/www.paparazzinews.com.br\/?p=23616","title":{"rendered":"Ot\u00e1vio Gomes lan\u00e7a candidatura a deputado federal em Ilha Solteira e apresenta prioridades para a regi\u00e3o"},"content":{"rendered":"\n<h3 class=\"wp-block-heading\">Ex-prefeito reuniu apoiadores e lideran\u00e7as pol\u00edticas neste s\u00e1bado (29) e apontou Sa\u00fade, Educa\u00e7\u00e3o, gera\u00e7\u00e3o de empregos e fortalecimento do agroneg\u00f3cio entre as bandeiras da campanha<\/h3>\n\n\n\n<p class=\"wp-block-paragraph\">O ex-prefeito de Ilha Solteira <strong>Ot\u00e1vio Gomes (PSD)<\/strong> lan\u00e7ou oficialmente sua candidatura a deputado federal no munic\u00edpio na noite deste s\u00e1bado (29). O encontro foi realizado na Associa\u00e7\u00e3o dos Servidores da Unesp de Ilha Solteira (Asuis) e reuniu apoiadores, lideran\u00e7as pol\u00edticas e representantes de cidades da regi\u00e3o.<\/p>\n\n\n\n<p class=\"wp-block-paragraph\">Durante o evento, Ot\u00e1vio apresentou algumas das pautas que pretende defender caso seja eleito para a C\u00e2mara dos Deputados e colocou a busca por maior representa\u00e7\u00e3o pol\u00edtica do Noroeste Paulista em Bras\u00edlia como um dos principais discursos de sua campanha.<\/p>\n\n\n\n<p class=\"wp-block-paragraph\">\u201cS\u00f3 tenho que agradecer pela receptividade e pelo carinho da nossa popula\u00e7\u00e3o. Todos sabem que assumo compromissos e n\u00e3o fa\u00e7o promessas. Fui prefeito duas vezes de Ilha Solteira, sendo o primeiro reeleito da hist\u00f3ria do munic\u00edpio, e agora sendo eleito deputado federal vou trabalhar ainda mais pela cidade e por toda a nossa regi\u00e3o\u201d, declarou.<\/p>\n\n\n\n<h2 class=\"wp-block-heading\">Apoios pol\u00edticos<\/h2>\n\n\n\n<p class=\"wp-block-paragraph\">Participaram presencialmente do lan\u00e7amento os candidatos a deputado estadual <strong>Danilo Campetti e Dilador Borges<\/strong>, al\u00e9m da vereadora de Andradina <strong>Elaine Vogel<\/strong> e de autoridades de Ilha Solteira e da regi\u00e3o.<\/p>\n\n\n\n<p class=\"wp-block-paragraph\">Outros nomes n\u00e3o estiveram no evento, mas tiveram mensagens de apoio exibidas em v\u00eddeo, segundo a organiza\u00e7\u00e3o.<\/p>\n\n\n\n<p class=\"wp-block-paragraph\">Entre eles estavam o candidato ao Senado <strong>Guilherme Derrite<\/strong>, <strong>Itamar Borges<\/strong>, candidato a deputado federal, o ex-deputado federal <strong>Vad\u00e3o Gomes<\/strong> e o ex-prefeito de Ilha Solteira <strong>Dilson C\u00e9sar<\/strong>.<\/p>\n\n\n\n<p class=\"wp-block-paragraph\">A presen\u00e7a de diferentes lideran\u00e7as faz parte da articula\u00e7\u00e3o regional constru\u00edda em torno da candidatura de Ot\u00e1vio.<\/p>\n\n\n\n<h2 class=\"wp-block-heading\">Candidato defende maior representa\u00e7\u00e3o do Noroeste Paulista<\/h2>\n\n\n\n<p class=\"wp-block-paragraph\">Em seu discurso, Ot\u00e1vio afirmou que pretende trabalhar para ampliar a representa\u00e7\u00e3o pol\u00edtica da regi\u00e3o em Bras\u00edlia.<\/p>\n\n\n\n<p class=\"wp-block-paragraph\">Ele citou o tio, Vad\u00e3o Gomes, que exerceu cinco mandatos como deputado federal e posteriormente deixou a vida p\u00fablica, ao defender que o Noroeste Paulista volte a contar com uma representa\u00e7\u00e3o ligada diretamente \u00e0 regi\u00e3o.<\/p>\n\n\n\n<p class=\"wp-block-paragraph\">Entre as prioridades apresentadas pelo candidato est\u00e3o <strong>Sa\u00fade, Educa\u00e7\u00e3o, gera\u00e7\u00e3o de emprego e renda, agroneg\u00f3cio e agricultura familiar<\/strong>.<\/p>\n\n\n\n<p class=\"wp-block-paragraph\">\u201cVou buscar recursos e fortalecer as pol\u00edticas p\u00fablicas, principalmente nas \u00e1reas da Sa\u00fade, Educa\u00e7\u00e3o e gera\u00e7\u00e3o de emprego e renda. \u00c9 preciso trazer mais incentivos para o nosso agro. A agricultura familiar \u00e9 muito importante para a nossa economia e merece mais aten\u00e7\u00e3o e apoio\u201d, afirmou.<\/p>\n\n\n\n<p class=\"wp-block-paragraph\">Ot\u00e1vio tamb\u00e9m disse que, caso seja eleito, pretende destinar recursos para Santas Casas e hospitais municipais por meio da atua\u00e7\u00e3o parlamentar.<\/p>\n\n\n\n<p class=\"wp-block-paragraph\">A libera\u00e7\u00e3o de emendas e demais recursos, entretanto, depende dos mecanismos or\u00e7ament\u00e1rios e administrativos previstos para cada modalidade, n\u00e3o sendo uma decis\u00e3o exclusiva do parlamentar.<\/p>\n\n\n\n<h2 class=\"wp-block-heading\">Ilha Solteira \u00e9 segundo lan\u00e7amento da candidatura<\/h2>\n\n\n\n<p class=\"wp-block-paragraph\">O evento deste s\u00e1bado foi precedido por outro lan\u00e7amento realizado em <strong>22 de agosto<\/strong>, em Estrela d\u2019Oeste.<\/p>\n\n\n\n<p class=\"wp-block-paragraph\">O encontro ocorreu no Casar\u00e3o e, segundo a organiza\u00e7\u00e3o, reuniu aproximadamente 500 pessoas entre lideran\u00e7as, pol\u00edticos e apoiadores de diferentes munic\u00edpios do Noroeste Paulista.<\/p>\n\n\n\n<p class=\"wp-block-paragraph\">Estiveram presentes nomes como Guilherme Derrite, Itamar Borges, Carl\u00e3o Pignatari e o prefeito de Estrela d\u2019Oeste, Pedroca Senzi.<\/p>\n\n\n\n<p class=\"wp-block-paragraph\">Dilador Borges e Danilo Campetti tamb\u00e9m participaram daquela agenda e manifestaram apoio \u00e0 candidatura.<\/p>\n\n\n\n<p class=\"wp-block-paragraph\">Com os eventos em Estrela d\u2019Oeste e Ilha Solteira, Ot\u00e1vio busca ampliar sua presen\u00e7a eleitoral em diferentes munic\u00edpios da regi\u00e3o durante a campanha.<\/p>\n\n\n\n<h2 class=\"wp-block-heading\">\u201cCaipira raiz\u201d<\/h2>\n\n\n\n<p class=\"wp-block-paragraph\">Ao falar sobre o interior paulista, Ot\u00e1vio utilizou uma express\u00e3o de identidade regional para defender maior aten\u00e7\u00e3o pol\u00edtica aos munic\u00edpios fora dos grandes centros.<\/p>\n\n\n\n<p class=\"wp-block-paragraph\">\u201cTem quem diga que somos caipiras. Mas quem gera riquezas e produz alimentos n\u00e3o s\u00f3 para o Estado de S\u00e3o Paulo e sim para todo o Brasil? \u00c9 o nosso interior que \u00e9 gigante em gente trabalhadora, em criatividade e diversifica\u00e7\u00e3o de produtos, seja no campo ou nas cidades\u201d, declarou.<\/p>\n\n\n\n<p class=\"wp-block-paragraph\">Na sequ\u00eancia, acrescentou:<\/p>\n\n\n\n<p class=\"wp-block-paragraph\">\u201cE se ser caipira \u00e9 ter orgulho de sua terra, eu sou caipira raiz, com um amor imenso por essa regi\u00e3o e por sua gente.\u201d<\/p>\n\n\n\n<p class=\"wp-block-paragraph\">A express\u00e3o resume uma das linhas que o candidato pretende explorar durante a disputa: associar sua candidatura \u00e0 representa\u00e7\u00e3o pol\u00edtica do interior e, especialmente, do Noroeste Paulista.<\/p>\n\n\n\n<p class=\"wp-block-paragraph\">Ot\u00e1vio tamb\u00e9m afirmou que tem recebido novos apoios durante as agendas eleitorais e disse estar otimista com o andamento da campanha.<\/p>\n\n\n\n<p class=\"wp-block-paragraph\">O lan\u00e7amento em Ilha Solteira marca, portanto, mais uma etapa da tentativa do ex-prefeito de transformar sua trajet\u00f3ria pol\u00edtica municipal em uma candidatura de alcance regional.<\/p>\n\n\n\n<p class=\"wp-block-paragraph\"><strong>Das duas passagens pela Prefeitura de Ilha Solteira \u00e0 disputa por uma cadeira em Bras\u00edlia, Ot\u00e1vio Gomes agora tenta convencer o eleitor de que o Noroeste Paulista precisa voltar a ter uma voz diretamente ligada \u00e0 regi\u00e3o na C\u00e2mara dos Deputados.<\/strong><\/p>\n\n\n\n<h3 class=\"wp-block-heading\"><strong>\ud83d\udea8 ANTES DE VIRAR NOT\u00cdCIA&#8230;<\/strong><\/h3>\n\n\n\n<p class=\"wp-block-paragraph\"><strong>&#8230;ela chega para quem acompanha o Roni Paparazzi <strong>+100 MIL pessoas j\u00e1 fazem parte dessa comunidade.<\/strong>.<\/strong><\/p>\n\n\n\n<p class=\"wp-block-paragraph\">\ud83d\udfe2 <strong><a href=\"https:\/\/whatsapp.com\/channel\/0029VbBs2Ti1yT2AL8fspm46\" data-type=\"link\" data-id=\"https:\/\/whatsapp.com\/channel\/0029VbBs2Ti1yT2AL8fspm46\">Canal Oficial no WhatsApp<\/a><\/strong><\/p>\n\n\n\n<p class=\"wp-block-paragraph\">\ud83d\udcf8 <strong>@ronipaparazzi<\/strong><\/p>\n","protected":false},"excerpt":{"rendered":"<p>Ex-prefeito reuniu apoiadores e lideran\u00e7as pol\u00edticas neste s\u00e1bado (29) e apontou Sa\u00fade, Educa\u00e7\u00e3o, gera\u00e7\u00e3o de empregos e fortalecimento do agroneg\u00f3cio entre as bandeiras da campanha O ex-prefeito de Ilha Solteira Ot\u00e1vio Gomes (PSD) lan\u00e7ou oficialmente sua candidatura a deputado federal no munic\u00edpio na noite deste s\u00e1bado (29). O encontro foi realizado na Associa\u00e7\u00e3o dos Servidores &hellip;<\/p>\n","protected":false},"author":1,"featured_media":23617,"comment_status":"open","ping_status":"open","sticky":false,"template":"","format":"standard","meta":{"_jetpack_memberships_contains_paid_content":false,"footnotes":"","jetpack_publicize_message":"","jetpack_publicize_feature_enabled":true,"jetpack_social_post_already_shared":true,"jetpack_social_options":{"image_generator_settings":{"template":"highway","default_image_id":0,"enabled":false},"version":2}},"categories":[7,4],"tags":[],"class_list":["post-23616","post","type-post","status-publish","format-standard","has-post-thumbnail","hentry","category-politica","category-regiao"],"jetpack_publicize_connections":[],"jetpack_featured_media_url":"https:\/\/i0.wp.com\/www.paparazzinews.com.br\/wp-content\/uploads\/2026\/08\/Otavio-Ilha.jpg?fit=1600%2C1066&ssl=1","views":"149","jetpack_likes_enabled":true,"jetpack_sharing_enabled":true,"_links":{"self":[{"href":"https:\/\/www.paparazzinews.com.br\/index.php?rest_route=\/wp\/v2\/posts\/23616","targetHints":{"allow":["GET"]}}],"collection":[{"href":"https:\/\/www.paparazzinews.com.br\/index.php?rest_route=\/wp\/v2\/posts"}],"about":[{"href":"https:\/\/www.paparazzinews.com.br\/index.php?rest_route=\/wp\/v2\/types\/post"}],"author":[{"embeddable":true,"href":"https:\/\/www.paparazzinews.com.br\/index.php?rest_route=\/wp\/v2\/users\/1"}],"replies":[{"embeddable":true,"href":"https:\/\/www.paparazzinews.com.br\/index.php?rest_route=%2Fwp%2Fv2%2Fcomments&post=23616"}],"version-history":[{"count":1,"href":"https:\/\/www.paparazzinews.com.br\/index.php?rest_route=\/wp\/v2\/posts\/23616\/revisions"}],"predecessor-version":[{"id":23618,"href":"https:\/\/www.paparazzinews.com.br\/index.php?rest_route=\/wp\/v2\/posts\/23616\/revisions\/23618"}],"wp:featuredmedia":[{"embeddable":true,"href":"https:\/\/www.paparazzinews.com.br\/index.php?rest_route=\/wp\/v2\/media\/23617"}],"wp:attachment":[{"href":"https:\/\/www.paparazzinews.com.br\/index.php?rest_route=%2Fwp%2Fv2%2Fmedia&parent=23616"}],"wp:term":[{"taxonomy":"category","embeddable":true,"href":"https:\/\/www.paparazzinews.com.br\/index.php?rest_route=%2Fwp%2Fv2%2Fcategories&post=23616"},{"taxonomy":"post_tag","embeddable":true,"href":"https:\/\/www.paparazzinews.com.br\/index.php?rest_route=%2Fwp%2Fv2%2Ftags&post=23616"}],"curies":[{"name":"wp","href":"https:\/\/api.w.org\/{rel}","templated":true}]}}