{"id":23613,"date":"2026-08-31T18:06:18","date_gmt":"2026-08-31T21:06:18","guid":{"rendered":"https:\/\/www.paparazzinews.com.br\/?p=23613"},"modified":"2026-08-31T18:06:23","modified_gmt":"2026-08-31T21:06:23","slug":"de-20-homens-em-1949-a-primeira-mulher-no-comando-guarda-municipal-de-aracatuba-completa-77-anos","status":"publish","type":"post","link":"https:\/\/www.paparazzinews.com.br\/?p=23613","title":{"rendered":"De 20 homens em 1949 \u00e0 primeira mulher no comando: Guarda Municipal de Ara\u00e7atuba completa 77 anos"},"content":{"rendered":"\n<p class=\"wp-block-paragraph\"><strong>Criada em 1949 com 20 homens, corpora\u00e7\u00e3o chega aos 77 anos com 220 integrantes, novas estruturas, atua\u00e7\u00e3o especializada e um marco in\u00e9dito em sua hist\u00f3ria<\/strong><\/p>\n\n\n\n<p class=\"wp-block-paragraph\"><strong>Vinte homens, rondas a p\u00e9 e a cavalo e uma Ara\u00e7atuba que ainda come\u00e7ava a crescer.<\/strong> Foi assim que, em uma manh\u00e3 de agosto de 1949, come\u00e7ou a hist\u00f3ria da Pol\u00edcia Municipal de Ara\u00e7atuba. Grande parte daqueles primeiros integrantes vinha da antiga Guarda Noturna e assumiu a miss\u00e3o de proteger uma cidade muito diferente daquela que existe hoje.<\/p>\n\n\n\n<p class=\"wp-block-paragraph\">Setenta e sete anos depois, as antigas fotografias ajudam a dimensionar uma transforma\u00e7\u00e3o que foi muito al\u00e9m dos uniformes. A atual Guarda Civil Municipal de Ara\u00e7atuba conta com <strong>220 integrantes, sendo 188 homens e 32 mulheres<\/strong>, e atua em uma estrutura que re\u00fane patrulhamento ostensivo, ronda escolar, prote\u00e7\u00e3o ambiental, apoio ao tr\u00e2nsito e grupamentos especializados.<\/p>\n\n\n\n<p class=\"wp-block-paragraph\">Ao mesmo tempo em que ampliou sua presen\u00e7a nas ruas, a corpora\u00e7\u00e3o tamb\u00e9m passou a assumir responsabilidades diante de uma realidade de seguran\u00e7a p\u00fablica cada vez mais complexa.<\/p>\n\n\n\n<h2 class=\"wp-block-heading\">Dos primeiros 20 a uma Guarda com 220 integrantes<\/h2>\n\n\n\n<p class=\"wp-block-paragraph\">Quando surgiu, a principal atua\u00e7\u00e3o da corpora\u00e7\u00e3o estava ligada \u00e0 prote\u00e7\u00e3o do patrim\u00f4nio p\u00fablico e \u00e0s rondas municipais. Com o passar das d\u00e9cadas, novas necessidades apareceram e as atribui\u00e7\u00f5es acompanharam as transforma\u00e7\u00f5es da pr\u00f3pria cidade.<\/p>\n\n\n\n<p class=\"wp-block-paragraph\">Atualmente, equipes da Guarda atendem ocorr\u00eancias envolvendo crimes ambientais, viol\u00eancia dom\u00e9stica, crimes contra animais, sa\u00fade p\u00fablica, furtos e roubos, al\u00e9m de prestarem apoio a outros \u00f3rg\u00e3os municipais.<\/p>\n\n\n\n<p class=\"wp-block-paragraph\">A municipaliza\u00e7\u00e3o do tr\u00e2nsito tamb\u00e9m representou uma mudan\u00e7a importante nessa trajet\u00f3ria. Quem acompanhou boa parte desse processo foi o guarda de Segunda Classe <strong>Cl\u00e1udio Fernandes da Silva<\/strong>, que ingressou na corpora\u00e7\u00e3o em outubro de 1994 e est\u00e1 h\u00e1 quase 32 anos na institui\u00e7\u00e3o.<\/p>\n\n\n\n<p class=\"wp-block-paragraph\">\u201cA evolu\u00e7\u00e3o da nossa Guarda foi enorme. Vivi o bastante para ver, nos dias de hoje, a Guarda desempenhando um excelente trabalho na seguran\u00e7a do munic\u00edpio e da popula\u00e7\u00e3o\u201d, afirma.<\/p>\n\n\n\n<p class=\"wp-block-paragraph\">Segundo Cl\u00e1udio, o crescimento das demandas foi acompanhado por investimentos, capacita\u00e7\u00f5es e pela cria\u00e7\u00e3o de novas \u00e1reas de atua\u00e7\u00e3o.<\/p>\n\n\n\n<p class=\"wp-block-paragraph\">Outra gera\u00e7\u00e3o tamb\u00e9m testemunhou mudan\u00e7as significativas. Comandante do Grupamento Especializado de Patrulhamento T\u00e1tico (GEP), <strong>Eduardo de Castro Carvalho<\/strong> ingressou na Guarda em dezembro de 2019. Para ele, os avan\u00e7os recentes aparecem principalmente na estrutura, capacita\u00e7\u00e3o, organiza\u00e7\u00e3o e preparo dos profissionais.<\/p>\n\n\n\n<p class=\"wp-block-paragraph\">\u201cTenho orgulho de fazer parte dessa trajet\u00f3ria e de contribuir para o crescimento e fortalecimento da institui\u00e7\u00e3o\u201d, afirma.<\/p>\n\n\n\n<h2 class=\"wp-block-heading\">77 anos tamb\u00e9m marcam novas estruturas<\/h2>\n\n\n\n<p class=\"wp-block-paragraph\">O anivers\u00e1rio da corpora\u00e7\u00e3o foi acompanhado por outro cap\u00edtulo dessa transforma\u00e7\u00e3o.<\/p>\n\n\n\n<p class=\"wp-block-paragraph\">Em <strong>25 de agosto<\/strong>, quando a Guarda completou 77 anos, a Prefeitura inaugurou tr\u00eas novos endere\u00e7os destinados \u00e0s \u00e1reas de seguran\u00e7a p\u00fablica e mobilidade urbana.<\/p>\n\n\n\n<p class=\"wp-block-paragraph\">A nova sede da Secretaria Municipal de Seguran\u00e7a P\u00fablica est\u00e1 localizada na <strong>Rua Altino Arantes, n\u00ba 49, no bairro Dona Am\u00e9lia<\/strong>.<\/p>\n\n\n\n<p class=\"wp-block-paragraph\">Tamb\u00e9m foram inauguradas as instala\u00e7\u00f5es do <strong>Grupamento Especializado de Patrulhamento T\u00e1tico (GEP)<\/strong>, na Rua Dona Am\u00e9lia, e a nova base da <strong>Secretaria Municipal de Mobilidade Urbana<\/strong>, na Avenida Prestes Maia, n\u00ba 560, no bairro Novo Para\u00edso.<\/p>\n\n\n\n<p class=\"wp-block-paragraph\">Os novos espa\u00e7os acompanham a amplia\u00e7\u00e3o das atribui\u00e7\u00f5es assumidas ao longo das d\u00e9cadas.<\/p>\n\n\n\n<h2 class=\"wp-block-heading\">Mulheres tamb\u00e9m passaram a escrever essa hist\u00f3ria<\/h2>\n\n\n\n<p class=\"wp-block-paragraph\">Se os registros de 1949 mostram uma corpora\u00e7\u00e3o formada inicialmente por homens, as fotografias das d\u00e9cadas seguintes ajudam a contar outra transforma\u00e7\u00e3o.<\/p>\n\n\n\n<p class=\"wp-block-paragraph\">As mulheres chegaram \u00e0 Guarda, constru\u00edram suas carreiras e passaram a ocupar diferentes fun\u00e7\u00f5es dentro da institui\u00e7\u00e3o.<\/p>\n\n\n\n<p class=\"wp-block-paragraph\"><strong>Elis\u00e2ngela Vieira Hon\u00f3rio<\/strong>, Guarda de Primeira Classe e respons\u00e1vel pela Corregedoria, est\u00e1 h\u00e1 24 anos na corpora\u00e7\u00e3o e recorda que essa caminhada tamb\u00e9m exigiu o enfrentamento de barreiras.<\/p>\n\n\n\n<p class=\"wp-block-paragraph\">\u201cSuperamos a desconfian\u00e7a e o preconceito com muito trabalho. Agora temos a chance de fazer diferente com a gera\u00e7\u00e3o que est\u00e1 e a que vir\u00e1\u201d, resume.<\/p>\n\n\n\n<p class=\"wp-block-paragraph\"><strong>Dinor\u00e1 da Silva \u00c9rnica e Sousa<\/strong>, que completa 26 anos de Guarda em novembro, destaca que as diferentes experi\u00eancias vividas durante a carreira contribu\u00edram para seu amadurecimento e para a compreens\u00e3o da responsabilidade de servir \u00e0 popula\u00e7\u00e3o.<\/p>\n\n\n\n<p class=\"wp-block-paragraph\">Com 25 anos e oito meses de corpora\u00e7\u00e3o, <strong>Delv\u00e2nia Aparecida Antonioli de Sousa<\/strong>, atual diretora do Departamento de Vigil\u00e2ncia, tamb\u00e9m acompanhou a amplia\u00e7\u00e3o da presen\u00e7a feminina.<\/p>\n\n\n\n<p class=\"wp-block-paragraph\">\u201cHoje, ocupamos espa\u00e7os que antes eram predominantemente masculinos, mostrando que a capacidade, o preparo e o compromisso s\u00e3o muito mais importantes do que o g\u00eanero\u201d, afirma.<\/p>\n\n\n\n<p class=\"wp-block-paragraph\">J\u00e1 <strong>Ana Carolina Ribeiro Moura Ludovico<\/strong>, Guarda de Segunda Classe com 24 anos de profiss\u00e3o, destaca a contribui\u00e7\u00e3o feminina no atendimento \u00e0 popula\u00e7\u00e3o, especialmente pela capacidade de escuta e aten\u00e7\u00e3o \u00e0s pessoas.<\/p>\n\n\n\n<p class=\"wp-block-paragraph\">D\u00e9cadas depois das primeiras mulheres ingressarem na institui\u00e7\u00e3o, essa trajet\u00f3ria alcan\u00e7aria um posto at\u00e9 ent\u00e3o nunca ocupado por uma delas.<\/p>\n\n\n\n<h2 class=\"wp-block-heading\">Pela primeira vez, uma mulher assume o comando-geral<\/h2>\n\n\n\n<p class=\"wp-block-paragraph\">Em agosto de 2026, um decreto oficializou <strong>Ta\u00edsa Gabriela Alves J\u00e1come dos Santos como a primeira mulher a assumir o comando-geral da Guarda Civil Municipal de Ara\u00e7atuba<\/strong>.<\/p>\n\n\n\n<p class=\"wp-block-paragraph\">O marco chega justamente no ano em que a institui\u00e7\u00e3o completa 77 anos.<\/p>\n\n\n\n<p class=\"wp-block-paragraph\">Ta\u00edsa possui <strong>25 anos de carreira na Guarda<\/strong>, \u00e9 formada em Direito, tem p\u00f3s-gradua\u00e7\u00e3o em Direito Penal e Processo Penal e especializa\u00e7\u00e3o em Seguran\u00e7a P\u00fablica e Gest\u00e3o de Tr\u00e2nsito. Ela tamb\u00e9m exerce a fun\u00e7\u00e3o de chefe de gabinete da Secretaria Municipal de Seguran\u00e7a P\u00fablica.<\/p>\n\n\n\n<p class=\"wp-block-paragraph\">Ao assumir o comando, destacou a responsabilidade de dar continuidade ao processo de valoriza\u00e7\u00e3o da corpora\u00e7\u00e3o.<\/p>\n\n\n\n<p class=\"wp-block-paragraph\">\u201cRecebo essa miss\u00e3o com muita responsabilidade, e meu compromisso inicial \u00e9 colaborar com toda a equipe para dar continuidade ao processo de valoriza\u00e7\u00e3o da corpora\u00e7\u00e3o e de aperfei\u00e7oamento dos servi\u00e7os prestados \u00e0 popula\u00e7\u00e3o\u201d, afirmou.<\/p>\n\n\n\n<p class=\"wp-block-paragraph\">A chegada de Ta\u00edsa ao comando n\u00e3o inaugura a presen\u00e7a feminina na Guarda. Representa, por\u00e9m, um novo cap\u00edtulo de uma participa\u00e7\u00e3o constru\u00edda ao longo de d\u00e9cadas pelas mulheres que ingressaram, permaneceram e conquistaram diferentes espa\u00e7os dentro da institui\u00e7\u00e3o.<\/p>\n\n\n\n<h2 class=\"wp-block-heading\">Uma institui\u00e7\u00e3o que mudou junto com Ara\u00e7atuba<\/h2>\n\n\n\n<p class=\"wp-block-paragraph\">Para o secret\u00e1rio municipal de Seguran\u00e7a P\u00fablica e Mobilidade Urbana, <strong>J\u00falio C\u00e9sar dos Santos<\/strong>, chegar aos 77 anos demonstra justamente a capacidade de transforma\u00e7\u00e3o da institui\u00e7\u00e3o.<\/p>\n\n\n\n<p class=\"wp-block-paragraph\">\u201cOs 77 anos da Guarda Municipal s\u00e3o a prova de que uma institui\u00e7\u00e3o p\u00fablica pode se transformar sem perder sua ess\u00eancia. Seguimos investindo em preparo t\u00e9cnico, equipamento e pessoas, porque \u00e9 isso que a cidade espera de quem se compromete a proteg\u00ea-la\u201d, declarou.<\/p>\n\n\n\n<p class=\"wp-block-paragraph\">As fotografias antigas preservam uma Guarda de outra \u00e9poca.<\/p>\n\n\n\n<p class=\"wp-block-paragraph\">Nelas est\u00e3o uniformes que mudaram, homens e mulheres de diferentes gera\u00e7\u00f5es e uma Ara\u00e7atuba que crescia ao redor daquela institui\u00e7\u00e3o.<\/p>\n\n\n\n<p class=\"wp-block-paragraph\">Em 1949, <strong>20 homens escreveram a primeira p\u00e1gina dessa hist\u00f3ria<\/strong>.<\/p>\n\n\n\n<p class=\"wp-block-paragraph\">Em 2026, s\u00e3o <strong>220 integrantes<\/strong>, novas atribui\u00e7\u00f5es, estruturas especializadas e, pela primeira vez em 77 anos, uma mulher no comando-geral.<\/p>\n\n\n\n<p class=\"wp-block-paragraph\"><strong>Mudaram os uniformes, os equipamentos e os desafios. Cada gera\u00e7\u00e3o, por\u00e9m, recebeu da anterior a mesma miss\u00e3o: proteger Ara\u00e7atuba.<\/strong><\/p>\n\n\n\n<p class=\"wp-block-paragraph\">Os primeiros 20 escreveram o come\u00e7o.<\/p>\n\n\n\n<p class=\"wp-block-paragraph\"><strong>Os 220 de hoje est\u00e3o escrevendo o pr\u00f3ximo cap\u00edtulo.<\/strong><\/p>\n\n\n\n<h3 class=\"wp-block-heading\">c<\/h3>\n","protected":false},"excerpt":{"rendered":"<p>Criada em 1949 com 20 homens, corpora\u00e7\u00e3o chega aos 77 anos com 220 integrantes, novas estruturas, atua\u00e7\u00e3o especializada e um marco in\u00e9dito em sua hist\u00f3ria Vinte homens, rondas a p\u00e9 e a cavalo e uma Ara\u00e7atuba que ainda come\u00e7ava a crescer. Foi assim que, em uma manh\u00e3 de agosto de 1949, come\u00e7ou a hist\u00f3ria da &hellip;<\/p>\n","protected":false},"author":1,"featured_media":23614,"comment_status":"open","ping_status":"open","sticky":false,"template":"","format":"standard","meta":{"_jetpack_memberships_contains_paid_content":false,"footnotes":"","jetpack_publicize_message":"","jetpack_publicize_feature_enabled":true,"jetpack_social_post_already_shared":true,"jetpack_social_options":{"image_generator_settings":{"template":"highway","default_image_id":0,"enabled":false},"version":2}},"categories":[3,4],"tags":[],"class_list":["post-23613","post","type-post","status-publish","format-standard","has-post-thumbnail","hentry","category-policial","category-regiao"],"jetpack_publicize_connections":[],"jetpack_featured_media_url":"https:\/\/i0.wp.com\/www.paparazzinews.com.br\/wp-content\/uploads\/2026\/08\/GCM.jpg?fit=1600%2C900&ssl=1","views":"165","jetpack_likes_enabled":true,"jetpack_sharing_enabled":true,"_links":{"self":[{"href":"https:\/\/www.paparazzinews.com.br\/index.php?rest_route=\/wp\/v2\/posts\/23613","targetHints":{"allow":["GET"]}}],"collection":[{"href":"https:\/\/www.paparazzinews.com.br\/index.php?rest_route=\/wp\/v2\/posts"}],"about":[{"href":"https:\/\/www.paparazzinews.com.br\/index.php?rest_route=\/wp\/v2\/types\/post"}],"author":[{"embeddable":true,"href":"https:\/\/www.paparazzinews.com.br\/index.php?rest_route=\/wp\/v2\/users\/1"}],"replies":[{"embeddable":true,"href":"https:\/\/www.paparazzinews.com.br\/index.php?rest_route=%2Fwp%2Fv2%2Fcomments&post=23613"}],"version-history":[{"count":1,"href":"https:\/\/www.paparazzinews.com.br\/index.php?rest_route=\/wp\/v2\/posts\/23613\/revisions"}],"predecessor-version":[{"id":23615,"href":"https:\/\/www.paparazzinews.com.br\/index.php?rest_route=\/wp\/v2\/posts\/23613\/revisions\/23615"}],"wp:featuredmedia":[{"embeddable":true,"href":"https:\/\/www.paparazzinews.com.br\/index.php?rest_route=\/wp\/v2\/media\/23614"}],"wp:attachment":[{"href":"https:\/\/www.paparazzinews.com.br\/index.php?rest_route=%2Fwp%2Fv2%2Fmedia&parent=23613"}],"wp:term":[{"taxonomy":"category","embeddable":true,"href":"https:\/\/www.paparazzinews.com.br\/index.php?rest_route=%2Fwp%2Fv2%2Fcategories&post=23613"},{"taxonomy":"post_tag","embeddable":true,"href":"https:\/\/www.paparazzinews.com.br\/index.php?rest_route=%2Fwp%2Fv2%2Ftags&post=23613"}],"curies":[{"name":"wp","href":"https:\/\/api.w.org\/{rel}","templated":true}]}}