{"id":234,"date":"2022-07-04T15:30:19","date_gmt":"2022-07-04T18:30:19","guid":{"rendered":"https:\/\/www.paparazzinews.com.br\/?p=234"},"modified":"2022-07-04T15:30:20","modified_gmt":"2022-07-04T18:30:20","slug":"lbv-mais-de-6-decadas-ofertando-protecao-social-e-solidariedade","status":"publish","type":"post","link":"https:\/\/www.paparazzinews.com.br\/?p=234","title":{"rendered":"LBV: mais de 6 d\u00e9cadas ofertando Prote\u00e7\u00e3o Social e Solidariedade"},"content":{"rendered":"\n<p>A Legi\u00e3o da Boa Vontade (LBV), em Ara\u00e7atuba\/SP, completou 65 anos de trabalho em prol da popula\u00e7\u00e3o ara\u00e7atubense. Por interm\u00e9dio de seu Centro Comunit\u00e1rio de Assist\u00eancia Social, a Institui\u00e7\u00e3o desenvolve servi\u00e7os que visam fortalecer os v\u00ednculos familiares e comunit\u00e1rios, al\u00e9m de prevenir, por meio de informa\u00e7\u00f5es e atividades socioeducativas, situa\u00e7\u00f5es de vulnerabilidade e de risco \u00e0 crian\u00e7as, adolescentes, idosos e fam\u00edlias em vulnerabilidade social.<\/p>\n\n\n\n<p>Para celebrar essa importante marca, a LBV promoveu, nessa sexta-feira, 1\u00ba, um dia especial. Na ocasi\u00e3o, as meninas e os meninos que participam do servi\u00e7o&nbsp;<em>Crian\u00e7a: Futuro no Presente!<\/em>, como tamb\u00e9m o p\u00fablico que integra o servi\u00e7o&nbsp;<em>Vida Plena<\/em>, contaram com um ambiente todo decorado, guloseimas, atividades recreativas e \u00e9 claro o pique-pique legion\u00e1rio em homenagem a essas mais de seis d\u00e9cadas de uma linda hist\u00f3ria de amor e solidariedade.<\/p>\n\n\n\n<p>Em seu Centro Comunit\u00e1rio de Assist\u00eancia Social, os participantes ainda puderam contemplar uma exposi\u00e7\u00e3o fotogr\u00e1fica para ilustrar a evolu\u00e7\u00e3o e os momentos marcantes do trabalho socioassistencial realizado no munic\u00edpio.<\/p>\n\n\n\n<p>O atendido Daniel Cust\u00f3dio de Oliveira, 10 anos, fez quest\u00e3o de deixar o seu agradecimento \u00e0 LBV: \u201cParticipo das atividades oferecidas pela LBV e quero muito agradecer por fazer parte, porque gosto muito de vir na LBV e sempre procuro n\u00e3o faltar das atividades que \u00e9 bem legal, a gente aprende fazer muitas coisas, eu n\u00e3o sabia e aprendi aqui a fazer artesanato com jornal. Hoje quero parabenizar a LBV pelos seus 65 anos de trabalho e dedica\u00e7\u00e3o na cidade de Ara\u00e7atuba\/SP, agrade\u00e7o tamb\u00e9m a todos aqueles que colaboram com a LBV! muito obrigado&#8221;, destacou.<\/p>\n\n\n\n<p>\u201c\u00c9 muito bom estar na Legi\u00e3o da Boa Vontade, aqui eu me encontro com algumas colegas e passamos por momentos juntas, uma oportunidade de conversar, descontrair, aprender coisas diferentes. Recebemos orienta\u00e7\u00f5es e somos encaminhadas para os locais certos do qual a gente precisa, \u00e9 tudo de bom, um ambiente muito gostoso e com grande respeito. Quero parabenizar a LBV por mais esta data festiva, eu vi ela nascer aqui e j\u00e1 se passaram 65 anos, parab\u00e9ns\u201d, destacou Odete Alves Granja, assistida pelo servi\u00e7o Vida Plena.<\/p>\n\n\n\n<p>Delmir Eduardo Casassola, grande amigo e apoiador da LBV ao participar das comemora\u00e7\u00f5es dos 65 anos da LBV local deixou suas considera\u00e7\u00f5es: \u201dPrimeiramente quero parabenizar por mais est\u00e1 data festiva, que s\u00e3o 65 anos de atividades da LBV aqui em Ara\u00e7atuba.&nbsp; Conheci a Legi\u00e3o da Boa Vontade desde a inf\u00e2ncia, pois a institui\u00e7\u00e3o aqui no munic\u00edpio iniciou com meus pais e hoje se passou 6 d\u00e9cadas, 6 decas de trabalho em prol de tantas crian\u00e7as, adolescentes e fam\u00edlias em situa\u00e7\u00e3o de vulnerabilidade. \u00c9 uma alegria estar aqui, \u00e9 muito maravilho esse trabalho, tudo que fizermos aos outros volta para gente, ent\u00e3o fazemos o bem em prol de outras pessoas. Parab\u00e9ns a todos e obrigado\u201d. &nbsp;<\/p>\n\n\n\n<p>Situado no bairro&nbsp;Jardim Guanabara,&nbsp;o Centro Comunit\u00e1rio de Assist\u00eancia Social da Institui\u00e7\u00e3o desenvolve os servi\u00e7os&nbsp;<em>Crian\u00e7a: Futuro no Presente!<\/em>&nbsp;voltado a meninas e meninos de 6 a 15 anos de idade, com atividades socioeducativas; e&nbsp;<em>Vida Plena<\/em>&nbsp;para idosos com a\u00e7\u00f5es que visam o bem-estar e a melhoria da qualidade de vida dessas pessoas. Por meio da campanha&nbsp;<em>Diga Sim!<\/em>, fam\u00edlias que participam dos servi\u00e7os socioassistenciais na Institui\u00e7\u00e3o e as assistidas por organiza\u00e7\u00f5es parceiras da LBV na regi\u00e3o e recebem v\u00e1rios benef\u00edcios como cestas de alimentos n\u00e3o perec\u00edveis.<\/p>\n\n\n\n<p>Vale ressaltar que, desde que foi decretada a pandemia do coronav\u00edrus no Brasil (mar\u00e7o\/2020), a LBV n\u00e3o parou o seu trabalho, pelo contr\u00e1rio, ela intensificou todas as suas a\u00e7\u00f5es para prestar atendimento aos usu\u00e1rios de seus servi\u00e7os e com o acompanhamento dos educadores, assistentes sociais e demais profissionais da Institui\u00e7\u00e3o. Em todas as a\u00e7\u00f5es presenciais, s\u00e3o seguidos os protocolos sanit\u00e1rios para evitar qualquer contamina\u00e7\u00e3o pelo v\u00edrus tanto para os atendidos, quanto para os colaboradores e volunt\u00e1rios.<\/p>\n\n\n\n<p>Agradecemos demais a voc\u00ea, que contribui com a Legi\u00e3o da Boa Vontade, que tanto investi no trabalho humanit\u00e1rio. A sua ajuda transforma, para melhor, a vida de milhares de brasileiros!<\/p>\n\n\n\n<p>Para saber mais sobre a nossa atua\u00e7\u00e3o humanit\u00e1ria, acesse nosso&nbsp;site&nbsp;e siga&nbsp;<strong>@LBVBrasil<\/strong>&nbsp;nas redes sociais.<\/p>\n\n\n\n<p>Em Ara\u00e7atuba\/SP, a LBV est\u00e1 localizada na Rua Alziro Zarur, 30 \u2014&nbsp;Jardim Guanabara. Para outras informa\u00e7\u00f5es, ligue: (18) 3631-0797.<\/p>\n","protected":false},"excerpt":{"rendered":"<p>A Legi\u00e3o da Boa Vontade (LBV), em Ara\u00e7atuba\/SP, completou 65 anos de trabalho em prol da popula\u00e7\u00e3o ara\u00e7atubense. Por interm\u00e9dio de seu Centro Comunit\u00e1rio de Assist\u00eancia Social, a Institui\u00e7\u00e3o desenvolve servi\u00e7os que visam fortalecer os v\u00ednculos familiares e comunit\u00e1rios, al\u00e9m de prevenir, por meio de informa\u00e7\u00f5es e atividades socioeducativas, situa\u00e7\u00f5es de vulnerabilidade e de risco &hellip;<\/p>\n","protected":false},"author":1,"featured_media":235,"comment_status":"open","ping_status":"open","sticky":false,"template":"","format":"standard","meta":{"_jetpack_memberships_contains_paid_content":false,"footnotes":"","jetpack_publicize_message":"","jetpack_publicize_feature_enabled":true,"jetpack_social_post_already_shared":false,"jetpack_social_options":{"image_generator_settings":{"template":"highway","default_image_id":0,"enabled":false},"version":2}},"categories":[4],"tags":[],"class_list":["post-234","post","type-post","status-publish","format-standard","has-post-thumbnail","hentry","category-regiao"],"jetpack_publicize_connections":[],"jetpack_featured_media_url":"https:\/\/i0.wp.com\/www.paparazzinews.com.br\/wp-content\/uploads\/2022\/07\/Foto-2.jpg?fit=1024%2C768&ssl=1","views":"3395","jetpack_likes_enabled":true,"jetpack_sharing_enabled":true,"_links":{"self":[{"href":"https:\/\/www.paparazzinews.com.br\/index.php?rest_route=\/wp\/v2\/posts\/234","targetHints":{"allow":["GET"]}}],"collection":[{"href":"https:\/\/www.paparazzinews.com.br\/index.php?rest_route=\/wp\/v2\/posts"}],"about":[{"href":"https:\/\/www.paparazzinews.com.br\/index.php?rest_route=\/wp\/v2\/types\/post"}],"author":[{"embeddable":true,"href":"https:\/\/www.paparazzinews.com.br\/index.php?rest_route=\/wp\/v2\/users\/1"}],"replies":[{"embeddable":true,"href":"https:\/\/www.paparazzinews.com.br\/index.php?rest_route=%2Fwp%2Fv2%2Fcomments&post=234"}],"version-history":[{"count":1,"href":"https:\/\/www.paparazzinews.com.br\/index.php?rest_route=\/wp\/v2\/posts\/234\/revisions"}],"predecessor-version":[{"id":236,"href":"https:\/\/www.paparazzinews.com.br\/index.php?rest_route=\/wp\/v2\/posts\/234\/revisions\/236"}],"wp:featuredmedia":[{"embeddable":true,"href":"https:\/\/www.paparazzinews.com.br\/index.php?rest_route=\/wp\/v2\/media\/235"}],"wp:attachment":[{"href":"https:\/\/www.paparazzinews.com.br\/index.php?rest_route=%2Fwp%2Fv2%2Fmedia&parent=234"}],"wp:term":[{"taxonomy":"category","embeddable":true,"href":"https:\/\/www.paparazzinews.com.br\/index.php?rest_route=%2Fwp%2Fv2%2Fcategories&post=234"},{"taxonomy":"post_tag","embeddable":true,"href":"https:\/\/www.paparazzinews.com.br\/index.php?rest_route=%2Fwp%2Fv2%2Ftags&post=234"}],"curies":[{"name":"wp","href":"https:\/\/api.w.org\/{rel}","templated":true}]}}