{"id":2335,"date":"2023-03-17T15:15:24","date_gmt":"2023-03-17T18:15:24","guid":{"rendered":"https:\/\/www.paparazzinews.com.br\/?p=2335"},"modified":"2023-03-17T15:15:25","modified_gmt":"2023-03-17T18:15:25","slug":"facilidades-aguas-andradina-realiza-mais-uma-edicao-do-atendimento-itinerante-no-jardim-europa","status":"publish","type":"post","link":"https:\/\/www.paparazzinews.com.br\/?p=2335","title":{"rendered":"<strong>FACILIDADES: \u00c1guas Andradina realiza mais uma edi\u00e7\u00e3o do atendimento&nbsp;itinerante&nbsp;no Jardim Europa<\/strong>"},"content":{"rendered":"\n<p>A \u00c1guas Andradina, empresa do Grupo Igu\u00e1 e Sabesp, concession\u00e1ria de \u00e1gua e esgoto de Andradina, realiza durante as comemora\u00e7\u00f5es do Dia Mundial da \u00c1gua (21\/3) mais uma a\u00e7\u00e3o do atendimento volante com uma estrutura montada no Jardim Europa, na rua Finl\u00e2ndia, no reservat\u00f3rio Ot\u00e1vio Minholi, nos dias 21 e 22 de mar\u00e7o (ter\u00e7a e quarta-feira), das 9h \u00e0s 16h30. N\u00e3o \u00e9 necess\u00e1rio agendamento pr\u00e9vio para atendimento.<\/p>\n\n\n\n<p>O objetivo, de acordo com o gerente operacional da concession\u00e1ria, Matheus Felipe Silva, \u00e9 seguir com esta proposta de estar ainda mais pr\u00f3ximo da popula\u00e7\u00e3o para facilitar os atendimentos.<\/p>\n\n\n\n<p><strong>Facilidades e informa\u00e7\u00e3o<\/strong><\/p>\n\n\n\n<p>Os clientes que forem at\u00e9 o local ter\u00e3o vantagens para negocia\u00e7\u00e3o de d\u00edvidas. \u201cNossa equipe comercial tamb\u00e9m estar\u00e1 \u00e0 disposi\u00e7\u00e3o para atualiza\u00e7\u00e3o cadastral e dar orienta\u00e7\u00f5es como instala\u00e7\u00e3o e funcionamento dos hidr\u00f4metros, caixa padr\u00e3o, novas liga\u00e7\u00f5es, poss\u00edveis vazamentos, d\u00e9bito autom\u00e1tico, entre outros servi\u00e7os\u201d, explica Matheus.<\/p>\n\n\n\n<p>Qualquer d\u00favida sobre os servi\u00e7os realizados pela \u00c1guas Andradina, \u00e9 s\u00f3 entrar em contato pelos canais de atendimento: 0800 775 0195, loja de atendimento: rua Doutor Orensy Rodrigues da Silva, 1062, de segunda a sexta-feira, das 8h30 \u00e0s 17h ou WhatsApp: (18) 99637 4603. Para acompanhar as a\u00e7\u00f5es da concession\u00e1ria, acesse o site&nbsp;<a href=\"http:\/\/www.igua.com.br\/andradina\" target=\"_blank\" rel=\"noreferrer noopener\">www.igua.com.br\/andradina<\/a>.<\/p>\n","protected":false},"excerpt":{"rendered":"<p>A \u00c1guas Andradina, empresa do Grupo Igu\u00e1 e Sabesp, concession\u00e1ria de \u00e1gua e esgoto de Andradina, realiza durante as comemora\u00e7\u00f5es do Dia Mundial da \u00c1gua (21\/3) mais uma a\u00e7\u00e3o do atendimento volante com uma estrutura montada no Jardim Europa, na rua Finl\u00e2ndia, no reservat\u00f3rio Ot\u00e1vio Minholi, nos dias 21 e 22 de mar\u00e7o (ter\u00e7a e &hellip;<\/p>\n","protected":false},"author":1,"featured_media":2336,"comment_status":"open","ping_status":"open","sticky":false,"template":"","format":"standard","meta":{"_jetpack_memberships_contains_paid_content":false,"footnotes":"","jetpack_publicize_message":"","jetpack_publicize_feature_enabled":true,"jetpack_social_post_already_shared":false,"jetpack_social_options":{"image_generator_settings":{"template":"highway","default_image_id":0,"enabled":false},"version":2}},"categories":[4],"tags":[],"class_list":["post-2335","post","type-post","status-publish","format-standard","has-post-thumbnail","hentry","category-regiao"],"jetpack_publicize_connections":[],"jetpack_featured_media_url":"https:\/\/i0.wp.com\/www.paparazzinews.com.br\/wp-content\/uploads\/2023\/03\/Aguas-Andradina_ATENDIMENTO_foto_ricardoBoni-2-e1679076915995.jpg?fit=1000%2C667&ssl=1","views":"5801","jetpack_likes_enabled":true,"jetpack_sharing_enabled":true,"_links":{"self":[{"href":"https:\/\/www.paparazzinews.com.br\/index.php?rest_route=\/wp\/v2\/posts\/2335","targetHints":{"allow":["GET"]}}],"collection":[{"href":"https:\/\/www.paparazzinews.com.br\/index.php?rest_route=\/wp\/v2\/posts"}],"about":[{"href":"https:\/\/www.paparazzinews.com.br\/index.php?rest_route=\/wp\/v2\/types\/post"}],"author":[{"embeddable":true,"href":"https:\/\/www.paparazzinews.com.br\/index.php?rest_route=\/wp\/v2\/users\/1"}],"replies":[{"embeddable":true,"href":"https:\/\/www.paparazzinews.com.br\/index.php?rest_route=%2Fwp%2Fv2%2Fcomments&post=2335"}],"version-history":[{"count":1,"href":"https:\/\/www.paparazzinews.com.br\/index.php?rest_route=\/wp\/v2\/posts\/2335\/revisions"}],"predecessor-version":[{"id":2337,"href":"https:\/\/www.paparazzinews.com.br\/index.php?rest_route=\/wp\/v2\/posts\/2335\/revisions\/2337"}],"wp:featuredmedia":[{"embeddable":true,"href":"https:\/\/www.paparazzinews.com.br\/index.php?rest_route=\/wp\/v2\/media\/2336"}],"wp:attachment":[{"href":"https:\/\/www.paparazzinews.com.br\/index.php?rest_route=%2Fwp%2Fv2%2Fmedia&parent=2335"}],"wp:term":[{"taxonomy":"category","embeddable":true,"href":"https:\/\/www.paparazzinews.com.br\/index.php?rest_route=%2Fwp%2Fv2%2Fcategories&post=2335"},{"taxonomy":"post_tag","embeddable":true,"href":"https:\/\/www.paparazzinews.com.br\/index.php?rest_route=%2Fwp%2Fv2%2Ftags&post=2335"}],"curies":[{"name":"wp","href":"https:\/\/api.w.org\/{rel}","templated":true}]}}