{"id":2309,"date":"2023-03-16T14:46:44","date_gmt":"2023-03-16T17:46:44","guid":{"rendered":"https:\/\/www.paparazzinews.com.br\/?p=2309"},"modified":"2023-03-16T14:46:45","modified_gmt":"2023-03-16T17:46:45","slug":"transparencia-aguas-andradina-publica-relatorio-anual-de-qualidade-de-agua","status":"publish","type":"post","link":"https:\/\/www.paparazzinews.com.br\/?p=2309","title":{"rendered":"<strong>TRANSPAR\u00caNCIA: \u00c1guas Andradina publica relat\u00f3rio anual de qualidade de \u00e1gua<\/strong>"},"content":{"rendered":"\n<p>O Relat\u00f3rio Anual de Qualidade da \u00c1gua 2022 da \u00c1guas Andradina, empresa do Grupo Igu\u00e1 e da Sabesp, j\u00e1 est\u00e1 dispon\u00edvel para acesso no link&nbsp;<a href=\"https:\/\/igua.com.br\/andradina#quality-report-andradina\" target=\"_blank\" rel=\"noreferrer noopener\">https:\/\/igua.com.br\/andradina#quality-report-andradina<\/a>. Trata-se de um documento que mostra com transpar\u00eancia o trabalho realizado pela concession\u00e1ria para garantir a qualidade da \u00e1gua distribu\u00edda para os moradores de Andradina.&nbsp;<\/p>\n\n\n\n<p>Neste material \u00e9 poss\u00edvel consultar os resultados das an\u00e1lises laboratoriais feitas no decorrer de 2022, demonstrando o compromisso da empresa com a popula\u00e7\u00e3o, por meio da qualidade dos servi\u00e7os prestados. \u00c9 importante destacar que essas an\u00e1lises tamb\u00e9m podem ser consultadas pelos clientes na fatura de \u00e1gua m\u00eas a m\u00eas, ao longo do ano.<\/p>\n\n\n\n<p>\u201cAcreditamos que a atua\u00e7\u00e3o \u00e9tica come\u00e7a pela transpar\u00eancia no relacionamento com os clientes. Neste relat\u00f3rio, apresentamos a caracter\u00edstica mais importante do nosso produto: a qualidade da \u00e1gua que distribu\u00edmos\u201d, explica o diretor geral da concession\u00e1ria, Lu\u00eds Guilherme Bizelli.<\/p>\n\n\n\n<p><strong>Voc\u00ea sabia que\u2026?<\/strong><strong><\/strong><\/p>\n\n\n\n<p>\u25cf&nbsp;&nbsp;&nbsp;&nbsp;&nbsp;&nbsp;&nbsp;&nbsp;Toda \u00e1gua tratada e distribu\u00edda na cidade \u00e9 captada de forma subterr\u00e2nea<\/p>\n\n\n\n<p>\u25cf&nbsp;&nbsp;&nbsp;&nbsp;&nbsp;&nbsp;&nbsp;&nbsp;Andradina possui 26 sistemas de abastecimento que recebem \u00e1gua de 47&nbsp;po\u00e7os subterr\u00e2neos, garantindo o pleno abastecimento do munic\u00edpio.<\/p>\n\n\n\n<p>\u25cf&nbsp;&nbsp;&nbsp;&nbsp;&nbsp;100% da \u00e1gua captada e distribu\u00edda na cidade e nos distritos \u00e9 tratada seguindo todas as normas de qualidade e potabilidade do Minist\u00e9rio de Sa\u00fade<\/p>\n\n\n\n<p>\u25cf&nbsp;&nbsp;&nbsp;&nbsp;&nbsp;&nbsp;&nbsp;&nbsp;A \u00e1gua bruta dos mananciais \u00e9 direcionada para passar pelos processos de desinfec\u00e7\u00e3o e fluoreta\u00e7\u00e3o e em alguns sistemas, a \u00e1gua tamb\u00e9m passa por um filtro de remo\u00e7\u00e3o de nitrato e cromo, garantindo qualidade e a potabilidade para o consumo.<\/p>\n\n\n\n<p>\u25cf&nbsp;&nbsp;&nbsp;&nbsp;&nbsp;&nbsp;&nbsp;&nbsp;O fl\u00faor \u00e9 adicionado na \u00e1gua ajuda na redu\u00e7\u00e3o da incid\u00eancia de c\u00e1rie dent\u00e1ria<\/p>\n\n\n\n<p>\u25cf&nbsp;&nbsp;&nbsp;&nbsp;&nbsp;&nbsp;&nbsp;&nbsp;O cloro impede que bact\u00e9rias, v\u00edrus e protozo\u00e1rios causadores de doen\u00e7as<\/p>\n\n\n\n<p>surjam e se multipliquem<\/p>\n\n\n\n<p><em>A publica\u00e7\u00e3o do Relat\u00f3rio Anual de Qualidade de \u00c1gua tamb\u00e9m tem como objetivo atender ao Decreto no 5.440\/05 e a Portaria GM\/MS no 888, de 4 de maio de 2021, que estabelece os procedimentos relativos ao controle e \u00e0 vigil\u00e2ncia da \u00e1gua para consumo humano e seu padr\u00e3o de potabilidade.<\/em><em><\/em><\/p>\n\n\n\n<p><strong>Quer saber mais?<\/strong><\/p>\n\n\n\n<p>Qualquer d\u00favida os clientes da \u00c1guas Andradina podem entrar em contato pelos telefones 0800 775 0195 (24 horas), pelo WhatsApp (18) 99637 4603 ou ir at\u00e9 \u00e0 loja localizada na Doutor Orensy Rodrigues da Silva, 1062. O atendimento presencial nas lojas \u00e9 de segunda a sexta-feira, das 8h30 \u00e0s 17h.<\/p>\n\n\n\n<p>Para saber mais informa\u00e7\u00f5es sobre os trabalhos realizados pela concession\u00e1ria acesse&nbsp;<a href=\"http:\/\/www.igua.com.br\/andradina\" target=\"_blank\" rel=\"noreferrer noopener\">&nbsp;<\/a><a href=\"http:\/\/www.igua.com.br\/andradina\" target=\"_blank\" rel=\"noreferrer noopener\">www.igua.com.br\/andradina<\/a>.<\/p>\n","protected":false},"excerpt":{"rendered":"<p>O Relat\u00f3rio Anual de Qualidade da \u00c1gua 2022 da \u00c1guas Andradina, empresa do Grupo Igu\u00e1 e da Sabesp, j\u00e1 est\u00e1 dispon\u00edvel para acesso no link&nbsp;https:\/\/igua.com.br\/andradina#quality-report-andradina. Trata-se de um documento que mostra com transpar\u00eancia o trabalho realizado pela concession\u00e1ria para garantir a qualidade da \u00e1gua distribu\u00edda para os moradores de Andradina.&nbsp; Neste material \u00e9 poss\u00edvel consultar &hellip;<\/p>\n","protected":false},"author":1,"featured_media":2310,"comment_status":"open","ping_status":"open","sticky":false,"template":"","format":"standard","meta":{"_jetpack_memberships_contains_paid_content":false,"footnotes":"","jetpack_publicize_message":"","jetpack_publicize_feature_enabled":true,"jetpack_social_post_already_shared":false,"jetpack_social_options":{"image_generator_settings":{"template":"highway","default_image_id":0,"enabled":false},"version":2}},"categories":[4],"tags":[],"class_list":["post-2309","post","type-post","status-publish","format-standard","has-post-thumbnail","hentry","category-regiao"],"jetpack_publicize_connections":[],"jetpack_featured_media_url":"https:\/\/i0.wp.com\/www.paparazzinews.com.br\/wp-content\/uploads\/2023\/03\/relatorio-de-qualidade-de-agua-Andradina-Personalizado-e1678988787984.jpg?fit=1000%2C625&ssl=1","views":"6958","jetpack_likes_enabled":true,"jetpack_sharing_enabled":true,"_links":{"self":[{"href":"https:\/\/www.paparazzinews.com.br\/index.php?rest_route=\/wp\/v2\/posts\/2309","targetHints":{"allow":["GET"]}}],"collection":[{"href":"https:\/\/www.paparazzinews.com.br\/index.php?rest_route=\/wp\/v2\/posts"}],"about":[{"href":"https:\/\/www.paparazzinews.com.br\/index.php?rest_route=\/wp\/v2\/types\/post"}],"author":[{"embeddable":true,"href":"https:\/\/www.paparazzinews.com.br\/index.php?rest_route=\/wp\/v2\/users\/1"}],"replies":[{"embeddable":true,"href":"https:\/\/www.paparazzinews.com.br\/index.php?rest_route=%2Fwp%2Fv2%2Fcomments&post=2309"}],"version-history":[{"count":1,"href":"https:\/\/www.paparazzinews.com.br\/index.php?rest_route=\/wp\/v2\/posts\/2309\/revisions"}],"predecessor-version":[{"id":2311,"href":"https:\/\/www.paparazzinews.com.br\/index.php?rest_route=\/wp\/v2\/posts\/2309\/revisions\/2311"}],"wp:featuredmedia":[{"embeddable":true,"href":"https:\/\/www.paparazzinews.com.br\/index.php?rest_route=\/wp\/v2\/media\/2310"}],"wp:attachment":[{"href":"https:\/\/www.paparazzinews.com.br\/index.php?rest_route=%2Fwp%2Fv2%2Fmedia&parent=2309"}],"wp:term":[{"taxonomy":"category","embeddable":true,"href":"https:\/\/www.paparazzinews.com.br\/index.php?rest_route=%2Fwp%2Fv2%2Fcategories&post=2309"},{"taxonomy":"post_tag","embeddable":true,"href":"https:\/\/www.paparazzinews.com.br\/index.php?rest_route=%2Fwp%2Fv2%2Ftags&post=2309"}],"curies":[{"name":"wp","href":"https:\/\/api.w.org\/{rel}","templated":true}]}}