{"id":2299,"date":"2023-03-15T16:09:37","date_gmt":"2023-03-15T19:09:37","guid":{"rendered":"https:\/\/www.paparazzinews.com.br\/?p=2299"},"modified":"2023-03-15T16:09:40","modified_gmt":"2023-03-15T19:09:40","slug":"policia-civil-de-andradina-encontra-idoso-desaparecidoesta-em-minas-gerais","status":"publish","type":"post","link":"https:\/\/www.paparazzinews.com.br\/?p=2299","title":{"rendered":"Pol\u00edcia Civil de Andradina encontra idoso desaparecido,&#8221;est\u00e1 em Minas Gerais&#8221;"},"content":{"rendered":"\n<p>Policiais Civis da DIG- Delegacia de Investiga\u00e7\u00f5es Gerais com apoio de agentes da Pol\u00edcia Civil de Minas Gerais, localizaram Edmar Nunes de Souza, de 77 anos. Ele estava desaparecido desde 26 janeiro deste ano e foi localizado no dia 7 de mar\u00e7o.<\/p>\n\n\n\n<p>Segundo informa\u00e7\u00f5es apuradas pelo Roni Paparazzi o homem, quando em 26 de janeiro, morador do bairro Stella Maris, desapareceu sem deixar not\u00edcias para seus familiares. Foi registrado o boletim de ocorr\u00eancia comunicando o desaparecimento e nossa equipe de reportagem deu suporte na divulga\u00e7\u00e3o do sumi\u00e7o misterioso.<\/p>\n\n\n\n<p>Iniciadas as investiga\u00e7\u00f5es pelo delegado Raony Spetic, chegou-se a cogitar que um mal maior poderia ter ocorrido com o alvo, contudo, no correr das investiga\u00e7\u00f5es, os policiais civis descobriram que o idoso estava na cidade de Carlos Chagas-MG.<\/p>\n\n\n\n<p><strong>NOVO ENDERE\u00c7O<\/strong><\/p>\n\n\n\n<p>Edmar esclareceu que foi embora por conta pr\u00f3pria e que n\u00e3o desejava mais voltar para cidade de Andradina-SP, ele indicou que estabeleceria domic\u00edlio na cidade de Ipatinga-MG, na casa de uma sobrinha.<\/p>\n","protected":false},"excerpt":{"rendered":"<p>Policiais Civis da DIG- Delegacia de Investiga\u00e7\u00f5es Gerais com apoio de agentes da Pol\u00edcia Civil de Minas Gerais, localizaram Edmar Nunes de Souza, de 77 anos. Ele estava desaparecido desde 26 janeiro deste ano e foi localizado no dia 7 de mar\u00e7o. Segundo informa\u00e7\u00f5es apuradas pelo Roni Paparazzi o homem, quando em 26 de janeiro, &hellip;<\/p>\n","protected":false},"author":1,"featured_media":2300,"comment_status":"open","ping_status":"open","sticky":false,"template":"","format":"standard","meta":{"_jetpack_memberships_contains_paid_content":false,"footnotes":"","jetpack_publicize_message":"","jetpack_publicize_feature_enabled":true,"jetpack_social_post_already_shared":false,"jetpack_social_options":{"image_generator_settings":{"template":"highway","default_image_id":0,"enabled":false},"version":2}},"categories":[3],"tags":[],"class_list":["post-2299","post","type-post","status-publish","format-standard","has-post-thumbnail","hentry","category-policial"],"jetpack_publicize_connections":[],"jetpack_featured_media_url":"https:\/\/i0.wp.com\/www.paparazzinews.com.br\/wp-content\/uploads\/2023\/03\/ba28a77c-d1d4-4ea4-9f4d-6c8381524fca.jpg?fit=531%2C630&ssl=1","views":"10192","jetpack_likes_enabled":true,"jetpack_sharing_enabled":true,"_links":{"self":[{"href":"https:\/\/www.paparazzinews.com.br\/index.php?rest_route=\/wp\/v2\/posts\/2299","targetHints":{"allow":["GET"]}}],"collection":[{"href":"https:\/\/www.paparazzinews.com.br\/index.php?rest_route=\/wp\/v2\/posts"}],"about":[{"href":"https:\/\/www.paparazzinews.com.br\/index.php?rest_route=\/wp\/v2\/types\/post"}],"author":[{"embeddable":true,"href":"https:\/\/www.paparazzinews.com.br\/index.php?rest_route=\/wp\/v2\/users\/1"}],"replies":[{"embeddable":true,"href":"https:\/\/www.paparazzinews.com.br\/index.php?rest_route=%2Fwp%2Fv2%2Fcomments&post=2299"}],"version-history":[{"count":1,"href":"https:\/\/www.paparazzinews.com.br\/index.php?rest_route=\/wp\/v2\/posts\/2299\/revisions"}],"predecessor-version":[{"id":2301,"href":"https:\/\/www.paparazzinews.com.br\/index.php?rest_route=\/wp\/v2\/posts\/2299\/revisions\/2301"}],"wp:featuredmedia":[{"embeddable":true,"href":"https:\/\/www.paparazzinews.com.br\/index.php?rest_route=\/wp\/v2\/media\/2300"}],"wp:attachment":[{"href":"https:\/\/www.paparazzinews.com.br\/index.php?rest_route=%2Fwp%2Fv2%2Fmedia&parent=2299"}],"wp:term":[{"taxonomy":"category","embeddable":true,"href":"https:\/\/www.paparazzinews.com.br\/index.php?rest_route=%2Fwp%2Fv2%2Fcategories&post=2299"},{"taxonomy":"post_tag","embeddable":true,"href":"https:\/\/www.paparazzinews.com.br\/index.php?rest_route=%2Fwp%2Fv2%2Ftags&post=2299"}],"curies":[{"name":"wp","href":"https:\/\/api.w.org\/{rel}","templated":true}]}}