{"id":2293,"date":"2023-03-14T17:59:03","date_gmt":"2023-03-14T20:59:03","guid":{"rendered":"https:\/\/www.paparazzinews.com.br\/?p=2293"},"modified":"2023-03-14T17:59:04","modified_gmt":"2023-03-14T20:59:04","slug":"comerciante-e-preso-com-pistola-9mm-que-usaria-para-matar-vereador-em-pereira-barreto","status":"publish","type":"post","link":"https:\/\/www.paparazzinews.com.br\/?p=2293","title":{"rendered":"Comerciante \u00e9 preso com pistola 9mm que usaria para matar vereador em Pereira Barreto"},"content":{"rendered":"\n<p>Um comerciante de 48 anos foi preso pela Pol\u00edcia Militar de Pereira Barreto (SP), nesta ter\u00e7a-feira (14), ele \u00e9 acusado de amea\u00e7ar de morte um vereador.<\/p>\n\n\n\n<p>Segundo informa\u00e7\u00f5es apuradas pelo Roni Paparazzi os policiais foram acionados pele nobre edil que narrou a amea\u00e7a sofrida, o vereador disse ainda que enquanto era xingado e amea\u00e7ado, p\u00f4de ouvir, ao fundo da liga\u00e7\u00e3o, sons de golpe de ferrolho de arma de fogo.<\/p>\n\n\n\n<p>De posse das informa\u00e7\u00f5es e caracter\u00edsticas f\u00edsicas do autor das amea\u00e7as, todo o policiamento foi acionado, passando a patrulhar com vistas a ele, que logo depois foi localizado em um bar e abordado. Em busca pessoal, nada de il\u00edcito foi localizado.<\/p>\n\n\n\n<p>Em busca no interior de seu ve\u00edculo, localizaram um carregador de pistola municiado com oito cartuchos intactos, calibre 9mm. Questionado, W. informou que o carregador pertencia a uma pistola de sua propriedade, apresentando o registro v\u00e1lido de uma pistola Taurus, modelo PT111 G2C, calibre 9mm.<\/p>\n\n\n\n<p><strong>TELEFONEMA E ARMA NO COFRE<\/strong><\/p>\n\n\n\n<p>Indagado se havia amea\u00e7ado ou se desentendido com algu\u00e9m, informou que teve um desentendimento com um conhecido e o xingou por telefone.<\/p>\n\n\n\n<p>Indagado se estaria portando a pistola enquanto trafegava pelo munic\u00edpio, disse que sim. Questionado sobre o paradeiro da arma de fogo, informou que estaria no cofre de sua resid\u00eancia e que levaria os policiais at\u00e9 l\u00e1 para entreg\u00e1-la, sendo assim feito, acompanhado por seu advogado. No local retirou a arma do cofre e a entregou, com mais dois carregadores e trinta e oito cartuchos.<\/p>\n\n\n\n<p>Diante dos fatos e evid\u00eancias, lhe foi dada voz de pris\u00e3o pelos crimes de porte ilegal de arma de fogo de uso permitido (artigo 14 da lei 10.826\/03) e amea\u00e7a artigo 147 do C.P.), sendo conduzido ao distrito policial, onde o delegado de plant\u00e3o ratificou a voz de pris\u00e3o e o recolheu \u00e0 cadeia ficando \u00e0 disposi\u00e7\u00e3o da justi\u00e7a.<\/p>\n","protected":false},"excerpt":{"rendered":"<p>Um comerciante de 48 anos foi preso pela Pol\u00edcia Militar de Pereira Barreto (SP), nesta ter\u00e7a-feira (14), ele \u00e9 acusado de amea\u00e7ar de morte um vereador. Segundo informa\u00e7\u00f5es apuradas pelo Roni Paparazzi os policiais foram acionados pele nobre edil que narrou a amea\u00e7a sofrida, o vereador disse ainda que enquanto era xingado e amea\u00e7ado, p\u00f4de &hellip;<\/p>\n","protected":false},"author":1,"featured_media":2294,"comment_status":"open","ping_status":"open","sticky":false,"template":"","format":"standard","meta":{"_jetpack_memberships_contains_paid_content":false,"footnotes":"","jetpack_publicize_message":"","jetpack_publicize_feature_enabled":true,"jetpack_social_post_already_shared":false,"jetpack_social_options":{"image_generator_settings":{"template":"highway","default_image_id":0,"enabled":false},"version":2}},"categories":[3],"tags":[],"class_list":["post-2293","post","type-post","status-publish","format-standard","has-post-thumbnail","hentry","category-policial"],"jetpack_publicize_connections":[],"jetpack_featured_media_url":"https:\/\/i0.wp.com\/www.paparazzinews.com.br\/wp-content\/uploads\/2023\/03\/8db80aec-002d-4a58-ba46-e481597c9522.jpg?fit=625%2C497&ssl=1","views":"6176","jetpack_likes_enabled":true,"jetpack_sharing_enabled":true,"_links":{"self":[{"href":"https:\/\/www.paparazzinews.com.br\/index.php?rest_route=\/wp\/v2\/posts\/2293","targetHints":{"allow":["GET"]}}],"collection":[{"href":"https:\/\/www.paparazzinews.com.br\/index.php?rest_route=\/wp\/v2\/posts"}],"about":[{"href":"https:\/\/www.paparazzinews.com.br\/index.php?rest_route=\/wp\/v2\/types\/post"}],"author":[{"embeddable":true,"href":"https:\/\/www.paparazzinews.com.br\/index.php?rest_route=\/wp\/v2\/users\/1"}],"replies":[{"embeddable":true,"href":"https:\/\/www.paparazzinews.com.br\/index.php?rest_route=%2Fwp%2Fv2%2Fcomments&post=2293"}],"version-history":[{"count":1,"href":"https:\/\/www.paparazzinews.com.br\/index.php?rest_route=\/wp\/v2\/posts\/2293\/revisions"}],"predecessor-version":[{"id":2295,"href":"https:\/\/www.paparazzinews.com.br\/index.php?rest_route=\/wp\/v2\/posts\/2293\/revisions\/2295"}],"wp:featuredmedia":[{"embeddable":true,"href":"https:\/\/www.paparazzinews.com.br\/index.php?rest_route=\/wp\/v2\/media\/2294"}],"wp:attachment":[{"href":"https:\/\/www.paparazzinews.com.br\/index.php?rest_route=%2Fwp%2Fv2%2Fmedia&parent=2293"}],"wp:term":[{"taxonomy":"category","embeddable":true,"href":"https:\/\/www.paparazzinews.com.br\/index.php?rest_route=%2Fwp%2Fv2%2Fcategories&post=2293"},{"taxonomy":"post_tag","embeddable":true,"href":"https:\/\/www.paparazzinews.com.br\/index.php?rest_route=%2Fwp%2Fv2%2Ftags&post=2293"}],"curies":[{"name":"wp","href":"https:\/\/api.w.org\/{rel}","templated":true}]}}