{"id":2290,"date":"2023-03-14T16:00:06","date_gmt":"2023-03-14T19:00:06","guid":{"rendered":"https:\/\/www.paparazzinews.com.br\/?p=2290"},"modified":"2023-03-14T16:00:07","modified_gmt":"2023-03-14T19:00:07","slug":"implantacao-de-novo-sistema-de-alerta-de-risco-com-operadores-de-celular-e-discutido","status":"publish","type":"post","link":"https:\/\/www.paparazzinews.com.br\/?p=2290","title":{"rendered":"Implanta\u00e7\u00e3o de novo sistema de alerta de risco com operadores de celular \u00e9 discutido"},"content":{"rendered":"\n<p>O governador Tarc\u00edsio de Freitas se reuniu na manh\u00e3 desta segunda-feira (13) com executivos de operadoras de telefonia m\u00f3vel para discutir op\u00e7\u00f5es tecnol\u00f3gicas para melhorar o sistema de alertas \u00e0 popula\u00e7\u00e3o em \u00e1reas de risco em casos de poss\u00edveis desastres naturais. O secret\u00e1rio-chefe da Casa Militar e coordenador da Defesa Civil do Estado, coronel Henguel Ricardo Pereira, e representantes do \u00f3rg\u00e3o tamb\u00e9m estiveram presentes ao encontro.<\/p>\n\n\n\n<p>Atualmente, o sistema de alertas \u00e9 feito por meio de mensagens SMS, mediante cadastro do usu\u00e1rio \u2013 h\u00e1 cerca de 2,6 milh\u00f5es de usu\u00e1rios cadastrados no Estado de S\u00e3o Paulo. A ideia, segundo o governador de S\u00e3o Paulo, \u00e9 montar um sistema de alertas mais moderno, chamado cell broadcast, que tem o diferencial de enviar os alertas para Esta\u00e7\u00f5es R\u00e1dio Base (ERB), que direcionam a mensagem automaticamente para todos os aparelhos celulares que estejam em seu raio de cobertura. O m\u00e9todo j\u00e1 \u00e9 utilizado nos Estados Unidos, no Jap\u00e3o e em pa\u00edses da Europa.<\/p>\n\n\n\n<p>\u201cO dono do celular pode estar jogando, assistindo filme, fazendo o que for, a mensagem vai aparecer e chamar a aten\u00e7\u00e3o da pessoa. Ao sair da \u00e1rea onde as torres est\u00e3o recebendo e distribuindo os alertas da Defesa Civil, aquele celular deixa de receber os alertas\u201d, explicou Tarc\u00edsio de Freitas. O alerta aparecer\u00e1 na tela e o usu\u00e1rio precisa confirmar que visualizou a mensagem.<\/p>\n\n\n\n<p>O sistema j\u00e1 est\u00e1 em processo de constru\u00e7\u00e3o do projeto-piloto no Pa\u00eds. O governador paulista, por\u00e9m, solicitou \u00e0s telef\u00f4nicas a incluir, prioritariamente, 39 cidades da Regi\u00e3o Metropolitana de S\u00e3o Paulo (RMSP) e outras nove do Litoral Paulista. S\u00e3o \u00e1reas consideradas de risco para deslizamentos de terra e com popula\u00e7\u00e3o estimada em 1,5 milh\u00e3o de habitantes.<\/p>\n\n\n\n<p>&#8220;\u00c9 um alento saber que essa quest\u00e3o estar\u00e1 equacionada para o pr\u00f3ximo ver\u00e3o. Tenho de pensar no futuro e ter um sistema eficiente de alerta de defesa civil eficiente. Temos de fazer diferente do que sempre foi feito. Celular \u00e9 algo que pessoas de qualquer extrato social t\u00eam e temos de usar isso para fazermos comunica\u00e7\u00e3o de poss\u00edveis trag\u00e9dias&#8221;, refor\u00e7ou.<\/p>\n\n\n\n<p>Foi definida a cria\u00e7\u00e3o de um grupo de trabalho composto por membros do Governo de S\u00e3o Paulo e das empresas de telefonia. O objetivo \u00e9 discutir os custos e a implanta\u00e7\u00e3o da tecnologia necess\u00e1ria para o in\u00edcio do sistema. O grupo ter\u00e1 120 dias para apresentar o relat\u00f3rio final.<\/p>\n\n\n\n<p>\u201cDemos um importante passo hoje. Precisamos melhorar o sistema de alertas de desastre no estado de SP e a cria\u00e7\u00e3o deste grupo de trabalho vai permitir adotarmos um sistema j\u00e1 consolidado em v\u00e1rios pa\u00edses desenvolvidos\u201d, destacou o governador.<\/p>\n\n\n\n<p>Tamb\u00e9m participaram do encontro o CEO da Oi, Rodrigo Abreu; o head de Solu\u00e7\u00f5es da Oi, Marcelo Moraes; o vice-presidente de Rela\u00e7\u00f5es Institucionais da Vivo, Renato Gasparetto; o diretor de Rela\u00e7\u00f5es Institucionais da Vivo, Tiago Brocardo; o diretor de Rela\u00e7\u00f5es Institucionais da Tim, Cleber Affanio; e o vice-presidente da Claro, Oscar Petersen.<\/p>\n\n\n\n<p><strong>Capacita\u00e7\u00e3o<br><\/strong>Tarc\u00edsio de Freitas lembrou que tamb\u00e9m ser\u00e1 necess\u00e1rio investir na capacita\u00e7\u00e3o da popula\u00e7\u00e3o para saberem como atuar quando um alerta for emitido. Segundo ele, \u00e9 preciso treinar todos, incluir a cultura de Defesa Civil nas escolas e melhorar a acur\u00e1cia dos radares meteorol\u00f3gicos no Estado para manter a credibilidade desses alertas.<\/p>\n\n\n\n<p>&#8220;Incluir nas escolas a disciplina Defesa Civil \u00e9 uma medida essencial, pois crian\u00e7a que mora em \u00e1rea de risco, estuda em \u00e1rea de risco. Isso ser\u00e1 um diferencial para termos uma atua\u00e7\u00e3o efetiva e que proteja vidas&#8221;.<\/p>\n","protected":false},"excerpt":{"rendered":"<p>O governador Tarc\u00edsio de Freitas se reuniu na manh\u00e3 desta segunda-feira (13) com executivos de operadoras de telefonia m\u00f3vel para discutir op\u00e7\u00f5es tecnol\u00f3gicas para melhorar o sistema de alertas \u00e0 popula\u00e7\u00e3o em \u00e1reas de risco em casos de poss\u00edveis desastres naturais. O secret\u00e1rio-chefe da Casa Militar e coordenador da Defesa Civil do Estado, coronel Henguel &hellip;<\/p>\n","protected":false},"author":1,"featured_media":2291,"comment_status":"open","ping_status":"open","sticky":false,"template":"","format":"standard","meta":{"_jetpack_memberships_contains_paid_content":false,"footnotes":"","jetpack_publicize_message":"","jetpack_publicize_feature_enabled":true,"jetpack_social_post_already_shared":false,"jetpack_social_options":{"image_generator_settings":{"template":"highway","default_image_id":0,"enabled":false},"version":2}},"categories":[4],"tags":[],"class_list":["post-2290","post","type-post","status-publish","format-standard","has-post-thumbnail","hentry","category-regiao"],"jetpack_publicize_connections":[],"jetpack_featured_media_url":"https:\/\/i0.wp.com\/www.paparazzinews.com.br\/wp-content\/uploads\/2023\/03\/FrHnyv5WIA0GpmI-e1678820390243.jpg?fit=1000%2C666&ssl=1","views":"7390","jetpack_likes_enabled":true,"jetpack_sharing_enabled":true,"_links":{"self":[{"href":"https:\/\/www.paparazzinews.com.br\/index.php?rest_route=\/wp\/v2\/posts\/2290","targetHints":{"allow":["GET"]}}],"collection":[{"href":"https:\/\/www.paparazzinews.com.br\/index.php?rest_route=\/wp\/v2\/posts"}],"about":[{"href":"https:\/\/www.paparazzinews.com.br\/index.php?rest_route=\/wp\/v2\/types\/post"}],"author":[{"embeddable":true,"href":"https:\/\/www.paparazzinews.com.br\/index.php?rest_route=\/wp\/v2\/users\/1"}],"replies":[{"embeddable":true,"href":"https:\/\/www.paparazzinews.com.br\/index.php?rest_route=%2Fwp%2Fv2%2Fcomments&post=2290"}],"version-history":[{"count":1,"href":"https:\/\/www.paparazzinews.com.br\/index.php?rest_route=\/wp\/v2\/posts\/2290\/revisions"}],"predecessor-version":[{"id":2292,"href":"https:\/\/www.paparazzinews.com.br\/index.php?rest_route=\/wp\/v2\/posts\/2290\/revisions\/2292"}],"wp:featuredmedia":[{"embeddable":true,"href":"https:\/\/www.paparazzinews.com.br\/index.php?rest_route=\/wp\/v2\/media\/2291"}],"wp:attachment":[{"href":"https:\/\/www.paparazzinews.com.br\/index.php?rest_route=%2Fwp%2Fv2%2Fmedia&parent=2290"}],"wp:term":[{"taxonomy":"category","embeddable":true,"href":"https:\/\/www.paparazzinews.com.br\/index.php?rest_route=%2Fwp%2Fv2%2Fcategories&post=2290"},{"taxonomy":"post_tag","embeddable":true,"href":"https:\/\/www.paparazzinews.com.br\/index.php?rest_route=%2Fwp%2Fv2%2Ftags&post=2290"}],"curies":[{"name":"wp","href":"https:\/\/api.w.org\/{rel}","templated":true}]}}