{"id":2287,"date":"2023-03-14T15:19:30","date_gmt":"2023-03-14T18:19:30","guid":{"rendered":"https:\/\/www.paparazzinews.com.br\/?p=2287"},"modified":"2023-03-14T15:19:30","modified_gmt":"2023-03-14T18:19:30","slug":"castilho-concede-3-dias-de-luto-pela-morte-de-servidora-da-saude","status":"publish","type":"post","link":"https:\/\/www.paparazzinews.com.br\/?p=2287","title":{"rendered":"Castilho concede 3 dias de luto pela morte de servidora da sa\u00fade"},"content":{"rendered":"\n<p>A Prefeitura de Castilho manifesta o seu mais profundo pesar pelo falecimento da servidora p\u00fablica, Marlene Souza Lima, ocorrido na manh\u00e3 desta ter\u00e7a feira, dia 14 de mar\u00e7o. Desde 1992 Marlene era funcion\u00e1ria p\u00fablica da secretaria de sa\u00fade.<\/p>\n\n\n\n<p>Nesse momento de dor e tristeza o prefeito Paulo Duarte Boaventura, decreta luto oficial de 03 dias e em nome dos servidores p\u00fablicos da Prefeitura Municipal, prestam os seus mais sinceros sentimentos e se solidarizam com os familiares pela perda desta grande amiga que deixou um legado de carinho e amizade.<\/p>\n\n\n\n<p>\u201cMarlene deixar\u00e1 muitas saudades em todos com quem conviveu e cativou, a Administra\u00e7\u00e3o P\u00fablica refor\u00e7a os votos de pesar pela grande perda e agradecimentos \u00e0 imensa dedica\u00e7\u00e3o e excelente trabalho prestado ao munic\u00edpio de Castilho\u201d.<\/p>\n","protected":false},"excerpt":{"rendered":"<p>A Prefeitura de Castilho manifesta o seu mais profundo pesar pelo falecimento da servidora p\u00fablica, Marlene Souza Lima, ocorrido na manh\u00e3 desta ter\u00e7a feira, dia 14 de mar\u00e7o. Desde 1992 Marlene era funcion\u00e1ria p\u00fablica da secretaria de sa\u00fade. Nesse momento de dor e tristeza o prefeito Paulo Duarte Boaventura, decreta luto oficial de 03 dias &hellip;<\/p>\n","protected":false},"author":1,"featured_media":2288,"comment_status":"open","ping_status":"open","sticky":false,"template":"","format":"standard","meta":{"_jetpack_memberships_contains_paid_content":false,"footnotes":"","jetpack_publicize_message":"","jetpack_publicize_feature_enabled":true,"jetpack_social_post_already_shared":false,"jetpack_social_options":{"image_generator_settings":{"template":"highway","default_image_id":0,"enabled":false},"version":2}},"categories":[4],"tags":[],"class_list":["post-2287","post","type-post","status-publish","format-standard","has-post-thumbnail","hentry","category-regiao"],"jetpack_publicize_connections":[],"jetpack_featured_media_url":"https:\/\/i0.wp.com\/www.paparazzinews.com.br\/wp-content\/uploads\/2023\/03\/Luto-Marlene-e1678817955941.png?fit=1000%2C1000&ssl=1","views":"6573","jetpack_likes_enabled":true,"jetpack_sharing_enabled":true,"_links":{"self":[{"href":"https:\/\/www.paparazzinews.com.br\/index.php?rest_route=\/wp\/v2\/posts\/2287","targetHints":{"allow":["GET"]}}],"collection":[{"href":"https:\/\/www.paparazzinews.com.br\/index.php?rest_route=\/wp\/v2\/posts"}],"about":[{"href":"https:\/\/www.paparazzinews.com.br\/index.php?rest_route=\/wp\/v2\/types\/post"}],"author":[{"embeddable":true,"href":"https:\/\/www.paparazzinews.com.br\/index.php?rest_route=\/wp\/v2\/users\/1"}],"replies":[{"embeddable":true,"href":"https:\/\/www.paparazzinews.com.br\/index.php?rest_route=%2Fwp%2Fv2%2Fcomments&post=2287"}],"version-history":[{"count":1,"href":"https:\/\/www.paparazzinews.com.br\/index.php?rest_route=\/wp\/v2\/posts\/2287\/revisions"}],"predecessor-version":[{"id":2289,"href":"https:\/\/www.paparazzinews.com.br\/index.php?rest_route=\/wp\/v2\/posts\/2287\/revisions\/2289"}],"wp:featuredmedia":[{"embeddable":true,"href":"https:\/\/www.paparazzinews.com.br\/index.php?rest_route=\/wp\/v2\/media\/2288"}],"wp:attachment":[{"href":"https:\/\/www.paparazzinews.com.br\/index.php?rest_route=%2Fwp%2Fv2%2Fmedia&parent=2287"}],"wp:term":[{"taxonomy":"category","embeddable":true,"href":"https:\/\/www.paparazzinews.com.br\/index.php?rest_route=%2Fwp%2Fv2%2Fcategories&post=2287"},{"taxonomy":"post_tag","embeddable":true,"href":"https:\/\/www.paparazzinews.com.br\/index.php?rest_route=%2Fwp%2Fv2%2Ftags&post=2287"}],"curies":[{"name":"wp","href":"https:\/\/api.w.org\/{rel}","templated":true}]}}