{"id":2268,"date":"2023-03-14T13:52:40","date_gmt":"2023-03-14T16:52:40","guid":{"rendered":"https:\/\/www.paparazzinews.com.br\/?p=2268"},"modified":"2023-03-14T13:52:42","modified_gmt":"2023-03-14T16:52:42","slug":"canibal-sera-julgado-em-andradina-por-matar-colega-de-cela-com-mata-leao","status":"publish","type":"post","link":"https:\/\/www.paparazzinews.com.br\/?p=2268","title":{"rendered":"\u201cCanibal\u201d ser\u00e1 julgado em Andradina por matar colega de cela com \u201cmata-le\u00e3o\u201d"},"content":{"rendered":"\n<p>O Tribunal do J\u00fari do F\u00f3rum de Andradina se re\u00fane nesta quarta-feira (15), a partir das 9h, para julgar um presidi\u00e1rio acusado de matar um colega de cela na noite do dia 17 de novembro de 2021, na penitenci\u00e1ria local.<\/p>\n\n\n\n<p>\u00a0\u00a0\u00a0\u00a0\u00a0\u00a0\u00a0\u00a0\u00a0\u00a0Geovane Jos\u00e9 da Silva, conhecido como \u201cCanibal\u201d, de 32 anos, teria asfixiado at\u00e9 a morte outro detento, Jullian Fernandes Nunes Queiroz, aos 25 anos.<\/p>\n\n\n\n<p>&nbsp;&nbsp;&nbsp;&nbsp;&nbsp;&nbsp;&nbsp;&nbsp;&nbsp;&nbsp;&nbsp; Um preso que dep\u00f4s como testemunha durante o processo relatou que \u201cquando chegou na cela o acusado j\u00e1 \u2018mandava\u2019 na cela. Acredita que na cela tinham 12 ou 14 presos. N\u00e3o houve discuss\u00e3o. O acusado deu um mata-le\u00e3o at\u00e9 a morte da v\u00edtima. Acredita que tinha uma diverg\u00eancia anterior. O acusado j\u00e1 tinha matado outra vez na penitenci\u00e1ria. Todos t\u00eam medo do acusado.\u201d<\/p>\n\n\n\n<p>&nbsp;&nbsp;&nbsp;&nbsp;&nbsp;&nbsp;&nbsp;&nbsp;&nbsp;&nbsp;&nbsp; Um agente penitenci\u00e1rio afirmou durante depoimento que o r\u00e9u lhe disse que&nbsp; havia matado o colega em decorr\u00eancia de uma briga pelo local de dormir.<\/p>\n\n\n\n<p>Uma outra testemunha \u201crelatou em ju\u00edzo que foi uma cena r\u00e1pida e o acusado deu uma \u2018gravata\u2019 na v\u00edtima que veio a \u00f3bito. N\u00e3o sabe o motivo. No momento ouviu um barulho de pesco\u00e7o quebrando, mas pode afirmar com certeza. Depois o acusado usou uma toalha, mas a v\u00edtima j\u00e1 estava desmaiada.\u201d<\/p>\n\n\n\n<p>O acusado disse \u00e0 Justi\u00e7a que matou a v\u00edtima porque esta tinha matado a pr\u00f3pria m\u00e3e com marretadas e n\u00e3o aceitou tal fato e ent\u00e3o quebrou o pesco\u00e7o da v\u00edtima.<\/p>\n","protected":false},"excerpt":{"rendered":"<p>O Tribunal do J\u00fari do F\u00f3rum de Andradina se re\u00fane nesta quarta-feira (15), a partir das 9h, para julgar um presidi\u00e1rio acusado de matar um colega de cela na noite do dia 17 de novembro de 2021, na penitenci\u00e1ria local. \u00a0\u00a0\u00a0\u00a0\u00a0\u00a0\u00a0\u00a0\u00a0\u00a0Geovane Jos\u00e9 da Silva, conhecido como \u201cCanibal\u201d, de 32 anos, teria asfixiado at\u00e9 a morte &hellip;<\/p>\n","protected":false},"author":1,"featured_media":2269,"comment_status":"open","ping_status":"open","sticky":false,"template":"","format":"standard","meta":{"_jetpack_memberships_contains_paid_content":false,"footnotes":"","jetpack_publicize_message":"","jetpack_publicize_feature_enabled":true,"jetpack_social_post_already_shared":false,"jetpack_social_options":{"image_generator_settings":{"template":"highway","default_image_id":0,"enabled":false},"version":2}},"categories":[3],"tags":[],"class_list":["post-2268","post","type-post","status-publish","format-standard","has-post-thumbnail","hentry","category-policial"],"jetpack_publicize_connections":[],"jetpack_featured_media_url":"https:\/\/i0.wp.com\/www.paparazzinews.com.br\/wp-content\/uploads\/2023\/03\/Canibal.jpg?fit=1000%2C654&ssl=1","views":"8254","jetpack_likes_enabled":true,"jetpack_sharing_enabled":true,"_links":{"self":[{"href":"https:\/\/www.paparazzinews.com.br\/index.php?rest_route=\/wp\/v2\/posts\/2268","targetHints":{"allow":["GET"]}}],"collection":[{"href":"https:\/\/www.paparazzinews.com.br\/index.php?rest_route=\/wp\/v2\/posts"}],"about":[{"href":"https:\/\/www.paparazzinews.com.br\/index.php?rest_route=\/wp\/v2\/types\/post"}],"author":[{"embeddable":true,"href":"https:\/\/www.paparazzinews.com.br\/index.php?rest_route=\/wp\/v2\/users\/1"}],"replies":[{"embeddable":true,"href":"https:\/\/www.paparazzinews.com.br\/index.php?rest_route=%2Fwp%2Fv2%2Fcomments&post=2268"}],"version-history":[{"count":1,"href":"https:\/\/www.paparazzinews.com.br\/index.php?rest_route=\/wp\/v2\/posts\/2268\/revisions"}],"predecessor-version":[{"id":2270,"href":"https:\/\/www.paparazzinews.com.br\/index.php?rest_route=\/wp\/v2\/posts\/2268\/revisions\/2270"}],"wp:featuredmedia":[{"embeddable":true,"href":"https:\/\/www.paparazzinews.com.br\/index.php?rest_route=\/wp\/v2\/media\/2269"}],"wp:attachment":[{"href":"https:\/\/www.paparazzinews.com.br\/index.php?rest_route=%2Fwp%2Fv2%2Fmedia&parent=2268"}],"wp:term":[{"taxonomy":"category","embeddable":true,"href":"https:\/\/www.paparazzinews.com.br\/index.php?rest_route=%2Fwp%2Fv2%2Fcategories&post=2268"},{"taxonomy":"post_tag","embeddable":true,"href":"https:\/\/www.paparazzinews.com.br\/index.php?rest_route=%2Fwp%2Fv2%2Ftags&post=2268"}],"curies":[{"name":"wp","href":"https:\/\/api.w.org\/{rel}","templated":true}]}}