{"id":22334,"date":"2026-04-29T15:01:08","date_gmt":"2026-04-29T18:01:08","guid":{"rendered":"https:\/\/www.paparazzinews.com.br\/?p=22334"},"modified":"2026-04-29T15:01:10","modified_gmt":"2026-04-29T18:01:10","slug":"mulher-assume-comando-da-pm-pela-primeira-vez","status":"publish","type":"post","link":"https:\/\/www.paparazzinews.com.br\/?p=22334","title":{"rendered":"Mulher assume comando da PM pela primeira vez"},"content":{"rendered":"\n<p><strong>DE CASTILHO SP POR RONI PAPARAZZI &#8211;<\/strong> Um momento hist\u00f3rico marcou a Pol\u00edcia Militar do Estado de S\u00e3o Paulo nesta quarta-feira (29\/04). Pela primeira vez em quase 200 anos de exist\u00eancia, a corpora\u00e7\u00e3o passa a ser comandada por uma mulher.<\/p>\n\n\n\n<p>A coronel Glauce Anselmo Cavalli assumiu oficialmente o comando-geral da PM em cerim\u00f4nia realizada na Academia do Barro Branco, na capital paulista, substituindo o coronel Jos\u00e9 Augusto Coutinho.<\/p>\n\n\n\n<p>A nomea\u00e7\u00e3o representa um avan\u00e7o significativo na hist\u00f3ria da institui\u00e7\u00e3o, simbolizando n\u00e3o apenas uma mudan\u00e7a de comando, mas a quebra de uma barreira hist\u00f3rica dentro da maior for\u00e7a p\u00fablica do Brasil.<\/p>\n\n\n\n<p>Durante a solenidade, o governador Tarc\u00edsio de Freitas destacou a import\u00e2ncia da escolha, ressaltando a trajet\u00f3ria, preparo e reconhecimento da nova comandante.<\/p>\n\n\n\n<p>Em seu discurso, a coronel Glauce afirmou que a conquista n\u00e3o \u00e9 individual, mas coletiva.<br>Segundo ela, o momento representa o reconhecimento do trabalho de gera\u00e7\u00f5es de mulheres que abriram caminho dentro da corpora\u00e7\u00e3o.<\/p>\n\n\n\n<p>Atualmente, a Pol\u00edcia Militar conta com mais de 11 mil policiais femininas atuando em diversas \u00e1reas. A nova comandante assume o cargo em um cen\u00e1rio de expans\u00e3o da corpora\u00e7\u00e3o, com investimentos em viaturas, equipamentos e refor\u00e7o no efetivo.<\/p>\n\n\n\n<p>A posse marca um novo cap\u00edtulo na hist\u00f3ria da seguran\u00e7a p\u00fablica paulista.<\/p>\n\n\n\n<p id=\"block-efca4206-d368-43bc-be2b-3e46b0d0616d\">Siga o <strong>Roni Paparazzi News<\/strong> e fa\u00e7a parte da nossa rede de informa\u00e7\u00e3o.<\/p>\n\n\n\n<p id=\"block-ebdacfd0-91bd-4827-b210-dcecb698d050\">\ud83d\udc49 Facebook: <a href=\"https:\/\/www.facebook.com\/ronipaparazzicomvoce\">https:\/\/www.facebook.com\/ronipaparazzicomvoce<\/a><br>\ud83d\udc49 Instagram: <a href=\"https:\/\/www.instagram.com\/ronipaparazzi\/\">https:\/\/www.instagram.com\/ronipaparazzi\/<\/a><br>\ud83d\udc49 Canal de Not\u00edcias no WhatsApp: <a href=\"https:\/\/whatsapp.com\/channel\/0029VbBs2Ti1yT2AL8fspm46\">https:\/\/whatsapp.com\/channel\/0029VbBs2Ti1yT2AL8fspm46<\/a><\/p>\n\n\n\n<p id=\"block-b5759461-d87a-44c6-b950-d9351e35ff1c\">No canal oficial, voc\u00ea recebe not\u00edcias em tempo real, alertas importantes e informa\u00e7\u00f5es que impactam a regi\u00e3o, direto no seu celular, com rapidez e credibilidade.<\/p>\n\n\n\n<p id=\"block-0ca40b55-ae6a-4ba3-9545-1551b28fe135\">\ud83d\udd14 Entre, acompanhe e convide quem tamb\u00e9m precisa ficar bem informado.<\/p>\n\n\n\n<p id=\"block-d2e06a52-dba0-4837-8755-fb0ed69089df\"><strong>Roni Paparazzi \u2014 A chave da sua informa\u00e7\u00e3o.<\/strong> \ud83d\udddd\ufe0f<\/p>\n","protected":false},"excerpt":{"rendered":"<p>DE CASTILHO SP POR RONI PAPARAZZI &#8211; Um momento hist\u00f3rico marcou a Pol\u00edcia Militar do Estado de S\u00e3o Paulo nesta quarta-feira (29\/04). Pela primeira vez em quase 200 anos de exist\u00eancia, a corpora\u00e7\u00e3o passa a ser comandada por uma mulher. A coronel Glauce Anselmo Cavalli assumiu oficialmente o comando-geral da PM em cerim\u00f4nia realizada na &hellip;<\/p>\n","protected":false},"author":1,"featured_media":22335,"comment_status":"open","ping_status":"open","sticky":false,"template":"","format":"standard","meta":{"_jetpack_memberships_contains_paid_content":false,"footnotes":"","jetpack_publicize_message":"","jetpack_publicize_feature_enabled":true,"jetpack_social_post_already_shared":true,"jetpack_social_options":{"image_generator_settings":{"template":"highway","default_image_id":0,"enabled":false},"version":2}},"categories":[3],"tags":[],"class_list":["post-22334","post","type-post","status-publish","format-standard","has-post-thumbnail","hentry","category-policial"],"jetpack_publicize_connections":[],"jetpack_featured_media_url":"https:\/\/i0.wp.com\/www.paparazzinews.com.br\/wp-content\/uploads\/2026\/04\/00061118-e1777485539943.jpeg?fit=1000%2C666&ssl=1","views":"57","jetpack_likes_enabled":true,"jetpack_sharing_enabled":true,"_links":{"self":[{"href":"https:\/\/www.paparazzinews.com.br\/index.php?rest_route=\/wp\/v2\/posts\/22334","targetHints":{"allow":["GET"]}}],"collection":[{"href":"https:\/\/www.paparazzinews.com.br\/index.php?rest_route=\/wp\/v2\/posts"}],"about":[{"href":"https:\/\/www.paparazzinews.com.br\/index.php?rest_route=\/wp\/v2\/types\/post"}],"author":[{"embeddable":true,"href":"https:\/\/www.paparazzinews.com.br\/index.php?rest_route=\/wp\/v2\/users\/1"}],"replies":[{"embeddable":true,"href":"https:\/\/www.paparazzinews.com.br\/index.php?rest_route=%2Fwp%2Fv2%2Fcomments&post=22334"}],"version-history":[{"count":1,"href":"https:\/\/www.paparazzinews.com.br\/index.php?rest_route=\/wp\/v2\/posts\/22334\/revisions"}],"predecessor-version":[{"id":22336,"href":"https:\/\/www.paparazzinews.com.br\/index.php?rest_route=\/wp\/v2\/posts\/22334\/revisions\/22336"}],"wp:featuredmedia":[{"embeddable":true,"href":"https:\/\/www.paparazzinews.com.br\/index.php?rest_route=\/wp\/v2\/media\/22335"}],"wp:attachment":[{"href":"https:\/\/www.paparazzinews.com.br\/index.php?rest_route=%2Fwp%2Fv2%2Fmedia&parent=22334"}],"wp:term":[{"taxonomy":"category","embeddable":true,"href":"https:\/\/www.paparazzinews.com.br\/index.php?rest_route=%2Fwp%2Fv2%2Fcategories&post=22334"},{"taxonomy":"post_tag","embeddable":true,"href":"https:\/\/www.paparazzinews.com.br\/index.php?rest_route=%2Fwp%2Fv2%2Ftags&post=22334"}],"curies":[{"name":"wp","href":"https:\/\/api.w.org\/{rel}","templated":true}]}}