{"id":216,"date":"2022-06-30T15:03:42","date_gmt":"2022-06-30T18:03:42","guid":{"rendered":"https:\/\/www.paparazzinews.com.br\/?p=216"},"modified":"2022-06-30T15:03:44","modified_gmt":"2022-06-30T18:03:44","slug":"pintor-e-preso-por-furtar-supermercado-em-andradina","status":"publish","type":"post","link":"https:\/\/www.paparazzinews.com.br\/?p=216","title":{"rendered":"Pintor \u00e9 preso por furtar supermercado em Andradina"},"content":{"rendered":"\n<p><\/p>\n\n\n\n<p>Um pintor de 39 anos foi preso pela Pol\u00edcia Militar por furtar produtos de um supermercado nesta ter\u00e7a-feira (28) em Andradina (SP).<\/p>\n\n\n\n<p>As primeiras informa\u00e7\u00f5es que foram transmitidas a PM, era que um indiv\u00edduo havia subtra\u00eddo g\u00eaneros aliment\u00edcios e se evadido em uma motocicleta Honda Biz de cor vermelha, placa EKE 18XX9.<\/p>\n\n\n\n<p>Iniciando as dilig\u00eancias, efetuaram pesquisa da placa, que constou pertencer a outra motocicleta. Dando seguimento, pela sala Geocriminal do 28\u00ba BPM\/I, utilizando ferramentas inteligentes dispon\u00edveis, realizou diversas combina\u00e7\u00f5es, que culminaram no encontro da placa verdadeira da motocicleta, bem como o seu endere\u00e7o de registro.<\/p>\n\n\n\n<p>Diante desta informa\u00e7\u00e3o, foram ao endere\u00e7o mencionado, que estava fechado. Os militares ent\u00e3o em dilig\u00eancias por toda a cidade e, algum tempo depois, localizaram o autor, muito conhecido nos meios policiais pela pr\u00e1tica de tr\u00e1fico de drogas e associa\u00e7\u00e3o para o tr\u00e1fico, na via p\u00fablica, a p\u00e9, j\u00e1 sem a motocicleta.<\/p>\n\n\n\n<p>Questionado admitiu o furto, declarando que j\u00e1 havia vendido os produtos furtados, todavia, em busca minuciosa no interior de sua resid\u00eancia, estes foram encontrados e apreendidos.<\/p>\n\n\n\n<p>Diante dos fatos e evid\u00eancias, ele recebeu voz de pris\u00e3o pelo crime de furto, sendo conduzido ao 1\u00ba DP onde foi autuado em flagrante e recolhido ao c\u00e1rcere, \u00e0 disposi\u00e7\u00e3o da justi\u00e7a.<\/p>\n\n\n\n<p>Os g\u00eaneros aliment\u00edcios furtados foram restitu\u00eddos ao representante do supermercado. A motocicleta utilizada no cometimento do crime n\u00e3o foi localizada.<\/p>\n","protected":false},"excerpt":{"rendered":"<p>Um pintor de 39 anos foi preso pela Pol\u00edcia Militar por furtar produtos de um supermercado nesta ter\u00e7a-feira (28) em Andradina (SP). As primeiras informa\u00e7\u00f5es que foram transmitidas a PM, era que um indiv\u00edduo havia subtra\u00eddo g\u00eaneros aliment\u00edcios e se evadido em uma motocicleta Honda Biz de cor vermelha, placa EKE 18XX9. Iniciando as dilig\u00eancias, &hellip;<\/p>\n","protected":false},"author":1,"featured_media":217,"comment_status":"open","ping_status":"open","sticky":false,"template":"","format":"standard","meta":{"_jetpack_memberships_contains_paid_content":false,"footnotes":"","jetpack_publicize_message":"","jetpack_publicize_feature_enabled":true,"jetpack_social_post_already_shared":false,"jetpack_social_options":{"image_generator_settings":{"template":"highway","default_image_id":0,"enabled":false},"version":2}},"categories":[3],"tags":[],"class_list":["post-216","post","type-post","status-publish","format-standard","has-post-thumbnail","hentry","category-policial"],"jetpack_publicize_connections":[],"jetpack_featured_media_url":"https:\/\/i0.wp.com\/www.paparazzinews.com.br\/wp-content\/uploads\/2022\/06\/290135980_569397224772626_8721802810321512510_n.jpg?fit=1024%2C587&ssl=1","views":"5843","jetpack_likes_enabled":true,"jetpack_sharing_enabled":true,"_links":{"self":[{"href":"https:\/\/www.paparazzinews.com.br\/index.php?rest_route=\/wp\/v2\/posts\/216","targetHints":{"allow":["GET"]}}],"collection":[{"href":"https:\/\/www.paparazzinews.com.br\/index.php?rest_route=\/wp\/v2\/posts"}],"about":[{"href":"https:\/\/www.paparazzinews.com.br\/index.php?rest_route=\/wp\/v2\/types\/post"}],"author":[{"embeddable":true,"href":"https:\/\/www.paparazzinews.com.br\/index.php?rest_route=\/wp\/v2\/users\/1"}],"replies":[{"embeddable":true,"href":"https:\/\/www.paparazzinews.com.br\/index.php?rest_route=%2Fwp%2Fv2%2Fcomments&post=216"}],"version-history":[{"count":1,"href":"https:\/\/www.paparazzinews.com.br\/index.php?rest_route=\/wp\/v2\/posts\/216\/revisions"}],"predecessor-version":[{"id":218,"href":"https:\/\/www.paparazzinews.com.br\/index.php?rest_route=\/wp\/v2\/posts\/216\/revisions\/218"}],"wp:featuredmedia":[{"embeddable":true,"href":"https:\/\/www.paparazzinews.com.br\/index.php?rest_route=\/wp\/v2\/media\/217"}],"wp:attachment":[{"href":"https:\/\/www.paparazzinews.com.br\/index.php?rest_route=%2Fwp%2Fv2%2Fmedia&parent=216"}],"wp:term":[{"taxonomy":"category","embeddable":true,"href":"https:\/\/www.paparazzinews.com.br\/index.php?rest_route=%2Fwp%2Fv2%2Fcategories&post=216"},{"taxonomy":"post_tag","embeddable":true,"href":"https:\/\/www.paparazzinews.com.br\/index.php?rest_route=%2Fwp%2Fv2%2Ftags&post=216"}],"curies":[{"name":"wp","href":"https:\/\/api.w.org\/{rel}","templated":true}]}}