{"id":21322,"date":"2026-01-27T16:22:05","date_gmt":"2026-01-27T19:22:05","guid":{"rendered":"https:\/\/www.paparazzinews.com.br\/?p=21322"},"modified":"2026-01-27T16:22:07","modified_gmt":"2026-01-27T19:22:07","slug":"pm-e-punido-por-bigode","status":"publish","type":"post","link":"https:\/\/www.paparazzinews.com.br\/?p=21322","title":{"rendered":"PM \u00e9 punido por bigode"},"content":{"rendered":"\n<p><strong>DE CASTILHO (SP) POR RONI PAPARAZZI\u00a0\u2013<\/strong> Um segundo sargento da Pol\u00edcia Militar recebeu puni\u00e7\u00e3o disciplinar de <strong>tr\u00eas dias de deten\u00e7\u00e3o administrativa<\/strong> por estar com o bigode fora dos padr\u00f5es de apresenta\u00e7\u00e3o pessoal exigidos pela corpora\u00e7\u00e3o. O caso ocorreu ap\u00f3s uma fiscaliza\u00e7\u00e3o durante servi\u00e7o extra, e o militar <strong>recorreu da decis\u00e3o<\/strong>, que ainda est\u00e1 em andamento.<\/p>\n\n\n\n<p>O sargento <strong>Samuel de Ara\u00fajo Lima<\/strong>, que atua h\u00e1 <strong>35 anos na Pol\u00edcia Militar<\/strong> e atualmente est\u00e1 lotado na <strong>Companhia Independente de Apoio ao Turista (CIATur)<\/strong>, utiliza o mesmo estilo de bigode h\u00e1 anos, segundo a defesa. De acordo com o advogado <strong>Tiago Regis<\/strong>, o visual nunca havia sido questionado anteriormente, inclusive em ocasi\u00f5es oficiais, como quando o militar foi recebido pelo comandante-geral da corpora\u00e7\u00e3o em 2024.<\/p>\n\n\n\n<p>Ainda segundo a defesa, <strong>n\u00e3o houve den\u00fancia formal<\/strong>, e a notifica\u00e7\u00e3o ocorreu apenas ap\u00f3s uma fiscaliza\u00e7\u00e3o de rotina. A puni\u00e7\u00e3o foi publicada em <strong>boletim interno da Pol\u00edcia Militar no dia 13 de janeiro<\/strong>.<\/p>\n\n\n\n<p>Procurada, a Pol\u00edcia Militar informou que a san\u00e7\u00e3o est\u00e1 de acordo com o <strong>Suplemento Normativo (Sunor) n\u00ba 68, de 26 de outubro de 2020<\/strong>, que regulamenta os padr\u00f5es de apresenta\u00e7\u00e3o pessoal dos militares estaduais.<\/p>\n\n\n\n<p>De acordo com a norma, o bigode \u00e9 permitido, desde que:<\/p>\n\n\n\n<ul class=\"wp-block-list\">\n<li>seja <strong>discreto e aparado<\/strong>;<\/li>\n\n\n\n<li><strong>n\u00e3o ultrapasse a linha dos l\u00e1bios<\/strong>;<\/li>\n\n\n\n<li>esteja <strong>registrado na carteira de identidade funcional<\/strong>;<\/li>\n\n\n\n<li>seja mantido <strong>acima da linha do l\u00e1bio superior<\/strong>.<\/li>\n<\/ul>\n\n\n\n<p>A corpora\u00e7\u00e3o destacou ainda que a puni\u00e7\u00e3o aplicada <strong>n\u00e3o retira o militar do servi\u00e7o<\/strong>, tratando-se apenas de <strong>san\u00e7\u00e3o administrativa prevista nos regulamentos internos<\/strong>.<\/p>\n\n\n\n<p>O caso gerou debate nas redes sociais, com opini\u00f5es divididas entre o cumprimento rigoroso das normas institucionais e questionamentos sobre a proporcionalidade da puni\u00e7\u00e3o, especialmente considerando o hist\u00f3rico funcional do sargento.<\/p>\n\n\n\n<p><strong><em><strong><em><strong><em><strong><em><strong><em><strong><em><strong><em><strong><em><strong><em><strong><em><strong><em><strong><em><strong><em><strong><em><strong><em><strong><em><strong><em><strong><em><strong><em><strong><em><strong><em><strong><em><strong><em><strong><em><strong><em><strong><em><strong><em><strong><em><strong><em><strong><em><strong><em><strong><em><strong><em><strong><em><strong><em><strong><em><strong><em><strong><em><strong><em><strong><em><strong><em><strong><em><strong><em><strong><em><strong><em><strong><em><strong><em><strong><em><strong><em><strong><em><strong><em><strong><em><strong><em><strong><em><strong><em><strong><em><strong><em><strong><em><strong><em><strong><em><strong><em><strong><em><strong><em><strong><em><strong><em><strong><em><strong><em><strong><em><strong><em><strong><em><strong><em><strong><em><strong><em><strong><em><strong><em><strong><em><strong><em><strong><em><strong><em><strong><em><strong><em><strong><em><strong><em><strong><em><strong><em><strong><em><strong><em><strong><em><strong><em><strong><em><strong><em><strong><em><strong><em><strong><em><strong><em><strong><em><strong><em><strong><em><strong><em><strong><em><strong><em><strong><em><strong><em><strong><em><strong><em><strong><em><strong><em><strong><em><strong><em><strong><em><strong><em><strong><em><strong><em><strong><em><strong><em><strong><em><strong><em><strong><em><strong><em><strong><em><strong><em><strong><em><strong><em><strong><em><strong><em><strong><em><strong><em><strong><em><strong><em><strong><em><strong><em><strong><em><strong><em><strong><em><strong><em><strong><em><strong><em><strong><em><strong><em><strong><em><strong><em><strong><em><strong><em><strong><em><strong><em><strong><em><strong><em><strong><em><strong><em><strong><em><strong><em><strong><em><strong><em><strong><em><strong><em><strong><em><strong><em><strong><em><strong><em><strong><em><strong><em><strong><em><strong><em><strong><em><strong><em><strong><em><strong><em><strong><em><strong><em><strong><em><strong><em><strong><em><strong><em><strong><em><strong><em><strong><em><strong><em><strong><em><strong><em><strong><em><strong><em><strong><em><strong><em><strong><em><strong><em><strong><em><strong><em><strong><em><strong><em><strong><em><strong><em><strong><em><strong><em><strong><em><strong><em><strong><em><strong><em><strong><em><strong><em><strong><em><strong><em><strong><em><strong><em><strong><em><strong><em><strong><em><strong><em><strong><em><strong><em><strong><em><strong><em><strong><em><strong><em><strong><em><strong><em><strong><em><strong><em><strong><em><strong><em><strong><em><strong><em><strong><em><strong><em><strong><em><strong><em><strong><em><strong><em><strong><em><strong><em><strong><em><strong><em><strong><em><strong><em><strong><em><strong><em><strong><em><strong><em><strong><em><strong><em><strong><em><strong><em><strong><em><strong><em><strong><em><strong><em><strong><em><strong><em><strong><em><strong><em><strong><em><strong>Siga nossas redes sociais e\u00a0participe da nossa comunidade do Canal de noticias do Roni Paparazzi no Whatsapp e receba as principais not\u00edcias da regi\u00e3o de Ara\u00e7atuba do dia direto no seu celular siga nosso \u00a0<a href=\"https:\/\/www.instagram.com\/ronipaparazzi\/\">Instagram e\u00a0<\/a><a href=\"https:\/\/www.facebook.com\/ronipaparazzicomvoce\">Facebook<\/a><a href=\"https:\/\/chat.whatsapp.com\/GsG1XKo0jPOEfjzudWQcml\" target=\"_blank\" rel=\"noreferrer noopener\">\u00a0Clique aqui e se inscreva.<\/a><\/strong><\/em><\/strong><\/em><\/strong><\/em><\/strong><\/em><\/strong><\/em><\/strong><\/em><\/strong><\/em><\/strong><\/em><\/strong><\/em><\/strong><\/em><\/strong><\/em><\/strong><\/em><\/strong><\/em><\/strong><\/em><\/strong><\/em><\/strong><\/em><\/strong><\/em><\/strong><\/em><\/strong><\/em><\/strong><\/em><\/strong><\/em><\/strong><\/em><\/strong><\/em><\/strong><\/em><\/strong><\/em><\/strong><\/em><\/strong><\/em><\/strong><\/em><\/strong><\/em><\/strong><\/em><\/strong><\/em><\/strong><\/em><\/strong><\/em><\/strong><\/em><\/strong><\/em><\/strong><\/em><\/strong><\/em><\/strong><\/em><\/strong><\/em><\/strong><\/em><\/strong><\/em><\/strong><\/em><\/strong><\/em><\/strong><\/em><\/strong><\/em><\/strong><\/em><\/strong><\/em><\/strong><\/em><\/strong><\/em><\/strong><\/em><\/strong><\/em><\/strong><\/em><\/strong><\/em><\/strong><\/em><\/strong><\/em><\/strong><\/em><\/strong><\/em><\/strong><\/em><\/strong><\/em><\/strong><\/em><\/strong><\/em><\/strong><\/em><\/strong><\/em><\/strong><\/em><\/strong><\/em><\/strong><\/em><\/strong><\/em><\/strong><\/em><\/strong><\/em><\/strong><\/em><\/strong><\/em><\/strong><\/em><\/strong><\/em><\/strong><\/em><\/strong><\/em><\/strong><\/em><\/strong><\/em><\/strong><\/em><\/strong><\/em><\/strong><\/em><\/strong><\/em><\/strong><\/em><\/strong><\/em><\/strong><\/em><\/strong><\/em><\/strong><\/em><\/strong><\/em><\/strong><\/em><\/strong><\/em><\/strong><\/em><\/strong><\/em><\/strong><\/em><\/strong><\/em><\/strong><\/em><\/strong><\/em><\/strong><\/em><\/strong><\/em><\/strong><\/em><\/strong><\/em><\/strong><\/em><\/strong><\/em><\/strong><\/em><\/strong><\/em><\/strong><\/em><\/strong><\/em><\/strong><\/em><\/strong><\/em><\/strong><\/em><\/strong><\/em><\/strong><\/em><\/strong><\/em><\/strong><\/em><\/strong><\/em><\/strong><\/em><\/strong><\/em><\/strong><\/em><\/strong><\/em><\/strong><\/em><\/strong><\/em><\/strong><\/em><\/strong><\/em><\/strong><\/em><\/strong><\/em><\/strong><\/em><\/strong><\/em><\/strong><\/em><\/strong><\/em><\/strong><\/em><\/strong><\/em><\/strong><\/em><\/strong><\/em><\/strong><\/em><\/strong><\/em><\/strong><\/em><\/strong><\/em><\/strong><\/em><\/strong><\/em><\/strong><\/em><\/strong><\/em><\/strong><\/em><\/strong><\/em><\/strong><\/em><\/strong><\/em><\/strong><\/em><\/strong><\/em><\/strong><\/em><\/strong><\/em><\/strong><\/em><\/strong><\/em><\/strong><\/em><\/strong><\/em><\/strong><\/em><\/strong><\/em><\/strong><\/em><\/strong><\/em><\/strong><\/em><\/strong><\/em><\/strong><\/em><\/strong><\/em><\/strong><\/em><\/strong><\/em><\/strong><\/em><\/strong><\/em><\/strong><\/em><\/strong><\/em><\/strong><\/em><\/strong><\/em><\/strong><\/em><\/strong><\/em><\/strong><\/em><\/strong><\/em><\/strong><\/em><\/strong><\/em><\/strong><\/em><\/strong><\/em><\/strong><\/em><\/strong><\/em><\/strong><\/em><\/strong><\/em><\/strong><\/em><\/strong><\/em><\/strong><\/em><\/strong><\/em><\/strong><\/em><\/strong><\/em><\/strong><\/em><\/strong><\/em><\/strong><\/em><\/strong><\/em><\/strong><\/em><\/strong><\/em><\/strong><\/em><\/strong><\/em><\/strong><\/em><\/strong><\/em><\/strong><\/em><\/strong><\/em><\/strong><\/em><\/strong><\/em><\/strong><\/em><\/strong><\/em><\/strong><\/em><\/strong><\/em><\/strong><\/em><\/strong><\/em><\/strong><\/em><\/strong><\/em><\/strong><\/em><\/strong><\/em><\/strong><\/em><\/strong><\/em><\/strong><\/em><\/strong><\/em><\/strong><\/em><\/strong><\/em><\/strong><\/em><\/strong><\/em><\/strong><\/em><\/strong><\/em><\/strong><\/em><\/strong><\/em><\/strong><\/em><\/strong><\/em><\/strong><\/em><\/strong><\/em><\/strong><\/em><\/strong><\/em><\/strong><\/em><\/strong><\/em><\/strong><\/em><\/strong><\/em><\/strong><\/em><\/strong><\/em><\/strong><\/em><\/strong><\/em><\/strong><\/em><\/strong><\/em><\/strong><\/em><\/strong><\/em><\/strong><\/em><\/strong><\/em><\/strong><\/em><\/strong><\/em><\/strong><\/em><\/strong><\/em><\/strong><\/em><\/strong><\/em><\/strong><\/em><\/strong><\/em><\/strong><\/em><\/strong><\/p>\n","protected":false},"excerpt":{"rendered":"<p>DE CASTILHO (SP) POR RONI PAPARAZZI\u00a0\u2013 Um segundo sargento da Pol\u00edcia Militar recebeu puni\u00e7\u00e3o disciplinar de tr\u00eas dias de deten\u00e7\u00e3o administrativa por estar com o bigode fora dos padr\u00f5es de apresenta\u00e7\u00e3o pessoal exigidos pela corpora\u00e7\u00e3o. O caso ocorreu ap\u00f3s uma fiscaliza\u00e7\u00e3o durante servi\u00e7o extra, e o militar recorreu da decis\u00e3o, que ainda est\u00e1 em andamento. &hellip;<\/p>\n","protected":false},"author":1,"featured_media":21323,"comment_status":"open","ping_status":"open","sticky":false,"template":"","format":"standard","meta":{"_jetpack_memberships_contains_paid_content":false,"footnotes":"","jetpack_publicize_message":"","jetpack_publicize_feature_enabled":true,"jetpack_social_post_already_shared":true,"jetpack_social_options":{"image_generator_settings":{"template":"highway","default_image_id":0,"enabled":false},"version":2}},"categories":[3],"tags":[],"class_list":["post-21322","post","type-post","status-publish","format-standard","has-post-thumbnail","hentry","category-policial"],"jetpack_publicize_connections":[],"jetpack_featured_media_url":"https:\/\/i0.wp.com\/www.paparazzinews.com.br\/wp-content\/uploads\/2026\/01\/SaveClip.App_622347785_1342788301222390_8583105347149733957_n.jpg?fit=1080%2C1350&ssl=1","views":"395","jetpack_likes_enabled":true,"jetpack_sharing_enabled":true,"_links":{"self":[{"href":"https:\/\/www.paparazzinews.com.br\/index.php?rest_route=\/wp\/v2\/posts\/21322","targetHints":{"allow":["GET"]}}],"collection":[{"href":"https:\/\/www.paparazzinews.com.br\/index.php?rest_route=\/wp\/v2\/posts"}],"about":[{"href":"https:\/\/www.paparazzinews.com.br\/index.php?rest_route=\/wp\/v2\/types\/post"}],"author":[{"embeddable":true,"href":"https:\/\/www.paparazzinews.com.br\/index.php?rest_route=\/wp\/v2\/users\/1"}],"replies":[{"embeddable":true,"href":"https:\/\/www.paparazzinews.com.br\/index.php?rest_route=%2Fwp%2Fv2%2Fcomments&post=21322"}],"version-history":[{"count":1,"href":"https:\/\/www.paparazzinews.com.br\/index.php?rest_route=\/wp\/v2\/posts\/21322\/revisions"}],"predecessor-version":[{"id":21324,"href":"https:\/\/www.paparazzinews.com.br\/index.php?rest_route=\/wp\/v2\/posts\/21322\/revisions\/21324"}],"wp:featuredmedia":[{"embeddable":true,"href":"https:\/\/www.paparazzinews.com.br\/index.php?rest_route=\/wp\/v2\/media\/21323"}],"wp:attachment":[{"href":"https:\/\/www.paparazzinews.com.br\/index.php?rest_route=%2Fwp%2Fv2%2Fmedia&parent=21322"}],"wp:term":[{"taxonomy":"category","embeddable":true,"href":"https:\/\/www.paparazzinews.com.br\/index.php?rest_route=%2Fwp%2Fv2%2Fcategories&post=21322"},{"taxonomy":"post_tag","embeddable":true,"href":"https:\/\/www.paparazzinews.com.br\/index.php?rest_route=%2Fwp%2Fv2%2Ftags&post=21322"}],"curies":[{"name":"wp","href":"https:\/\/api.w.org\/{rel}","templated":true}]}}