{"id":21264,"date":"2026-01-22T17:50:03","date_gmt":"2026-01-22T20:50:03","guid":{"rendered":"https:\/\/www.paparazzinews.com.br\/?p=21264"},"modified":"2026-01-22T17:50:06","modified_gmt":"2026-01-22T20:50:06","slug":"estacao-de-esgoto-entra-em-operacao-em-planalto","status":"publish","type":"post","link":"https:\/\/www.paparazzinews.com.br\/?p=21264","title":{"rendered":"Esta\u00e7\u00e3o de esgoto entra em opera\u00e7\u00e3o em Planalto"},"content":{"rendered":"\n<p><strong>DE CASTILHO (SP) POR RONI PAPARAZZI\u00a0\u2013<\/strong>\u00a0A <strong>Esta\u00e7\u00e3o Elevat\u00f3ria de Esgoto do distrito de Planalto<\/strong>, em Andradina, entrou oficialmente em opera\u00e7\u00e3o, marcando uma nova etapa no avan\u00e7o do <strong>saneamento b\u00e1sico no munic\u00edpio<\/strong>. O equipamento \u00e9 respons\u00e1vel por bombear o esgoto coletado no distrito at\u00e9 a <strong>Esta\u00e7\u00e3o de Tratamento de Esgoto (ETE) S\u00e3o Pedro II<\/strong>, garantindo que todo o efluente gerado seja tratado corretamente antes de retornar ao meio ambiente.<\/p>\n\n\n\n<p>Com o sistema em funcionamento, todos os moradores que j\u00e1 interligaram seus im\u00f3veis \u00e0 rede coletora passam a ter o esgoto de suas resid\u00eancias devidamente tratado, o que representa <strong>ganhos diretos para a sa\u00fade p\u00fablica, qualidade de vida e preserva\u00e7\u00e3o ambiental<\/strong>.<\/p>\n\n\n\n<h3 class=\"wp-block-heading\">Estrutura integra plano de expans\u00e3o do saneamento<\/h3>\n\n\n\n<p>Segundo o gerente operacional da <strong>\u00c1guas Andradina<\/strong>, <strong>Alexandre Pardim<\/strong>, a entrada em opera\u00e7\u00e3o da Esta\u00e7\u00e3o Elevat\u00f3ria representa um marco para a comunidade.<\/p>\n\n\n\n<blockquote class=\"wp-block-quote is-layout-flow wp-block-quote-is-layout-flow\">\n<p>\u201cEsse \u00e9 um momento muito importante para Planalto. A partir de agora, o esgoto coletado no distrito passa a receber tratamento adequado, o que traz benef\u00edcios diretos para a sa\u00fade da popula\u00e7\u00e3o e para o meio ambiente. Todo o sistema est\u00e1 pronto, e a interliga\u00e7\u00e3o dos im\u00f3veis \u00e9 fundamental para que a comunidade aproveite plenamente esse avan\u00e7o\u201d, destacou.<\/p>\n<\/blockquote>\n\n\n\n<h3 class=\"wp-block-heading\">Interliga\u00e7\u00e3o dos im\u00f3veis \u00e9 essencial<\/h3>\n\n\n\n<p>Apesar do avan\u00e7o estrutural, a concession\u00e1ria refor\u00e7a que <strong>alguns moradores ainda n\u00e3o realizaram a interliga\u00e7\u00e3o dos im\u00f3veis \u00e0 rede<\/strong>, mesmo ap\u00f3s terem recebido gratuitamente os kits de tubula\u00e7\u00f5es doados pela empresa. Nesses casos, \u00e9 necess\u00e1rio providenciar a execu\u00e7\u00e3o da obra para conex\u00e3o.<\/p>\n\n\n\n<p>J\u00e1 os moradores que <strong>n\u00e3o realizaram o cadastro dentro do prazo e perderam o benef\u00edcio da doa\u00e7\u00e3o gratuita<\/strong> devem providenciar a interliga\u00e7\u00e3o com urg\u00eancia, arcando com os custos de material e m\u00e3o de obra.<\/p>\n\n\n\n<p>A \u00c1guas Andradina informou que, ao longo dos \u00faltimos meses, promoveu <strong>reuni\u00f5es comunit\u00e1rias, visitas t\u00e9cnicas de casa em casa, atualiza\u00e7\u00e3o de cadastros e entrega de kits<\/strong>, al\u00e9m de prestar orienta\u00e7\u00f5es presenciais sobre o funcionamento do sistema.<\/p>\n\n\n\n<blockquote class=\"wp-block-quote is-layout-flow wp-block-quote-is-layout-flow\">\n<p>\u201cNossa equipe trabalha com di\u00e1logo, transpar\u00eancia e escuta ativa. Agora, contamos com a parceria de todos para que possamos interligar 100% dos im\u00f3veis e garantir que os benef\u00edcios do saneamento cheguem a toda a comunidade\u201d, completou Pardim.<\/p>\n<\/blockquote>\n\n\n\n<h3 class=\"wp-block-heading\">Tarifa de esgoto<\/h3>\n\n\n\n<p>Com o sistema em opera\u00e7\u00e3o, a concession\u00e1ria informa que <strong>todos os moradores do distrito passar\u00e3o a pagar a tarifa de esgoto junto com a conta de \u00e1gua<\/strong>, independentemente de o im\u00f3vel j\u00e1 estar interligado, uma vez que o servi\u00e7o est\u00e1 dispon\u00edvel para toda a popula\u00e7\u00e3o.<\/p>\n\n\n\n<p>Como medida inicial, a <strong>tarifa de esgoto ser\u00e1 isenta neste primeiro m\u00eas de opera\u00e7\u00e3o<\/strong>, mas o valor <strong>passar\u00e1 a ser cobrado nas contas com leitura realizada no m\u00eas de mar\u00e7o<\/strong>.<\/p>\n\n\n\n<h3 class=\"wp-block-heading\">Atendimento ao cliente<\/h3>\n\n\n\n<p>Para d\u00favidas ou mais informa\u00e7\u00f5es, os moradores podem procurar a <strong>loja de atendimento da \u00c1guas Andradina<\/strong>, localizada na <strong>Rua Doutor Orensy Rodrigues da Silva, n\u00ba 1062<\/strong>, de segunda a sexta-feira, das <strong>8h30 \u00e0s 17h<\/strong>.<\/p>\n\n\n\n<p>Outras informa\u00e7\u00f5es tamb\u00e9m est\u00e3o dispon\u00edveis nos canais oficiais da concession\u00e1ria e no site:<br>\ud83c\udf10 <strong><a href=\"http:\/\/www.igua.com.br\/andradina\">www.igua.com.br\/andradina<\/a><\/strong><\/p>\n\n\n\n<p><strong><em><strong><em><strong><em><strong><em><strong><em><strong><em><strong><em><strong><em><strong><em><strong><em><strong><em><strong><em><strong><em><strong><em><strong><em><strong><em><strong><em><strong><em><strong><em><strong><em><strong><em><strong><em><strong><em><strong><em><strong><em><strong><em><strong><em><strong><em><strong><em><strong><em><strong><em><strong><em><strong><em><strong><em><strong><em><strong><em><strong><em><strong><em><strong><em><strong><em><strong><em><strong><em><strong><em><strong><em><strong><em><strong><em><strong><em><strong><em><strong><em><strong><em><strong><em><strong><em><strong><em><strong><em><strong><em><strong><em><strong><em><strong><em><strong><em><strong><em><strong><em><strong><em><strong><em><strong><em><strong><em><strong><em><strong><em><strong><em><strong><em><strong><em><strong><em><strong><em><strong><em><strong><em><strong><em><strong><em><strong><em><strong><em><strong><em><strong><em><strong><em><strong><em><strong><em><strong><em><strong><em><strong><em><strong><em><strong><em><strong><em><strong><em><strong><em><strong><em><strong><em><strong><em><strong><em><strong><em><strong><em><strong><em><strong><em><strong><em><strong><em><strong><em><strong><em><strong><em><strong><em><strong><em><strong><em><strong><em><strong><em><strong><em><strong><em><strong><em><strong><em><strong><em><strong><em><strong><em><strong><em><strong><em><strong><em><strong><em><strong><em><strong><em><strong><em><strong><em><strong><em><strong><em><strong><em><strong><em><strong><em><strong><em><strong><em><strong><em><strong><em><strong><em><strong><em><strong><em><strong><em><strong><em><strong><em><strong><em><strong><em><strong><em><strong><em><strong><em><strong><em><strong><em><strong><em><strong><em><strong><em><strong><em><strong><em><strong><em><strong><em><strong><em><strong><em><strong><em><strong><em><strong><em><strong><em><strong><em><strong><em><strong><em><strong><em><strong><em><strong><em><strong><em><strong><em><strong><em><strong><em><strong><em><strong><em><strong><em><strong><em><strong><em><strong><em><strong><em><strong><em><strong><em><strong><em><strong><em><strong><em><strong><em><strong><em><strong><em><strong><em><strong><em><strong><em><strong><em><strong><em><strong><em><strong><em><strong><em><strong><em><strong><em><strong><em><strong><em><strong><em><strong><em><strong><em><strong><em><strong><em><strong><em><strong><em><strong><em><strong><em><strong><em><strong><em><strong><em><strong><em><strong><em><strong><em><strong><em><strong><em><strong><em><strong><em><strong><em><strong><em><strong><em><strong><em><strong><em><strong><em><strong><em><strong><em><strong><em><strong><em><strong><em><strong><em><strong><em><strong><em><strong><em><strong><em><strong><em><strong><em><strong><em><strong><em><strong><em><strong><em><strong><em><strong><em><strong><em><strong><em><strong><em><strong><em><strong><em><strong><em><strong><em><strong><em><strong><em><strong><em><strong><em><strong>Siga nossas redes sociais e\u00a0participe da nossa comunidade do Canal de noticias do Roni Paparazzi no Whatsapp e receba as principais not\u00edcias da regi\u00e3o de Ara\u00e7atuba do dia direto no seu celular siga nosso \u00a0<a href=\"https:\/\/www.instagram.com\/ronipaparazzi\/\">Instagram e\u00a0<\/a><a href=\"https:\/\/www.facebook.com\/ronipaparazzicomvoce\">Facebook<\/a><a href=\"https:\/\/chat.whatsapp.com\/GsG1XKo0jPOEfjzudWQcml\" target=\"_blank\" rel=\"noreferrer noopener\">\u00a0Clique aqui e se inscreva.<\/a><\/strong><\/em><\/strong><\/em><\/strong><\/em><\/strong><\/em><\/strong><\/em><\/strong><\/em><\/strong><\/em><\/strong><\/em><\/strong><\/em><\/strong><\/em><\/strong><\/em><\/strong><\/em><\/strong><\/em><\/strong><\/em><\/strong><\/em><\/strong><\/em><\/strong><\/em><\/strong><\/em><\/strong><\/em><\/strong><\/em><\/strong><\/em><\/strong><\/em><\/strong><\/em><\/strong><\/em><\/strong><\/em><\/strong><\/em><\/strong><\/em><\/strong><\/em><\/strong><\/em><\/strong><\/em><\/strong><\/em><\/strong><\/em><\/strong><\/em><\/strong><\/em><\/strong><\/em><\/strong><\/em><\/strong><\/em><\/strong><\/em><\/strong><\/em><\/strong><\/em><\/strong><\/em><\/strong><\/em><\/strong><\/em><\/strong><\/em><\/strong><\/em><\/strong><\/em><\/strong><\/em><\/strong><\/em><\/strong><\/em><\/strong><\/em><\/strong><\/em><\/strong><\/em><\/strong><\/em><\/strong><\/em><\/strong><\/em><\/strong><\/em><\/strong><\/em><\/strong><\/em><\/strong><\/em><\/strong><\/em><\/strong><\/em><\/strong><\/em><\/strong><\/em><\/strong><\/em><\/strong><\/em><\/strong><\/em><\/strong><\/em><\/strong><\/em><\/strong><\/em><\/strong><\/em><\/strong><\/em><\/strong><\/em><\/strong><\/em><\/strong><\/em><\/strong><\/em><\/strong><\/em><\/strong><\/em><\/strong><\/em><\/strong><\/em><\/strong><\/em><\/strong><\/em><\/strong><\/em><\/strong><\/em><\/strong><\/em><\/strong><\/em><\/strong><\/em><\/strong><\/em><\/strong><\/em><\/strong><\/em><\/strong><\/em><\/strong><\/em><\/strong><\/em><\/strong><\/em><\/strong><\/em><\/strong><\/em><\/strong><\/em><\/strong><\/em><\/strong><\/em><\/strong><\/em><\/strong><\/em><\/strong><\/em><\/strong><\/em><\/strong><\/em><\/strong><\/em><\/strong><\/em><\/strong><\/em><\/strong><\/em><\/strong><\/em><\/strong><\/em><\/strong><\/em><\/strong><\/em><\/strong><\/em><\/strong><\/em><\/strong><\/em><\/strong><\/em><\/strong><\/em><\/strong><\/em><\/strong><\/em><\/strong><\/em><\/strong><\/em><\/strong><\/em><\/strong><\/em><\/strong><\/em><\/strong><\/em><\/strong><\/em><\/strong><\/em><\/strong><\/em><\/strong><\/em><\/strong><\/em><\/strong><\/em><\/strong><\/em><\/strong><\/em><\/strong><\/em><\/strong><\/em><\/strong><\/em><\/strong><\/em><\/strong><\/em><\/strong><\/em><\/strong><\/em><\/strong><\/em><\/strong><\/em><\/strong><\/em><\/strong><\/em><\/strong><\/em><\/strong><\/em><\/strong><\/em><\/strong><\/em><\/strong><\/em><\/strong><\/em><\/strong><\/em><\/strong><\/em><\/strong><\/em><\/strong><\/em><\/strong><\/em><\/strong><\/em><\/strong><\/em><\/strong><\/em><\/strong><\/em><\/strong><\/em><\/strong><\/em><\/strong><\/em><\/strong><\/em><\/strong><\/em><\/strong><\/em><\/strong><\/em><\/strong><\/em><\/strong><\/em><\/strong><\/em><\/strong><\/em><\/strong><\/em><\/strong><\/em><\/strong><\/em><\/strong><\/em><\/strong><\/em><\/strong><\/em><\/strong><\/em><\/strong><\/em><\/strong><\/em><\/strong><\/em><\/strong><\/em><\/strong><\/em><\/strong><\/em><\/strong><\/em><\/strong><\/em><\/strong><\/em><\/strong><\/em><\/strong><\/em><\/strong><\/em><\/strong><\/em><\/strong><\/em><\/strong><\/em><\/strong><\/em><\/strong><\/em><\/strong><\/em><\/strong><\/em><\/strong><\/em><\/strong><\/em><\/strong><\/em><\/strong><\/em><\/strong><\/em><\/strong><\/em><\/strong><\/em><\/strong><\/em><\/strong><\/em><\/strong><\/em><\/strong><\/em><\/strong><\/em><\/strong><\/em><\/strong><\/em><\/strong><\/em><\/strong><\/em><\/strong><\/em><\/strong><\/em><\/strong><\/em><\/strong><\/em><\/strong><\/em><\/strong><\/em><\/strong><\/em><\/strong><\/em><\/strong><\/em><\/strong><\/em><\/strong><\/em><\/strong><\/em><\/strong><\/em><\/strong><\/em><\/strong><\/em><\/strong><\/em><\/strong><\/em><\/strong><\/em><\/strong><\/em><\/strong><\/em><\/strong><\/em><\/strong><\/em><\/strong><\/em><\/strong><\/em><\/strong><\/em><\/strong><\/em><\/strong><\/em><\/strong><\/em><\/strong><\/em><\/strong><\/em><\/strong><\/em><\/strong><\/em><\/strong><\/em><\/strong><\/em><\/strong><\/em><\/strong><\/em><\/strong><\/em><\/strong><\/em><\/strong><\/em><\/strong><\/p>\n","protected":false},"excerpt":{"rendered":"<p>DE CASTILHO (SP) POR RONI PAPARAZZI\u00a0\u2013\u00a0A Esta\u00e7\u00e3o Elevat\u00f3ria de Esgoto do distrito de Planalto, em Andradina, entrou oficialmente em opera\u00e7\u00e3o, marcando uma nova etapa no avan\u00e7o do saneamento b\u00e1sico no munic\u00edpio. O equipamento \u00e9 respons\u00e1vel por bombear o esgoto coletado no distrito at\u00e9 a Esta\u00e7\u00e3o de Tratamento de Esgoto (ETE) S\u00e3o Pedro II, garantindo que &hellip;<\/p>\n","protected":false},"author":1,"featured_media":21265,"comment_status":"open","ping_status":"open","sticky":false,"template":"","format":"standard","meta":{"_jetpack_memberships_contains_paid_content":false,"footnotes":"","jetpack_publicize_message":"","jetpack_publicize_feature_enabled":true,"jetpack_social_post_already_shared":true,"jetpack_social_options":{"image_generator_settings":{"template":"highway","default_image_id":0,"enabled":false},"version":2}},"categories":[4],"tags":[],"class_list":["post-21264","post","type-post","status-publish","format-standard","has-post-thumbnail","hentry","category-regiao"],"jetpack_publicize_connections":[],"jetpack_featured_media_url":"https:\/\/i0.wp.com\/www.paparazzinews.com.br\/wp-content\/uploads\/2026\/01\/WhatsApp-Image-2026-01-22-at-08.33.27-e1769114991840.jpeg?fit=1000%2C750&ssl=1","views":"302","jetpack_likes_enabled":true,"jetpack_sharing_enabled":true,"_links":{"self":[{"href":"https:\/\/www.paparazzinews.com.br\/index.php?rest_route=\/wp\/v2\/posts\/21264","targetHints":{"allow":["GET"]}}],"collection":[{"href":"https:\/\/www.paparazzinews.com.br\/index.php?rest_route=\/wp\/v2\/posts"}],"about":[{"href":"https:\/\/www.paparazzinews.com.br\/index.php?rest_route=\/wp\/v2\/types\/post"}],"author":[{"embeddable":true,"href":"https:\/\/www.paparazzinews.com.br\/index.php?rest_route=\/wp\/v2\/users\/1"}],"replies":[{"embeddable":true,"href":"https:\/\/www.paparazzinews.com.br\/index.php?rest_route=%2Fwp%2Fv2%2Fcomments&post=21264"}],"version-history":[{"count":1,"href":"https:\/\/www.paparazzinews.com.br\/index.php?rest_route=\/wp\/v2\/posts\/21264\/revisions"}],"predecessor-version":[{"id":21266,"href":"https:\/\/www.paparazzinews.com.br\/index.php?rest_route=\/wp\/v2\/posts\/21264\/revisions\/21266"}],"wp:featuredmedia":[{"embeddable":true,"href":"https:\/\/www.paparazzinews.com.br\/index.php?rest_route=\/wp\/v2\/media\/21265"}],"wp:attachment":[{"href":"https:\/\/www.paparazzinews.com.br\/index.php?rest_route=%2Fwp%2Fv2%2Fmedia&parent=21264"}],"wp:term":[{"taxonomy":"category","embeddable":true,"href":"https:\/\/www.paparazzinews.com.br\/index.php?rest_route=%2Fwp%2Fv2%2Fcategories&post=21264"},{"taxonomy":"post_tag","embeddable":true,"href":"https:\/\/www.paparazzinews.com.br\/index.php?rest_route=%2Fwp%2Fv2%2Ftags&post=21264"}],"curies":[{"name":"wp","href":"https:\/\/api.w.org\/{rel}","templated":true}]}}