{"id":21114,"date":"2026-01-16T18:14:55","date_gmt":"2026-01-16T21:14:55","guid":{"rendered":"https:\/\/www.paparazzinews.com.br\/?p=21114"},"modified":"2026-01-16T18:14:58","modified_gmt":"2026-01-16T21:14:58","slug":"prefeito-propoe-reajuste-e-aumento-no-vale","status":"publish","type":"post","link":"https:\/\/www.paparazzinews.com.br\/?p=21114","title":{"rendered":"Prefeito prop\u00f5e reajuste e aumento no vale"},"content":{"rendered":"\n<p><strong>DE CASTILHO (SP) POR RONI PAPARAZZI\u00a0\u2013<\/strong>\u00a0O prefeito de Castilho, <strong>Paulo Duarte Boaventura<\/strong>, encaminhou \u00e0 C\u00e2mara de Vereadores o <strong>projeto de lei que trata do reajuste salarial dos servidores p\u00fablicos municipais para 2026<\/strong>. A proposta, j\u00e1 alinhada com o Sindicato da categoria e com o Legislativo, prev\u00ea <strong>reajuste de 5,5% nos sal\u00e1rios<\/strong> e <strong>aumento de R$ 100 no vale-alimenta\u00e7\u00e3o<\/strong>, que passar\u00e1 de <strong>R$ 1.000 para R$ 1.100<\/strong>.<\/p>\n\n\n\n<p>O \u00edndice de reajuste foi calculado com base na <strong>infla\u00e7\u00e3o de 4,26% registrada em 2025<\/strong>, garantindo, al\u00e9m da recomposi\u00e7\u00e3o inflacion\u00e1ria, <strong>ganho real<\/strong> aos servidores.<\/p>\n\n\n\n<h3 class=\"wp-block-heading\">\ud83d\udcca Pol\u00edtica de valoriza\u00e7\u00e3o desde 2021<\/h3>\n\n\n\n<p>Paulo Boaventura inicia em 2026 seu <strong>sexto ano \u00e0 frente do Executivo municipal<\/strong>. Desde o in\u00edcio da gest\u00e3o, a pol\u00edtica adotada foi a de conceder reajustes anuais considerando a infla\u00e7\u00e3o do ano anterior, com exce\u00e7\u00e3o de 2021, quando os munic\u00edpios estavam impedidos por lei federal de conceder aumentos em raz\u00e3o das regras fiscais impostas durante a pandemia da Covid-19.<\/p>\n\n\n\n<p>Mesmo assim, naquele ano, o <strong>vale-alimenta\u00e7\u00e3o era de R$ 640<\/strong>.<\/p>\n\n\n\n<h3 class=\"wp-block-heading\">\ud83d\udcc8 Evolu\u00e7\u00e3o dos reajustes e do vale-alimenta\u00e7\u00e3o<\/h3>\n\n\n\n<ul class=\"wp-block-list\">\n<li><strong>2022<\/strong><br>\ud83d\udccc Reajuste: <strong>13%<\/strong> (infla\u00e7\u00e3o de 10,06%)<br>\ud83c\udf7d\ufe0f Vale: <strong>R$ 700<\/strong><\/li>\n\n\n\n<li><strong>2023<\/strong><br>\ud83d\udccc Reajuste: <strong>8,5%<\/strong> (infla\u00e7\u00e3o de 5,79%)<br>\ud83c\udf7d\ufe0f Vale: <strong>R$ 800<\/strong><\/li>\n\n\n\n<li><strong>2024<\/strong><br>\ud83d\udccc Reajuste: <strong>4%<\/strong> (infla\u00e7\u00e3o de 4,62%)<br>\ud83c\udf7d\ufe0f Vale: <strong>R$ 900<\/strong><\/li>\n\n\n\n<li><strong>2025<\/strong><br>\ud83d\udccc Reajuste: <strong>5%<\/strong> (infla\u00e7\u00e3o de 4,83%)<br>\ud83c\udf7d\ufe0f Vale: <strong>R$ 1.000<\/strong><\/li>\n\n\n\n<li><strong>2026 (proposta)<\/strong><br>\ud83d\udccc Reajuste: <strong>5,5%<\/strong> (infla\u00e7\u00e3o de 4,26%)<br>\ud83c\udf7d\ufe0f Vale: <strong>R$ 1.100<\/strong><\/li>\n<\/ul>\n\n\n\n<p>De 2021 a 2026, o vale-alimenta\u00e7\u00e3o <strong>sobe de R$ 640 para R$ 1.100<\/strong>, praticamente <strong>dobrando de valor<\/strong> ao longo da atual gest\u00e3o.<\/p>\n\n\n\n<h3 class=\"wp-block-heading\">\ud83d\udee0\ufe0f Realinhamento de carreiras<\/h3>\n\n\n\n<p>Al\u00e9m dos reajustes anuais, todas as categorias tamb\u00e9m passaram por <strong>realinhamento de faixas salariais<\/strong>. Algumas fun\u00e7\u00f5es, como <strong>motoristas e operadores de m\u00e1quinas<\/strong>, que apresentavam maior defasagem, tiveram <strong>ganho real acumulado de at\u00e9 34%<\/strong>, segundo dados da administra\u00e7\u00e3o municipal.<\/p>\n\n\n\n<h3 class=\"wp-block-heading\">\ud83d\udde3\ufe0f Prefeito destaca compromisso com servidores<\/h3>\n\n\n\n<p>Para o prefeito Paulo Boaventura, a pol\u00edtica de valoriza\u00e7\u00e3o \u00e9 fundamental para a qualidade dos servi\u00e7os p\u00fablicos:<\/p>\n\n\n\n<blockquote class=\"wp-block-quote is-layout-flow wp-block-quote-is-layout-flow\">\n<p>\u201cA valoriza\u00e7\u00e3o do servidor \u00e9 essencial para garantir um atendimento de qualidade \u00e0 popula\u00e7\u00e3o. Sempre buscamos conceder reajustes com responsabilidade fiscal, respeitando a infla\u00e7\u00e3o e a capacidade financeira do munic\u00edpio.\u201d<\/p>\n<\/blockquote>\n\n\n\n<h3 class=\"wp-block-heading\">\ud83c\udfdb\ufe0f Projeto segue para vota\u00e7\u00e3o<\/h3>\n\n\n\n<p>O projeto j\u00e1 est\u00e1 na <strong>C\u00e2mara Municipal de Castilho<\/strong>. O presidente do Legislativo, <strong>Jo\u00e3o Paulo Ara\u00fajo<\/strong>, deve convocar os vereadores para <strong>sess\u00e3o extraordin\u00e1ria na pr\u00f3xima semana<\/strong>, quando a proposta ser\u00e1 votada.<\/p>\n\n\n\n<p><strong><em><strong><em><strong><em><strong><em><strong><em><strong><em><strong><em><strong><em><strong><em><strong><em><strong><em><strong><em><strong><em><strong><em><strong><em><strong><em><strong><em><strong><em><strong><em><strong><em><strong><em><strong><em><strong><em><strong><em><strong><em><strong><em><strong><em><strong><em><strong><em><strong><em><strong><em><strong><em><strong><em><strong><em><strong><em><strong><em><strong><em><strong><em><strong><em><strong><em><strong><em><strong><em><strong><em><strong><em><strong><em><strong><em><strong><em><strong><em><strong><em><strong><em><strong><em><strong><em><strong><em><strong><em><strong><em><strong><em><strong><em><strong><em><strong><em><strong><em><strong><em><strong><em><strong><em><strong><em><strong><em><strong><em><strong><em><strong><em><strong><em><strong><em><strong><em><strong><em><strong><em><strong><em><strong><em><strong><em><strong><em><strong><em><strong><em><strong><em><strong><em><strong><em><strong><em><strong><em><strong><em><strong><em><strong><em><strong><em><strong><em><strong><em><strong><em><strong><em><strong><em><strong><em><strong><em><strong><em><strong><em><strong><em><strong><em><strong><em><strong><em><strong><em><strong><em><strong><em><strong><em><strong><em><strong><em><strong><em><strong><em><strong><em><strong><em><strong><em><strong><em><strong><em><strong><em><strong><em><strong><em><strong><em><strong><em><strong><em><strong><em><strong><em><strong><em><strong><em><strong><em><strong><em><strong><em><strong><em><strong><em><strong><em><strong><em><strong><em><strong><em><strong><em><strong><em><strong><em><strong><em><strong><em><strong><em><strong><em><strong><em><strong><em><strong><em><strong><em><strong><em><strong><em><strong><em><strong><em><strong><em><strong><em><strong><em><strong><em><strong><em><strong><em><strong><em><strong><em><strong><em><strong><em><strong><em><strong><em><strong><em><strong><em><strong><em><strong><em><strong><em><strong><em><strong><em><strong><em><strong><em><strong><em><strong><em><strong><em><strong><em><strong><em><strong><em><strong><em><strong><em><strong><em><strong><em><strong><em><strong><em><strong><em><strong><em><strong><em><strong><em><strong><em><strong><em><strong><em><strong><em><strong><em><strong><em><strong><em><strong><em><strong><em><strong><em><strong><em><strong><em><strong><em><strong><em><strong><em><strong><em><strong><em><strong><em><strong><em><strong><em><strong><em><strong><em><strong><em><strong><em><strong><em><strong><em><strong><em><strong><em><strong><em><strong><em><strong><em><strong><em><strong><em><strong><em><strong><em><strong><em><strong><em><strong><em><strong><em><strong><em><strong><em><strong><em><strong><em><strong><em><strong><em><strong><em><strong><em><strong><em><strong><em><strong><em><strong><em><strong><em><strong><em><strong><em><strong><em><strong><em><strong><em><strong><em><strong><em><strong><em><strong><em><strong><em><strong><em><strong><em><strong><em><strong>Siga nossas redes sociais e\u00a0participe da nossa comunidade do Canal de noticias do Roni Paparazzi no Whatsapp e receba as principais not\u00edcias da regi\u00e3o de Ara\u00e7atuba do dia direto no seu celular siga nosso \u00a0<a href=\"https:\/\/www.instagram.com\/ronipaparazzi\/\">Instagram e\u00a0<\/a><a href=\"https:\/\/www.facebook.com\/ronipaparazzicomvoce\">Facebook<\/a><a href=\"https:\/\/chat.whatsapp.com\/GsG1XKo0jPOEfjzudWQcml\" target=\"_blank\" rel=\"noreferrer noopener\">\u00a0Clique aqui e se inscreva.<\/a><\/strong><\/em><\/strong><\/em><\/strong><\/em><\/strong><\/em><\/strong><\/em><\/strong><\/em><\/strong><\/em><\/strong><\/em><\/strong><\/em><\/strong><\/em><\/strong><\/em><\/strong><\/em><\/strong><\/em><\/strong><\/em><\/strong><\/em><\/strong><\/em><\/strong><\/em><\/strong><\/em><\/strong><\/em><\/strong><\/em><\/strong><\/em><\/strong><\/em><\/strong><\/em><\/strong><\/em><\/strong><\/em><\/strong><\/em><\/strong><\/em><\/strong><\/em><\/strong><\/em><\/strong><\/em><\/strong><\/em><\/strong><\/em><\/strong><\/em><\/strong><\/em><\/strong><\/em><\/strong><\/em><\/strong><\/em><\/strong><\/em><\/strong><\/em><\/strong><\/em><\/strong><\/em><\/strong><\/em><\/strong><\/em><\/strong><\/em><\/strong><\/em><\/strong><\/em><\/strong><\/em><\/strong><\/em><\/strong><\/em><\/strong><\/em><\/strong><\/em><\/strong><\/em><\/strong><\/em><\/strong><\/em><\/strong><\/em><\/strong><\/em><\/strong><\/em><\/strong><\/em><\/strong><\/em><\/strong><\/em><\/strong><\/em><\/strong><\/em><\/strong><\/em><\/strong><\/em><\/strong><\/em><\/strong><\/em><\/strong><\/em><\/strong><\/em><\/strong><\/em><\/strong><\/em><\/strong><\/em><\/strong><\/em><\/strong><\/em><\/strong><\/em><\/strong><\/em><\/strong><\/em><\/strong><\/em><\/strong><\/em><\/strong><\/em><\/strong><\/em><\/strong><\/em><\/strong><\/em><\/strong><\/em><\/strong><\/em><\/strong><\/em><\/strong><\/em><\/strong><\/em><\/strong><\/em><\/strong><\/em><\/strong><\/em><\/strong><\/em><\/strong><\/em><\/strong><\/em><\/strong><\/em><\/strong><\/em><\/strong><\/em><\/strong><\/em><\/strong><\/em><\/strong><\/em><\/strong><\/em><\/strong><\/em><\/strong><\/em><\/strong><\/em><\/strong><\/em><\/strong><\/em><\/strong><\/em><\/strong><\/em><\/strong><\/em><\/strong><\/em><\/strong><\/em><\/strong><\/em><\/strong><\/em><\/strong><\/em><\/strong><\/em><\/strong><\/em><\/strong><\/em><\/strong><\/em><\/strong><\/em><\/strong><\/em><\/strong><\/em><\/strong><\/em><\/strong><\/em><\/strong><\/em><\/strong><\/em><\/strong><\/em><\/strong><\/em><\/strong><\/em><\/strong><\/em><\/strong><\/em><\/strong><\/em><\/strong><\/em><\/strong><\/em><\/strong><\/em><\/strong><\/em><\/strong><\/em><\/strong><\/em><\/strong><\/em><\/strong><\/em><\/strong><\/em><\/strong><\/em><\/strong><\/em><\/strong><\/em><\/strong><\/em><\/strong><\/em><\/strong><\/em><\/strong><\/em><\/strong><\/em><\/strong><\/em><\/strong><\/em><\/strong><\/em><\/strong><\/em><\/strong><\/em><\/strong><\/em><\/strong><\/em><\/strong><\/em><\/strong><\/em><\/strong><\/em><\/strong><\/em><\/strong><\/em><\/strong><\/em><\/strong><\/em><\/strong><\/em><\/strong><\/em><\/strong><\/em><\/strong><\/em><\/strong><\/em><\/strong><\/em><\/strong><\/em><\/strong><\/em><\/strong><\/em><\/strong><\/em><\/strong><\/em><\/strong><\/em><\/strong><\/em><\/strong><\/em><\/strong><\/em><\/strong><\/em><\/strong><\/em><\/strong><\/em><\/strong><\/em><\/strong><\/em><\/strong><\/em><\/strong><\/em><\/strong><\/em><\/strong><\/em><\/strong><\/em><\/strong><\/em><\/strong><\/em><\/strong><\/em><\/strong><\/em><\/strong><\/em><\/strong><\/em><\/strong><\/em><\/strong><\/em><\/strong><\/em><\/strong><\/em><\/strong><\/em><\/strong><\/em><\/strong><\/em><\/strong><\/em><\/strong><\/em><\/strong><\/em><\/strong><\/em><\/strong><\/em><\/strong><\/em><\/strong><\/em><\/strong><\/em><\/strong><\/em><\/strong><\/em><\/strong><\/em><\/strong><\/em><\/strong><\/em><\/strong><\/em><\/strong><\/em><\/strong><\/em><\/strong><\/em><\/strong><\/em><\/strong><\/em><\/strong><\/em><\/strong><\/em><\/strong><\/em><\/strong><\/em><\/strong><\/em><\/strong><\/em><\/strong><\/em><\/strong><\/em><\/strong><\/em><\/strong><\/em><\/strong><\/em><\/strong><\/em><\/strong><\/em><\/strong><\/em><\/strong><\/em><\/strong><\/em><\/strong><\/em><\/strong><\/em><\/strong><\/em><\/strong><\/em><\/strong><\/em><\/strong><\/em><\/strong><\/em><\/strong><\/em><\/strong><\/em><\/strong><\/em><\/strong><\/em><\/strong><\/em><\/strong><\/em><\/strong><\/em><\/strong><\/em><\/strong><\/em><\/strong><\/p>\n\n\n\n<p><\/p>\n","protected":false},"excerpt":{"rendered":"<p>DE CASTILHO (SP) POR RONI PAPARAZZI\u00a0\u2013\u00a0O prefeito de Castilho, Paulo Duarte Boaventura, encaminhou \u00e0 C\u00e2mara de Vereadores o projeto de lei que trata do reajuste salarial dos servidores p\u00fablicos municipais para 2026. A proposta, j\u00e1 alinhada com o Sindicato da categoria e com o Legislativo, prev\u00ea reajuste de 5,5% nos sal\u00e1rios e aumento de R$ &hellip;<\/p>\n","protected":false},"author":1,"featured_media":21115,"comment_status":"open","ping_status":"open","sticky":false,"template":"","format":"standard","meta":{"_jetpack_memberships_contains_paid_content":false,"footnotes":"","jetpack_publicize_message":"","jetpack_publicize_feature_enabled":true,"jetpack_social_post_already_shared":true,"jetpack_social_options":{"image_generator_settings":{"template":"highway","default_image_id":0,"enabled":false},"version":2}},"categories":[4],"tags":[],"class_list":["post-21114","post","type-post","status-publish","format-standard","has-post-thumbnail","hentry","category-regiao"],"jetpack_publicize_connections":[],"jetpack_featured_media_url":"https:\/\/i0.wp.com\/www.paparazzinews.com.br\/wp-content\/uploads\/2026\/01\/WhatsApp-Image-2026-01-16-at-18.11.06-e1768598081495.jpeg?fit=1000%2C667&ssl=1","views":"1123","jetpack_likes_enabled":true,"jetpack_sharing_enabled":true,"_links":{"self":[{"href":"https:\/\/www.paparazzinews.com.br\/index.php?rest_route=\/wp\/v2\/posts\/21114","targetHints":{"allow":["GET"]}}],"collection":[{"href":"https:\/\/www.paparazzinews.com.br\/index.php?rest_route=\/wp\/v2\/posts"}],"about":[{"href":"https:\/\/www.paparazzinews.com.br\/index.php?rest_route=\/wp\/v2\/types\/post"}],"author":[{"embeddable":true,"href":"https:\/\/www.paparazzinews.com.br\/index.php?rest_route=\/wp\/v2\/users\/1"}],"replies":[{"embeddable":true,"href":"https:\/\/www.paparazzinews.com.br\/index.php?rest_route=%2Fwp%2Fv2%2Fcomments&post=21114"}],"version-history":[{"count":1,"href":"https:\/\/www.paparazzinews.com.br\/index.php?rest_route=\/wp\/v2\/posts\/21114\/revisions"}],"predecessor-version":[{"id":21116,"href":"https:\/\/www.paparazzinews.com.br\/index.php?rest_route=\/wp\/v2\/posts\/21114\/revisions\/21116"}],"wp:featuredmedia":[{"embeddable":true,"href":"https:\/\/www.paparazzinews.com.br\/index.php?rest_route=\/wp\/v2\/media\/21115"}],"wp:attachment":[{"href":"https:\/\/www.paparazzinews.com.br\/index.php?rest_route=%2Fwp%2Fv2%2Fmedia&parent=21114"}],"wp:term":[{"taxonomy":"category","embeddable":true,"href":"https:\/\/www.paparazzinews.com.br\/index.php?rest_route=%2Fwp%2Fv2%2Fcategories&post=21114"},{"taxonomy":"post_tag","embeddable":true,"href":"https:\/\/www.paparazzinews.com.br\/index.php?rest_route=%2Fwp%2Fv2%2Ftags&post=21114"}],"curies":[{"name":"wp","href":"https:\/\/api.w.org\/{rel}","templated":true}]}}