{"id":21101,"date":"2026-01-15T16:51:45","date_gmt":"2026-01-15T19:51:45","guid":{"rendered":"https:\/\/www.paparazzinews.com.br\/?p=21101"},"modified":"2026-01-15T16:51:48","modified_gmt":"2026-01-15T19:51:48","slug":"fim-do-cursinho-gera-reacao-em-andradina","status":"publish","type":"post","link":"https:\/\/www.paparazzinews.com.br\/?p=21101","title":{"rendered":"Fim do Cursinho gera rea\u00e7\u00e3o em Andradina"},"content":{"rendered":"\n<p><strong>DE CASTILHO (SP) POR RONI PAPARAZZI\u00a0\u2013<\/strong>\u00a0A decis\u00e3o de n\u00e3o renovar o conv\u00eanio entre a Prefeitura de Andradina e a Unesp para manuten\u00e7\u00e3o do <strong>Cursinho Popular Diferencial<\/strong> em 2026 provocou uma <strong>forte rea\u00e7\u00e3o nas redes sociais<\/strong>, com dezenas de coment\u00e1rios de ex-alunos, professores e moradores lamentando o encerramento do projeto.<\/p>\n\n\n\n<p>\u201cDespedida, mais uma a\u00e7\u00e3o da era M\u00e1rio Celso mudando o rumo de Andradina na educa\u00e7\u00e3o\u201d, comentou uma internauta.<br>Outro desabafou: \u201cDepois de 12 anos, Andradina vem com uma dessas\u2026 Fiz parte do cursinho em 2014 e 2015, estudava 9 horas por dia e consegui entrar na faculdade gra\u00e7as ao incentivo de todos que trabalhavam l\u00e1. \u00c9 lament\u00e1vel acabar assim.\u201d<\/p>\n\n\n\n<p>Ex-alunos tamb\u00e9m relataram trajet\u00f3rias de sucesso ligadas diretamente ao projeto.<br>\u201cGra\u00e7as ao cursinho eu passei em Engenharia Agron\u00f4mica na Unesp de Ilha Solteira. Depois virei professor do pr\u00f3prio cursinho. S\u00e3o quase cinco anos dando aula e vendo alunos aprovados. \u00c9 muito triste tudo isso\u201d, escreveu outro internauta.<\/p>\n\n\n\n<p>Muitos coment\u00e1rios classificaram o encerramento como <strong>retrocesso social<\/strong>, destacando que cursinhos populares representam <strong>investimento em inclus\u00e3o e n\u00e3o gasto p\u00fablico<\/strong>.<\/p>\n\n\n\n<hr class=\"wp-block-separator has-alpha-channel-opacity\"\/>\n\n\n\n<h3 class=\"wp-block-heading\">\ud83d\udce2 Nota oficial do Cursinho Diferencial<\/h3>\n\n\n\n<p>Diante da repercuss\u00e3o, o <strong>Cursinho Diferencial de Andradina<\/strong> divulgou uma nota p\u00fablica nesta quarta-feira (14), informando que recebeu com pesar a not\u00edcia da n\u00e3o renova\u00e7\u00e3o para 2026.<\/p>\n\n\n\n<p>Na mensagem, a equipe agradece aos alunos e colaboradores pelos mais de <strong>10 anos de atua\u00e7\u00e3o<\/strong>, afirmando que o projeto transformou a vida de centenas de jovens e refor\u00e7a que continuar\u00e1 lutando por alternativas para manter a iniciativa ativa.<\/p>\n\n\n\n<blockquote class=\"wp-block-quote is-layout-flow wp-block-quote-is-layout-flow\">\n<p>\u201cExplicar o que \u00e9 fazer parte desse projeto para algu\u00e9m de fora \u00e9 imposs\u00edvel, e explicar para quem est\u00e1 nele \u00e9 desnecess\u00e1rio\u201d, diz um trecho da nota.<\/p>\n<\/blockquote>\n\n\n\n<hr class=\"wp-block-separator has-alpha-channel-opacity\"\/>\n\n\n\n<h3 class=\"wp-block-heading\">\ud83c\udfeb Prefeitura anuncia novo cursinho pela Funda\u00e7\u00e3o Educacional<\/h3>\n\n\n\n<p>Em meio \u00e0s cr\u00edticas, o prefeito <strong>M\u00e1rio Celso Lopes<\/strong> anunciou que, em 2026, a <strong>Funda\u00e7\u00e3o Educacional de Andradina (FEA)<\/strong> passar\u00e1 a oferecer um <strong>cursinho pr\u00e9-vestibular gratuito com 100 vagas<\/strong>.<\/p>\n\n\n\n<p>Segundo a Prefeitura, <strong>90 vagas ser\u00e3o destinadas a alunos da rede p\u00fablica<\/strong> e <strong>10 para alunos da rede particular bolsistas<\/strong>. As aulas ser\u00e3o ministradas por <strong>professores da pr\u00f3pria Funda\u00e7\u00e3o<\/strong>, e n\u00e3o por universit\u00e1rios, como ocorria no modelo anterior.<\/p>\n\n\n\n<p>O an\u00fancio foi feito no gabinete do prefeito, com a presen\u00e7a da secret\u00e1ria de Educa\u00e7\u00e3o <strong>Estela Goda<\/strong>, da diretora da FEA <strong>Carla Guerra<\/strong>, do vice-prefeito <strong>Lucas Lopes<\/strong> e do secret\u00e1rio de Governo <strong>Ernesto J\u00fanior<\/strong>.<\/p>\n\n\n\n<p>\u201cA Funda\u00e7\u00e3o \u00e9 uma institui\u00e7\u00e3o p\u00fablica com alto know-how e optamos estrategicamente por assumir a capacita\u00e7\u00e3o pr\u00e9-vestibular para alunos que n\u00e3o t\u00eam condi\u00e7\u00f5es de pagar\u201d, afirmou o prefeito.<\/p>\n\n\n\n<p>A secret\u00e1ria Estela destacou que o novo formato permitir\u00e1 <strong>maior planejamento e poss\u00edvel amplia\u00e7\u00e3o futura<\/strong> do projeto.<\/p>\n\n\n\n<p>J\u00e1 a diretora Carla Guerra informou que as <strong>inscri\u00e7\u00f5es abrir\u00e3o no site da FEA nos pr\u00f3ximos dias<\/strong>, com realiza\u00e7\u00e3o de <strong>vestibulinho para distribui\u00e7\u00e3o das vagas<\/strong>.<\/p>\n\n\n\n<hr class=\"wp-block-separator has-alpha-channel-opacity\"\/>\n\n\n\n<h3 class=\"wp-block-heading\">\ud83c\udfdb\ufe0f Vereador Hugo Zamboni comenta decis\u00e3o<\/h3>\n\n\n\n<p>O vereador <strong>Hugo Zamboni (MDB)<\/strong> tamb\u00e9m se manifestou, destacando que o cursinho da Unesp era um projeto consolidado, com cerca de <strong>40 aprova\u00e7\u00f5es por ano<\/strong> e aproximadamente <strong>200 aprovados nos \u00faltimos cinco anos<\/strong>.<\/p>\n\n\n\n<p>Segundo ele, a mudan\u00e7a foi uma <strong>op\u00e7\u00e3o estrat\u00e9gica do munic\u00edpio<\/strong>, ao reconhecer a FEA como institui\u00e7\u00e3o p\u00fablica capaz de assumir diretamente o projeto, com mais autonomia administrativa e possibilidade de contrata\u00e7\u00e3o formal de professores.<\/p>\n\n\n\n<p>\u201cO potencial agora \u00e9 de mais investimentos, mais vagas e fortalecimento das pol\u00edticas de inclus\u00e3o\u201d, afirmou o vereador.<\/p>\n\n\n\n<hr class=\"wp-block-separator has-alpha-channel-opacity\"\/>\n\n\n\n<h3 class=\"wp-block-heading\">\u2696\ufe0f Debate segue nas redes<\/h3>\n\n\n\n<p>Apesar do an\u00fancio do novo cursinho, o tema continua gerando <strong>forte debate entre moradores<\/strong>, principalmente entre ex-alunos que defendem a perman\u00eancia do modelo ligado \u00e0 Unesp, apontando o impacto humano e social constru\u00eddo ao longo dos anos.<\/p>\n\n\n\n<p>O caso reacende a discuss\u00e3o sobre <strong>continuidade de pol\u00edticas p\u00fablicas educacionais<\/strong> e o papel de projetos sociais na prepara\u00e7\u00e3o de jovens de baixa renda para o ensino superior.<\/p>\n\n\n\n<p><strong><em><strong><em><strong><em><strong><em><strong><em><strong><em><strong><em><strong><em><strong><em><strong><em><strong><em><strong><em><strong><em><strong><em><strong><em><strong><em><strong><em><strong><em><strong><em><strong><em><strong><em><strong><em><strong><em><strong><em><strong><em><strong><em><strong><em><strong><em><strong><em><strong><em><strong><em><strong><em><strong><em><strong><em><strong><em><strong><em><strong><em><strong><em><strong><em><strong><em><strong><em><strong><em><strong><em><strong><em><strong><em><strong><em><strong><em><strong><em><strong><em><strong><em><strong><em><strong><em><strong><em><strong><em><strong><em><strong><em><strong><em><strong><em><strong><em><strong><em><strong><em><strong><em><strong><em><strong><em><strong><em><strong><em><strong><em><strong><em><strong><em><strong><em><strong><em><strong><em><strong><em><strong><em><strong><em><strong><em><strong><em><strong><em><strong><em><strong><em><strong><em><strong><em><strong><em><strong><em><strong><em><strong><em><strong><em><strong><em><strong><em><strong><em><strong><em><strong><em><strong><em><strong><em><strong><em><strong><em><strong><em><strong><em><strong><em><strong><em><strong><em><strong><em><strong><em><strong><em><strong><em><strong><em><strong><em><strong><em><strong><em><strong><em><strong><em><strong><em><strong><em><strong><em><strong><em><strong><em><strong><em><strong><em><strong><em><strong><em><strong><em><strong><em><strong><em><strong><em><strong><em><strong><em><strong><em><strong><em><strong><em><strong><em><strong><em><strong><em><strong><em><strong><em><strong><em><strong><em><strong><em><strong><em><strong><em><strong><em><strong><em><strong><em><strong><em><strong><em><strong><em><strong><em><strong><em><strong><em><strong><em><strong><em><strong><em><strong><em><strong><em><strong><em><strong><em><strong><em><strong><em><strong><em><strong><em><strong><em><strong><em><strong><em><strong><em><strong><em><strong><em><strong><em><strong><em><strong><em><strong><em><strong><em><strong><em><strong><em><strong><em><strong><em><strong><em><strong><em><strong><em><strong><em><strong><em><strong><em><strong><em><strong><em><strong><em><strong><em><strong><em><strong><em><strong><em><strong><em><strong><em><strong><em><strong><em><strong><em><strong><em><strong><em><strong><em><strong><em><strong><em><strong><em><strong><em><strong><em><strong><em><strong><em><strong><em><strong><em><strong><em><strong><em><strong><em><strong><em><strong><em><strong><em><strong><em><strong><em><strong><em><strong><em><strong><em><strong><em><strong><em><strong><em><strong><em><strong><em><strong><em><strong><em><strong><em><strong><em><strong><em><strong><em><strong><em><strong><em><strong><em><strong><em><strong><em><strong><em><strong><em><strong><em><strong><em><strong><em><strong><em><strong><em><strong><em><strong><em><strong><em><strong><em><strong><em><strong><em><strong><em><strong><em><strong><em><strong><em><strong><em><strong><em><strong>Siga nossas redes sociais e\u00a0participe da nossa comunidade do Canal de noticias do Roni Paparazzi no Whatsapp e receba as principais not\u00edcias da regi\u00e3o de Ara\u00e7atuba do dia direto no seu celular siga nosso \u00a0<a href=\"https:\/\/www.instagram.com\/ronipaparazzi\/\">Instagram e\u00a0<\/a><a href=\"https:\/\/www.facebook.com\/ronipaparazzicomvoce\">Facebook<\/a><a href=\"https:\/\/chat.whatsapp.com\/GsG1XKo0jPOEfjzudWQcml\" target=\"_blank\" rel=\"noreferrer noopener\">\u00a0Clique aqui e se inscreva.<\/a><\/strong><\/em><\/strong><\/em><\/strong><\/em><\/strong><\/em><\/strong><\/em><\/strong><\/em><\/strong><\/em><\/strong><\/em><\/strong><\/em><\/strong><\/em><\/strong><\/em><\/strong><\/em><\/strong><\/em><\/strong><\/em><\/strong><\/em><\/strong><\/em><\/strong><\/em><\/strong><\/em><\/strong><\/em><\/strong><\/em><\/strong><\/em><\/strong><\/em><\/strong><\/em><\/strong><\/em><\/strong><\/em><\/strong><\/em><\/strong><\/em><\/strong><\/em><\/strong><\/em><\/strong><\/em><\/strong><\/em><\/strong><\/em><\/strong><\/em><\/strong><\/em><\/strong><\/em><\/strong><\/em><\/strong><\/em><\/strong><\/em><\/strong><\/em><\/strong><\/em><\/strong><\/em><\/strong><\/em><\/strong><\/em><\/strong><\/em><\/strong><\/em><\/strong><\/em><\/strong><\/em><\/strong><\/em><\/strong><\/em><\/strong><\/em><\/strong><\/em><\/strong><\/em><\/strong><\/em><\/strong><\/em><\/strong><\/em><\/strong><\/em><\/strong><\/em><\/strong><\/em><\/strong><\/em><\/strong><\/em><\/strong><\/em><\/strong><\/em><\/strong><\/em><\/strong><\/em><\/strong><\/em><\/strong><\/em><\/strong><\/em><\/strong><\/em><\/strong><\/em><\/strong><\/em><\/strong><\/em><\/strong><\/em><\/strong><\/em><\/strong><\/em><\/strong><\/em><\/strong><\/em><\/strong><\/em><\/strong><\/em><\/strong><\/em><\/strong><\/em><\/strong><\/em><\/strong><\/em><\/strong><\/em><\/strong><\/em><\/strong><\/em><\/strong><\/em><\/strong><\/em><\/strong><\/em><\/strong><\/em><\/strong><\/em><\/strong><\/em><\/strong><\/em><\/strong><\/em><\/strong><\/em><\/strong><\/em><\/strong><\/em><\/strong><\/em><\/strong><\/em><\/strong><\/em><\/strong><\/em><\/strong><\/em><\/strong><\/em><\/strong><\/em><\/strong><\/em><\/strong><\/em><\/strong><\/em><\/strong><\/em><\/strong><\/em><\/strong><\/em><\/strong><\/em><\/strong><\/em><\/strong><\/em><\/strong><\/em><\/strong><\/em><\/strong><\/em><\/strong><\/em><\/strong><\/em><\/strong><\/em><\/strong><\/em><\/strong><\/em><\/strong><\/em><\/strong><\/em><\/strong><\/em><\/strong><\/em><\/strong><\/em><\/strong><\/em><\/strong><\/em><\/strong><\/em><\/strong><\/em><\/strong><\/em><\/strong><\/em><\/strong><\/em><\/strong><\/em><\/strong><\/em><\/strong><\/em><\/strong><\/em><\/strong><\/em><\/strong><\/em><\/strong><\/em><\/strong><\/em><\/strong><\/em><\/strong><\/em><\/strong><\/em><\/strong><\/em><\/strong><\/em><\/strong><\/em><\/strong><\/em><\/strong><\/em><\/strong><\/em><\/strong><\/em><\/strong><\/em><\/strong><\/em><\/strong><\/em><\/strong><\/em><\/strong><\/em><\/strong><\/em><\/strong><\/em><\/strong><\/em><\/strong><\/em><\/strong><\/em><\/strong><\/em><\/strong><\/em><\/strong><\/em><\/strong><\/em><\/strong><\/em><\/strong><\/em><\/strong><\/em><\/strong><\/em><\/strong><\/em><\/strong><\/em><\/strong><\/em><\/strong><\/em><\/strong><\/em><\/strong><\/em><\/strong><\/em><\/strong><\/em><\/strong><\/em><\/strong><\/em><\/strong><\/em><\/strong><\/em><\/strong><\/em><\/strong><\/em><\/strong><\/em><\/strong><\/em><\/strong><\/em><\/strong><\/em><\/strong><\/em><\/strong><\/em><\/strong><\/em><\/strong><\/em><\/strong><\/em><\/strong><\/em><\/strong><\/em><\/strong><\/em><\/strong><\/em><\/strong><\/em><\/strong><\/em><\/strong><\/em><\/strong><\/em><\/strong><\/em><\/strong><\/em><\/strong><\/em><\/strong><\/em><\/strong><\/em><\/strong><\/em><\/strong><\/em><\/strong><\/em><\/strong><\/em><\/strong><\/em><\/strong><\/em><\/strong><\/em><\/strong><\/em><\/strong><\/em><\/strong><\/em><\/strong><\/em><\/strong><\/em><\/strong><\/em><\/strong><\/em><\/strong><\/em><\/strong><\/em><\/strong><\/em><\/strong><\/em><\/strong><\/em><\/strong><\/em><\/strong><\/em><\/strong><\/em><\/strong><\/em><\/strong><\/em><\/strong><\/em><\/strong><\/em><\/strong><\/em><\/strong><\/em><\/strong><\/em><\/strong><\/em><\/strong><\/em><\/strong><\/em><\/strong><\/em><\/strong><\/em><\/strong><\/em><\/strong><\/em><\/strong><\/em><\/strong><\/em><\/strong><\/em><\/strong><\/em><\/strong><\/em><\/strong><\/em><\/strong><\/em><\/strong><\/em><\/strong><\/em><\/strong><\/em><\/strong><\/p>\n\n\n\n<p><\/p>\n","protected":false},"excerpt":{"rendered":"<p>DE CASTILHO (SP) POR RONI PAPARAZZI\u00a0\u2013\u00a0A decis\u00e3o de n\u00e3o renovar o conv\u00eanio entre a Prefeitura de Andradina e a Unesp para manuten\u00e7\u00e3o do Cursinho Popular Diferencial em 2026 provocou uma forte rea\u00e7\u00e3o nas redes sociais, com dezenas de coment\u00e1rios de ex-alunos, professores e moradores lamentando o encerramento do projeto. \u201cDespedida, mais uma a\u00e7\u00e3o da era &hellip;<\/p>\n","protected":false},"author":1,"featured_media":21103,"comment_status":"open","ping_status":"open","sticky":false,"template":"","format":"standard","meta":{"_jetpack_memberships_contains_paid_content":false,"footnotes":"","jetpack_publicize_message":"","jetpack_publicize_feature_enabled":true,"jetpack_social_post_already_shared":true,"jetpack_social_options":{"image_generator_settings":{"template":"highway","default_image_id":0,"enabled":false},"version":2}},"categories":[4],"tags":[],"class_list":["post-21101","post","type-post","status-publish","format-standard","has-post-thumbnail","hentry","category-regiao"],"jetpack_publicize_connections":[],"jetpack_featured_media_url":"https:\/\/i0.wp.com\/www.paparazzinews.com.br\/wp-content\/uploads\/2026\/01\/616568136_1166347592339025_6193808332148340295_n.jpg?fit=1280%2C854&ssl=1","views":"910","jetpack_likes_enabled":true,"jetpack_sharing_enabled":true,"_links":{"self":[{"href":"https:\/\/www.paparazzinews.com.br\/index.php?rest_route=\/wp\/v2\/posts\/21101","targetHints":{"allow":["GET"]}}],"collection":[{"href":"https:\/\/www.paparazzinews.com.br\/index.php?rest_route=\/wp\/v2\/posts"}],"about":[{"href":"https:\/\/www.paparazzinews.com.br\/index.php?rest_route=\/wp\/v2\/types\/post"}],"author":[{"embeddable":true,"href":"https:\/\/www.paparazzinews.com.br\/index.php?rest_route=\/wp\/v2\/users\/1"}],"replies":[{"embeddable":true,"href":"https:\/\/www.paparazzinews.com.br\/index.php?rest_route=%2Fwp%2Fv2%2Fcomments&post=21101"}],"version-history":[{"count":1,"href":"https:\/\/www.paparazzinews.com.br\/index.php?rest_route=\/wp\/v2\/posts\/21101\/revisions"}],"predecessor-version":[{"id":21104,"href":"https:\/\/www.paparazzinews.com.br\/index.php?rest_route=\/wp\/v2\/posts\/21101\/revisions\/21104"}],"wp:featuredmedia":[{"embeddable":true,"href":"https:\/\/www.paparazzinews.com.br\/index.php?rest_route=\/wp\/v2\/media\/21103"}],"wp:attachment":[{"href":"https:\/\/www.paparazzinews.com.br\/index.php?rest_route=%2Fwp%2Fv2%2Fmedia&parent=21101"}],"wp:term":[{"taxonomy":"category","embeddable":true,"href":"https:\/\/www.paparazzinews.com.br\/index.php?rest_route=%2Fwp%2Fv2%2Fcategories&post=21101"},{"taxonomy":"post_tag","embeddable":true,"href":"https:\/\/www.paparazzinews.com.br\/index.php?rest_route=%2Fwp%2Fv2%2Ftags&post=21101"}],"curies":[{"name":"wp","href":"https:\/\/api.w.org\/{rel}","templated":true}]}}