{"id":21075,"date":"2026-01-14T14:06:41","date_gmt":"2026-01-14T17:06:41","guid":{"rendered":"https:\/\/www.paparazzinews.com.br\/?p=21075"},"modified":"2026-01-14T14:06:44","modified_gmt":"2026-01-14T17:06:44","slug":"laudo-indica-morte-violenta-de-andradinense","status":"publish","type":"post","link":"https:\/\/www.paparazzinews.com.br\/?p=21075","title":{"rendered":"Laudo indica morte violenta de andradinense"},"content":{"rendered":"\n<p><strong>DE CASTILHO (SP) POR RONI PAPARAZZI\u00a0\u2013<\/strong> O laudo preliminar do Instituto M\u00e9dico-Legal confirmou que a andradinense <strong>Luciana Brites Leite, de 49 anos, foi v\u00edtima de homic\u00eddio<\/strong>, com morte causada por <strong>Traumatismo Cranioencef\u00e1lico Grave<\/strong>, provocado por <strong>instrumento contundente, possivelmente uma pedra<\/strong>.<\/p>\n\n\n\n<p>O corpo, localizado em \u00e1rea rural de Andradina no dia <strong>22 de outubro<\/strong>, apresentava <strong>avan\u00e7ado estado de decomposi\u00e7\u00e3o<\/strong>, o que impediu m\u00e9todos tradicionais de identifica\u00e7\u00e3o, como reconhecimento visual ou digital. Mesmo assim, os peritos constataram <strong>m\u00faltiplas fraturas no cr\u00e2nio e na mand\u00edbula<\/strong>, al\u00e9m de les\u00f5es compat\u00edveis com <strong>repetidos impactos violentos<\/strong>.<\/p>\n\n\n\n<p>Segundo o laudo, o padr\u00e3o das fraturas \u00e9 <strong>incompat\u00edvel com quedas acidentais ou autoles\u00e3o<\/strong>, sendo t\u00edpico de agress\u00e3o intencional. A per\u00edcia refor\u00e7a que, mesmo em estado avan\u00e7ado de putrefa\u00e7\u00e3o, <strong>les\u00f5es \u00f3sseas permanecem preservadas<\/strong>, permitindo a confirma\u00e7\u00e3o da natureza violenta da morte.<\/p>\n\n\n\n<p>O exame ainda aguarda confirma\u00e7\u00e3o por DNA, que n\u00e3o havia sido entregue at\u00e9 o momento ao delegado <strong>Raony Spetic<\/strong>, da <strong>Delegacia de Investiga\u00e7\u00f5es Gerais (DIG)<\/strong>, respons\u00e1vel pelo caso.<\/p>\n\n\n\n<h3 class=\"wp-block-heading\">\ud83d\udfe5 Minist\u00e9rio P\u00fablico denuncia familiares<\/h3>\n\n\n\n<p>Na quinta-feira (18), o <strong>Minist\u00e9rio P\u00fablico denunciou os familiares envolvidos no crime<\/strong>, acompanhando o indiciamento feito pela DIG.<\/p>\n\n\n\n<p>Foram denunciados:<br>\u2022 <strong>Tatiane Barreto Gobbi<\/strong>, cunhada da v\u00edtima, por homic\u00eddio qualificado, oculta\u00e7\u00e3o de cad\u00e1ver e fraude processual;<br>\u2022 <strong>Elias J\u00fanior Almeida<\/strong>, genro de Tatiane, por oculta\u00e7\u00e3o de cad\u00e1ver e fraude processual.<\/p>\n\n\n\n<p>De acordo com as investiga\u00e7\u00f5es, Tatiane controlava financeiramente a fam\u00edlia e teria aberto empresas em nome de Luciana. A pol\u00edcia aponta que o crime teve como motiva\u00e7\u00e3o <strong>ocultar movimenta\u00e7\u00f5es banc\u00e1rias suspeitas<\/strong>.<\/p>\n\n\n\n<h3 class=\"wp-block-heading\">\ud83d\udfe5 Din\u00e2mica do crime<\/h3>\n\n\n\n<p>No dia <strong>23 de setembro<\/strong>, Luciana foi deixada por Tatiane na <strong>UPA de Andradina<\/strong>, reclamando de dores no bra\u00e7o. Ap\u00f3s cerca de <strong>1h30<\/strong>, a cunhada retornou para busc\u00e1-la.<\/p>\n\n\n\n<p>Durante o trajeto, Tatiane teria administrado um <strong>medicamento psicotr\u00f3pico<\/strong>, deixando a v\u00edtima dopada. Em seguida, circulou pela cidade at\u00e9 escolher um local isolado, pr\u00f3ximo a uma usina e \u00e1rea de mata, onde desferiu <strong>golpes na cabe\u00e7a e no rosto<\/strong> da v\u00edtima.<\/p>\n\n\n\n<p>Ap\u00f3s o assassinato, Tatiane utilizou o celular de Luciana para enviar uma mensagem de texto para si mesma, simulando que a v\u00edtima teria ido a uma loja com uma amiga. A atitude levantou suspeitas, pois Luciana costumava se comunicar por \u00e1udios, n\u00e3o por mensagens escritas.<\/p>\n\n\n\n<p>Elias teria ajudado na <strong>oculta\u00e7\u00e3o do corpo<\/strong>, utilizando galhos e troncos, al\u00e9m de colaborar na cria\u00e7\u00e3o de vers\u00f5es falsas para confundir familiares e investigadores.<\/p>\n\n\n\n<p>Ambos permanecem <strong>presos preventivamente<\/strong>, \u00e0 disposi\u00e7\u00e3o da Justi\u00e7a.<\/p>\n\n\n\n<p><strong><em><strong><em><strong><em><strong><em><strong><em><strong><em><strong><em><strong><em><strong><em><strong><em><strong><em><strong><em><strong><em><strong><em><strong><em><strong><em><strong><em><strong><em><strong><em><strong><em><strong><em><strong><em><strong><em><strong><em><strong><em><strong><em><strong><em><strong><em><strong><em><strong><em><strong><em><strong><em><strong><em><strong><em><strong><em><strong><em><strong><em><strong><em><strong><em><strong><em><strong><em><strong><em><strong><em><strong><em><strong><em><strong><em><strong><em><strong><em><strong><em><strong><em><strong><em><strong><em><strong><em><strong><em><strong><em><strong><em><strong><em><strong><em><strong><em><strong><em><strong><em><strong><em><strong><em><strong><em><strong><em><strong><em><strong><em><strong><em><strong><em><strong><em><strong><em><strong><em><strong><em><strong><em><strong><em><strong><em><strong><em><strong><em><strong><em><strong><em><strong><em><strong><em><strong><em><strong><em><strong><em><strong><em><strong><em><strong><em><strong><em><strong><em><strong><em><strong><em><strong><em><strong><em><strong><em><strong><em><strong><em><strong><em><strong><em><strong><em><strong><em><strong><em><strong><em><strong><em><strong><em><strong><em><strong><em><strong><em><strong><em><strong><em><strong><em><strong><em><strong><em><strong><em><strong><em><strong><em><strong><em><strong><em><strong><em><strong><em><strong><em><strong><em><strong><em><strong><em><strong><em><strong><em><strong><em><strong><em><strong><em><strong><em><strong><em><strong><em><strong><em><strong><em><strong><em><strong><em><strong><em><strong><em><strong><em><strong><em><strong><em><strong><em><strong><em><strong><em><strong><em><strong><em><strong><em><strong><em><strong><em><strong><em><strong><em><strong><em><strong><em><strong><em><strong><em><strong><em><strong><em><strong><em><strong><em><strong><em><strong><em><strong><em><strong><em><strong><em><strong><em><strong><em><strong><em><strong><em><strong><em><strong><em><strong><em><strong><em><strong><em><strong><em><strong><em><strong><em><strong><em><strong><em><strong><em><strong><em><strong><em><strong><em><strong><em><strong><em><strong><em><strong><em><strong><em><strong><em><strong><em><strong><em><strong><em><strong><em><strong><em><strong><em><strong><em><strong><em><strong><em><strong><em><strong><em><strong><em><strong><em><strong><em><strong><em><strong><em><strong><em><strong><em><strong><em><strong><em><strong><em><strong><em><strong><em><strong><em><strong><em><strong><em><strong><em><strong><em><strong><em><strong><em><strong><em><strong><em><strong><em><strong><em><strong><em><strong><em><strong><em><strong><em><strong><em><strong><em><strong><em><strong><em><strong><em><strong><em><strong><em><strong><em><strong><em><strong><em><strong><em><strong><em><strong><em><strong><em><strong><em><strong><em><strong><em><strong><em><strong><em><strong><em><strong><em><strong><em><strong><em><strong><em><strong>Siga nossas redes sociais e\u00a0participe da nossa comunidade do Canal de noticias do Roni Paparazzi no Whatsapp e receba as principais not\u00edcias da regi\u00e3o de Ara\u00e7atuba do dia direto no seu celular siga nosso \u00a0<a href=\"https:\/\/www.instagram.com\/ronipaparazzi\/\">Instagram e\u00a0<\/a><a href=\"https:\/\/www.facebook.com\/ronipaparazzicomvoce\">Facebook<\/a><a href=\"https:\/\/chat.whatsapp.com\/GsG1XKo0jPOEfjzudWQcml\" target=\"_blank\" rel=\"noreferrer noopener\">\u00a0Clique aqui e se inscreva.<\/a><\/strong><\/em><\/strong><\/em><\/strong><\/em><\/strong><\/em><\/strong><\/em><\/strong><\/em><\/strong><\/em><\/strong><\/em><\/strong><\/em><\/strong><\/em><\/strong><\/em><\/strong><\/em><\/strong><\/em><\/strong><\/em><\/strong><\/em><\/strong><\/em><\/strong><\/em><\/strong><\/em><\/strong><\/em><\/strong><\/em><\/strong><\/em><\/strong><\/em><\/strong><\/em><\/strong><\/em><\/strong><\/em><\/strong><\/em><\/strong><\/em><\/strong><\/em><\/strong><\/em><\/strong><\/em><\/strong><\/em><\/strong><\/em><\/strong><\/em><\/strong><\/em><\/strong><\/em><\/strong><\/em><\/strong><\/em><\/strong><\/em><\/strong><\/em><\/strong><\/em><\/strong><\/em><\/strong><\/em><\/strong><\/em><\/strong><\/em><\/strong><\/em><\/strong><\/em><\/strong><\/em><\/strong><\/em><\/strong><\/em><\/strong><\/em><\/strong><\/em><\/strong><\/em><\/strong><\/em><\/strong><\/em><\/strong><\/em><\/strong><\/em><\/strong><\/em><\/strong><\/em><\/strong><\/em><\/strong><\/em><\/strong><\/em><\/strong><\/em><\/strong><\/em><\/strong><\/em><\/strong><\/em><\/strong><\/em><\/strong><\/em><\/strong><\/em><\/strong><\/em><\/strong><\/em><\/strong><\/em><\/strong><\/em><\/strong><\/em><\/strong><\/em><\/strong><\/em><\/strong><\/em><\/strong><\/em><\/strong><\/em><\/strong><\/em><\/strong><\/em><\/strong><\/em><\/strong><\/em><\/strong><\/em><\/strong><\/em><\/strong><\/em><\/strong><\/em><\/strong><\/em><\/strong><\/em><\/strong><\/em><\/strong><\/em><\/strong><\/em><\/strong><\/em><\/strong><\/em><\/strong><\/em><\/strong><\/em><\/strong><\/em><\/strong><\/em><\/strong><\/em><\/strong><\/em><\/strong><\/em><\/strong><\/em><\/strong><\/em><\/strong><\/em><\/strong><\/em><\/strong><\/em><\/strong><\/em><\/strong><\/em><\/strong><\/em><\/strong><\/em><\/strong><\/em><\/strong><\/em><\/strong><\/em><\/strong><\/em><\/strong><\/em><\/strong><\/em><\/strong><\/em><\/strong><\/em><\/strong><\/em><\/strong><\/em><\/strong><\/em><\/strong><\/em><\/strong><\/em><\/strong><\/em><\/strong><\/em><\/strong><\/em><\/strong><\/em><\/strong><\/em><\/strong><\/em><\/strong><\/em><\/strong><\/em><\/strong><\/em><\/strong><\/em><\/strong><\/em><\/strong><\/em><\/strong><\/em><\/strong><\/em><\/strong><\/em><\/strong><\/em><\/strong><\/em><\/strong><\/em><\/strong><\/em><\/strong><\/em><\/strong><\/em><\/strong><\/em><\/strong><\/em><\/strong><\/em><\/strong><\/em><\/strong><\/em><\/strong><\/em><\/strong><\/em><\/strong><\/em><\/strong><\/em><\/strong><\/em><\/strong><\/em><\/strong><\/em><\/strong><\/em><\/strong><\/em><\/strong><\/em><\/strong><\/em><\/strong><\/em><\/strong><\/em><\/strong><\/em><\/strong><\/em><\/strong><\/em><\/strong><\/em><\/strong><\/em><\/strong><\/em><\/strong><\/em><\/strong><\/em><\/strong><\/em><\/strong><\/em><\/strong><\/em><\/strong><\/em><\/strong><\/em><\/strong><\/em><\/strong><\/em><\/strong><\/em><\/strong><\/em><\/strong><\/em><\/strong><\/em><\/strong><\/em><\/strong><\/em><\/strong><\/em><\/strong><\/em><\/strong><\/em><\/strong><\/em><\/strong><\/em><\/strong><\/em><\/strong><\/em><\/strong><\/em><\/strong><\/em><\/strong><\/em><\/strong><\/em><\/strong><\/em><\/strong><\/em><\/strong><\/em><\/strong><\/em><\/strong><\/em><\/strong><\/em><\/strong><\/em><\/strong><\/em><\/strong><\/em><\/strong><\/em><\/strong><\/em><\/strong><\/em><\/strong><\/em><\/strong><\/em><\/strong><\/em><\/strong><\/em><\/strong><\/em><\/strong><\/em><\/strong><\/em><\/strong><\/em><\/strong><\/em><\/strong><\/em><\/strong><\/em><\/strong><\/em><\/strong><\/em><\/strong><\/em><\/strong><\/em><\/strong><\/em><\/strong><\/em><\/strong><\/em><\/strong><\/em><\/strong><\/em><\/strong><\/em><\/strong><\/em><\/strong><\/em><\/strong><\/em><\/strong><\/em><\/strong><\/em><\/strong><\/em><\/strong><\/em><\/strong><\/em><\/strong><\/em><\/strong><\/em><\/strong><\/em><\/strong><\/em><\/strong><\/em><\/strong><\/em><\/strong><\/em><\/strong><\/em><\/strong><\/em><\/strong><\/em><\/strong><\/em><\/strong><\/em><\/strong><\/em><\/strong><\/em><\/strong><\/em><\/strong><\/em><\/strong><\/p>\n","protected":false},"excerpt":{"rendered":"<p>DE CASTILHO (SP) POR RONI PAPARAZZI\u00a0\u2013 O laudo preliminar do Instituto M\u00e9dico-Legal confirmou que a andradinense Luciana Brites Leite, de 49 anos, foi v\u00edtima de homic\u00eddio, com morte causada por Traumatismo Cranioencef\u00e1lico Grave, provocado por instrumento contundente, possivelmente uma pedra. O corpo, localizado em \u00e1rea rural de Andradina no dia 22 de outubro, apresentava avan\u00e7ado &hellip;<\/p>\n","protected":false},"author":1,"featured_media":21076,"comment_status":"open","ping_status":"open","sticky":false,"template":"","format":"standard","meta":{"_jetpack_memberships_contains_paid_content":false,"footnotes":"","jetpack_publicize_message":"","jetpack_publicize_feature_enabled":true,"jetpack_social_post_already_shared":true,"jetpack_social_options":{"image_generator_settings":{"template":"highway","default_image_id":0,"enabled":false},"version":2}},"categories":[3],"tags":[],"class_list":["post-21075","post","type-post","status-publish","format-standard","has-post-thumbnail","hentry","category-policial"],"jetpack_publicize_connections":[],"jetpack_featured_media_url":"https:\/\/i0.wp.com\/www.paparazzinews.com.br\/wp-content\/uploads\/2026\/01\/WhatsApp-Image-2026-01-14-at-14.00.47.jpeg?fit=1600%2C900&ssl=1","views":"3324","jetpack_likes_enabled":true,"jetpack_sharing_enabled":true,"_links":{"self":[{"href":"https:\/\/www.paparazzinews.com.br\/index.php?rest_route=\/wp\/v2\/posts\/21075","targetHints":{"allow":["GET"]}}],"collection":[{"href":"https:\/\/www.paparazzinews.com.br\/index.php?rest_route=\/wp\/v2\/posts"}],"about":[{"href":"https:\/\/www.paparazzinews.com.br\/index.php?rest_route=\/wp\/v2\/types\/post"}],"author":[{"embeddable":true,"href":"https:\/\/www.paparazzinews.com.br\/index.php?rest_route=\/wp\/v2\/users\/1"}],"replies":[{"embeddable":true,"href":"https:\/\/www.paparazzinews.com.br\/index.php?rest_route=%2Fwp%2Fv2%2Fcomments&post=21075"}],"version-history":[{"count":1,"href":"https:\/\/www.paparazzinews.com.br\/index.php?rest_route=\/wp\/v2\/posts\/21075\/revisions"}],"predecessor-version":[{"id":21077,"href":"https:\/\/www.paparazzinews.com.br\/index.php?rest_route=\/wp\/v2\/posts\/21075\/revisions\/21077"}],"wp:featuredmedia":[{"embeddable":true,"href":"https:\/\/www.paparazzinews.com.br\/index.php?rest_route=\/wp\/v2\/media\/21076"}],"wp:attachment":[{"href":"https:\/\/www.paparazzinews.com.br\/index.php?rest_route=%2Fwp%2Fv2%2Fmedia&parent=21075"}],"wp:term":[{"taxonomy":"category","embeddable":true,"href":"https:\/\/www.paparazzinews.com.br\/index.php?rest_route=%2Fwp%2Fv2%2Fcategories&post=21075"},{"taxonomy":"post_tag","embeddable":true,"href":"https:\/\/www.paparazzinews.com.br\/index.php?rest_route=%2Fwp%2Fv2%2Ftags&post=21075"}],"curies":[{"name":"wp","href":"https:\/\/api.w.org\/{rel}","templated":true}]}}