{"id":20941,"date":"2026-01-08T11:13:59","date_gmt":"2026-01-08T14:13:59","guid":{"rendered":"https:\/\/www.paparazzinews.com.br\/?p=20941"},"modified":"2026-01-08T11:14:02","modified_gmt":"2026-01-08T14:14:02","slug":"futsal-de-ferias-comeca-segunda-com-grandes-duelos","status":"publish","type":"post","link":"https:\/\/www.paparazzinews.com.br\/?p=20941","title":{"rendered":"Futsal de F\u00e9rias come\u00e7a segunda com grandes duelos"},"content":{"rendered":"\n<p><strong>DE CASTILHO (SP) POR RONI PAPARAZZI\u00a0\u2013<\/strong> A tradicional competi\u00e7\u00e3o <strong>Futsal de F\u00e9rias de Castilho<\/strong> come\u00e7a na pr\u00f3xima <strong>segunda-feira, dia 12<\/strong>, prometendo movimentar o esporte local e reunir grande p\u00fablico no <strong>Gin\u00e1sio Municipal \u201cJorge Franco\u201d<\/strong>. A rodada de estreia contar\u00e1 com <strong>dois confrontos<\/strong>, um por cada chave, com in\u00edcio \u00e0s <strong>19h30<\/strong>.<\/p>\n\n\n\n<p>Nesta edi\u00e7\u00e3o, com as aus\u00eancias das equipes <strong>Conveni\u00eancia Lopes<\/strong> e <strong>Nova York<\/strong>, destaques do ano anterior, as equipes <strong>Vai Na F\u00e9<\/strong> e <strong>Athleticanos\/Mercado Nossa Casa<\/strong>, terceiro e quarto colocados da \u00faltima edi\u00e7\u00e3o, assumiram a condi\u00e7\u00e3o de <strong>cabe\u00e7as de chave<\/strong>.<\/p>\n\n\n\n<p>Abrindo a competi\u00e7\u00e3o, pela <strong>Chave A<\/strong>, a equipe <strong>Vai Na F\u00e9<\/strong> enfrenta o <strong>Jeito Moleque<\/strong>. Na sequ\u00eancia, pela <strong>Chave B<\/strong>, entram em quadra <strong>Athleticanos\/Mercado Nossa Casa<\/strong> e <strong>Inter de Mil\u00e3o\/Gui Bar<\/strong>.<\/p>\n\n\n\n<p>A defini\u00e7\u00e3o das chaves ocorreu por meio de sorteio realizado na \u00faltima semana, com a presen\u00e7a dos representantes de todas as equipes inscritas.<\/p>\n\n\n\n<p>Ao todo, <strong>12 equipes participam da competi\u00e7\u00e3o<\/strong>, divididas em duas chaves com confrontos apenas dentro dos grupos. As <strong>quatro melhores equipes de cada chave avan\u00e7am para a fase seguinte<\/strong>.<\/p>\n\n\n\n<p>A <strong>Comiss\u00e3o Municipal de Esportes (CME)<\/strong> tamb\u00e9m definiu todo o calend\u00e1rio da primeira fase. Com exce\u00e7\u00e3o da estreia, que ter\u00e1 jogos das duas chaves no mesmo dia, as rodadas seguintes ser\u00e3o alternadas, com datas exclusivas para cada grupo.<\/p>\n\n\n\n<hr class=\"wp-block-separator has-alpha-channel-opacity\"\/>\n\n\n\n<h3 class=\"wp-block-heading\">\ud83c\udd70\ufe0f <strong>Chave A<\/strong><\/h3>\n\n\n\n<p>\u2022 Vai Na F\u00e9 <em>(cabe\u00e7a de chave)<\/em><br>\u2022 Jeito Moleque<br>\u2022 Padaria do Inajar<br>\u2022 Vila Futsal\/M\u00e3o Negra<br>\u2022 Agrocast Ra\u00e7\u00f5es<br>\u2022 Auto Cast<\/p>\n\n\n\n<h3 class=\"wp-block-heading\">\ud83c\udd71\ufe0f <strong>Chave B<\/strong><\/h3>\n\n\n\n<p>\u2022 Athleticanos\/Mercado Nossa Casa <em>(cabe\u00e7a de chave)<\/em><br>\u2022 Pendengo<br>\u2022 Inter de Mil\u00e3o\/Gui Bar<br>\u2022 Conveni\u00eancia do Titi\/Nova York<br>\u2022 M\u00e3o Negra\/Star Conveni\u00eancia<br>\u2022 Magnatas<\/p>\n\n\n\n<hr class=\"wp-block-separator has-alpha-channel-opacity\"\/>\n\n\n\n<h3 class=\"wp-block-heading\">\ud83d\udcc5 <strong>Jogos da semana (at\u00e9 16\/01)<\/strong><\/h3>\n\n\n\n<p><strong>Segunda \u2013 12\/01<\/strong><br>\ud83d\udd62 19h30 \u2013 Vai Na F\u00e9 x Jeito Moleque (A)<br>\ud83d\udd63 20h30 \u2013 Athleticanos\/Merc. Nossa Casa x Inter de Mil\u00e3o (B)<\/p>\n\n\n\n<p><strong>Ter\u00e7a \u2013 13\/01<\/strong><br>\ud83d\udd62 19h30 \u2013 Padaria do Inajar x Vila Futsal\/M\u00e3o Negra (A)<br>\ud83d\udd63 20h30 \u2013 Agrocast Ra\u00e7\u00f5es x Auto Cast (A)<\/p>\n\n\n\n<p><strong>Quarta \u2013 14\/01<\/strong><br>\ud83d\udd62 19h30 \u2013 Pendengo x Conveni\u00eancia do Titi\/Nova York (B)<br>\ud83d\udd63 20h30 \u2013 M\u00e3o Negra\/Star Conveni\u00eancia x Magnatas (B)<\/p>\n\n\n\n<p><strong>Quinta \u2013 15\/01<\/strong><br>\ud83d\udd62 19h30 \u2013 Vai Na F\u00e9 x Padaria do Inajar (A)<br>\ud83d\udd63 20h30 \u2013 Jeito Moleque x Vila Futsal\/M\u00e3o Negra (A)<\/p>\n\n\n\n<p><strong>Sexta \u2013 16\/01<\/strong><br>\ud83d\udd62 19h30 \u2013 Athleticanos\/Merc. Nossa Casa x Pendengo (B)<br>\ud83d\udd63 20h30 \u2013 Inter de Mil\u00e3o x Conveni\u00eancia do Titi\/Nova York (B)<\/p>\n\n\n\n<p>O Futsal de F\u00e9rias \u00e9 uma das competi\u00e7\u00f5es mais aguardadas do calend\u00e1rio municipal, fortalecendo o esporte amador, promovendo lazer e valorizando os atletas locais.<\/p>\n\n\n\n<p><strong><em><strong><em><strong><em><strong><em><strong><em><strong><em><strong><em><strong><em><strong><em><strong><em><strong><em><strong><em><strong><em><strong><em><strong><em><strong><em><strong><em><strong><em><strong><em><strong><em><strong><em><strong><em><strong><em><strong><em><strong><em><strong><em><strong><em><strong><em><strong><em><strong><em><strong><em><strong><em><strong><em><strong><em><strong><em><strong><em><strong><em><strong><em><strong><em><strong><em><strong><em><strong><em><strong><em><strong><em><strong><em><strong><em><strong><em><strong><em><strong><em><strong><em><strong><em><strong><em><strong><em><strong><em><strong><em><strong><em><strong><em><strong><em><strong><em><strong><em><strong><em><strong><em><strong><em><strong><em><strong><em><strong><em><strong><em><strong><em><strong><em><strong><em><strong><em><strong><em><strong><em><strong><em><strong><em><strong><em><strong><em><strong><em><strong><em><strong><em><strong><em><strong><em><strong><em><strong><em><strong><em><strong><em><strong><em><strong><em><strong><em><strong><em><strong><em><strong><em><strong><em><strong><em><strong><em><strong><em><strong><em><strong><em><strong><em><strong><em><strong><em><strong><em><strong><em><strong><em><strong><em><strong><em><strong><em><strong><em><strong><em><strong><em><strong><em><strong><em><strong><em><strong><em><strong><em><strong><em><strong><em><strong><em><strong><em><strong><em><strong><em><strong><em><strong><em><strong><em><strong><em><strong><em><strong><em><strong><em><strong><em><strong><em><strong><em><strong><em><strong><em><strong><em><strong><em><strong><em><strong><em><strong><em><strong><em><strong><em><strong><em><strong><em><strong><em><strong><em><strong><em><strong><em><strong><em><strong><em><strong><em><strong><em><strong><em><strong><em><strong><em><strong><em><strong><em><strong><em><strong><em><strong><em><strong><em><strong><em><strong><em><strong><em><strong><em><strong><em><strong><em><strong><em><strong><em><strong><em><strong><em><strong><em><strong><em><strong><em><strong><em><strong><em><strong><em><strong><em><strong><em><strong><em><strong><em><strong><em><strong><em><strong><em><strong><em><strong><em><strong><em><strong><em><strong><em><strong><em><strong><em><strong><em><strong><em><strong><em><strong><em><strong><em><strong><em><strong><em><strong><em><strong><em><strong><em><strong><em><strong><em><strong><em><strong><em><strong><em><strong><em><strong><em><strong><em><strong><em><strong><em><strong><em><strong><em><strong><em><strong><em><strong><em><strong><em><strong><em><strong><em><strong><em><strong><em><strong><em><strong><em><strong><em><strong><em><strong><em><strong><em><strong><em><strong><em><strong><em><strong><em><strong><em><strong><em><strong><em><strong><em><strong><em><strong><em><strong><em><strong><em><strong><em><strong><em><strong><em><strong><em><strong><em><strong><em><strong><em><strong><em><strong><em><strong><em><strong><em><strong><em><strong><em><strong>Siga nossas redes sociais e\u00a0participe da nossa comunidade do Canal de noticias do Roni Paparazzi no Whatsapp e receba as principais not\u00edcias da regi\u00e3o de Ara\u00e7atuba do dia direto no seu celular siga nosso \u00a0<a href=\"https:\/\/www.instagram.com\/ronipaparazzi\/\">Instagram e\u00a0<\/a><a href=\"https:\/\/www.facebook.com\/ronipaparazzicomvoce\">Facebook<\/a><a href=\"https:\/\/chat.whatsapp.com\/GsG1XKo0jPOEfjzudWQcml\" target=\"_blank\" rel=\"noreferrer noopener\">\u00a0Clique aqui e se inscreva.<\/a><\/strong><\/em><\/strong><\/em><\/strong><\/em><\/strong><\/em><\/strong><\/em><\/strong><\/em><\/strong><\/em><\/strong><\/em><\/strong><\/em><\/strong><\/em><\/strong><\/em><\/strong><\/em><\/strong><\/em><\/strong><\/em><\/strong><\/em><\/strong><\/em><\/strong><\/em><\/strong><\/em><\/strong><\/em><\/strong><\/em><\/strong><\/em><\/strong><\/em><\/strong><\/em><\/strong><\/em><\/strong><\/em><\/strong><\/em><\/strong><\/em><\/strong><\/em><\/strong><\/em><\/strong><\/em><\/strong><\/em><\/strong><\/em><\/strong><\/em><\/strong><\/em><\/strong><\/em><\/strong><\/em><\/strong><\/em><\/strong><\/em><\/strong><\/em><\/strong><\/em><\/strong><\/em><\/strong><\/em><\/strong><\/em><\/strong><\/em><\/strong><\/em><\/strong><\/em><\/strong><\/em><\/strong><\/em><\/strong><\/em><\/strong><\/em><\/strong><\/em><\/strong><\/em><\/strong><\/em><\/strong><\/em><\/strong><\/em><\/strong><\/em><\/strong><\/em><\/strong><\/em><\/strong><\/em><\/strong><\/em><\/strong><\/em><\/strong><\/em><\/strong><\/em><\/strong><\/em><\/strong><\/em><\/strong><\/em><\/strong><\/em><\/strong><\/em><\/strong><\/em><\/strong><\/em><\/strong><\/em><\/strong><\/em><\/strong><\/em><\/strong><\/em><\/strong><\/em><\/strong><\/em><\/strong><\/em><\/strong><\/em><\/strong><\/em><\/strong><\/em><\/strong><\/em><\/strong><\/em><\/strong><\/em><\/strong><\/em><\/strong><\/em><\/strong><\/em><\/strong><\/em><\/strong><\/em><\/strong><\/em><\/strong><\/em><\/strong><\/em><\/strong><\/em><\/strong><\/em><\/strong><\/em><\/strong><\/em><\/strong><\/em><\/strong><\/em><\/strong><\/em><\/strong><\/em><\/strong><\/em><\/strong><\/em><\/strong><\/em><\/strong><\/em><\/strong><\/em><\/strong><\/em><\/strong><\/em><\/strong><\/em><\/strong><\/em><\/strong><\/em><\/strong><\/em><\/strong><\/em><\/strong><\/em><\/strong><\/em><\/strong><\/em><\/strong><\/em><\/strong><\/em><\/strong><\/em><\/strong><\/em><\/strong><\/em><\/strong><\/em><\/strong><\/em><\/strong><\/em><\/strong><\/em><\/strong><\/em><\/strong><\/em><\/strong><\/em><\/strong><\/em><\/strong><\/em><\/strong><\/em><\/strong><\/em><\/strong><\/em><\/strong><\/em><\/strong><\/em><\/strong><\/em><\/strong><\/em><\/strong><\/em><\/strong><\/em><\/strong><\/em><\/strong><\/em><\/strong><\/em><\/strong><\/em><\/strong><\/em><\/strong><\/em><\/strong><\/em><\/strong><\/em><\/strong><\/em><\/strong><\/em><\/strong><\/em><\/strong><\/em><\/strong><\/em><\/strong><\/em><\/strong><\/em><\/strong><\/em><\/strong><\/em><\/strong><\/em><\/strong><\/em><\/strong><\/em><\/strong><\/em><\/strong><\/em><\/strong><\/em><\/strong><\/em><\/strong><\/em><\/strong><\/em><\/strong><\/em><\/strong><\/em><\/strong><\/em><\/strong><\/em><\/strong><\/em><\/strong><\/em><\/strong><\/em><\/strong><\/em><\/strong><\/em><\/strong><\/em><\/strong><\/em><\/strong><\/em><\/strong><\/em><\/strong><\/em><\/strong><\/em><\/strong><\/em><\/strong><\/em><\/strong><\/em><\/strong><\/em><\/strong><\/em><\/strong><\/em><\/strong><\/em><\/strong><\/em><\/strong><\/em><\/strong><\/em><\/strong><\/em><\/strong><\/em><\/strong><\/em><\/strong><\/em><\/strong><\/em><\/strong><\/em><\/strong><\/em><\/strong><\/em><\/strong><\/em><\/strong><\/em><\/strong><\/em><\/strong><\/em><\/strong><\/em><\/strong><\/em><\/strong><\/em><\/strong><\/em><\/strong><\/em><\/strong><\/em><\/strong><\/em><\/strong><\/em><\/strong><\/em><\/strong><\/em><\/strong><\/em><\/strong><\/em><\/strong><\/em><\/strong><\/em><\/strong><\/em><\/strong><\/em><\/strong><\/em><\/strong><\/em><\/strong><\/em><\/strong><\/em><\/strong><\/em><\/strong><\/em><\/strong><\/em><\/strong><\/em><\/strong><\/em><\/strong><\/em><\/strong><\/em><\/strong><\/em><\/strong><\/em><\/strong><\/em><\/strong><\/em><\/strong><\/em><\/strong><\/em><\/strong><\/em><\/strong><\/em><\/strong><\/em><\/strong><\/em><\/strong><\/em><\/strong><\/em><\/strong><\/em><\/strong><\/em><\/strong><\/em><\/strong><\/em><\/strong><\/em><\/strong><\/em><\/strong><\/em><\/strong><\/em><\/strong><\/em><\/strong><\/em><\/strong><\/em><\/strong><\/p>\n","protected":false},"excerpt":{"rendered":"<p>DE CASTILHO (SP) POR RONI PAPARAZZI\u00a0\u2013 A tradicional competi\u00e7\u00e3o Futsal de F\u00e9rias de Castilho come\u00e7a na pr\u00f3xima segunda-feira, dia 12, prometendo movimentar o esporte local e reunir grande p\u00fablico no Gin\u00e1sio Municipal \u201cJorge Franco\u201d. A rodada de estreia contar\u00e1 com dois confrontos, um por cada chave, com in\u00edcio \u00e0s 19h30. Nesta edi\u00e7\u00e3o, com as aus\u00eancias &hellip;<\/p>\n","protected":false},"author":1,"featured_media":20942,"comment_status":"open","ping_status":"open","sticky":false,"template":"","format":"standard","meta":{"_jetpack_memberships_contains_paid_content":false,"footnotes":"","jetpack_publicize_message":"","jetpack_publicize_feature_enabled":true,"jetpack_social_post_already_shared":true,"jetpack_social_options":{"image_generator_settings":{"template":"highway","default_image_id":0,"enabled":false},"version":2}},"categories":[6],"tags":[],"class_list":["post-20941","post","type-post","status-publish","format-standard","has-post-thumbnail","hentry","category-entretenimento"],"jetpack_publicize_connections":[],"jetpack_featured_media_url":"https:\/\/i0.wp.com\/www.paparazzinews.com.br\/wp-content\/uploads\/2026\/01\/WhatsApp-Image-2026-01-08-at-11.05.23.jpeg?fit=1280%2C576&ssl=1","views":"877","jetpack_likes_enabled":true,"jetpack_sharing_enabled":true,"_links":{"self":[{"href":"https:\/\/www.paparazzinews.com.br\/index.php?rest_route=\/wp\/v2\/posts\/20941","targetHints":{"allow":["GET"]}}],"collection":[{"href":"https:\/\/www.paparazzinews.com.br\/index.php?rest_route=\/wp\/v2\/posts"}],"about":[{"href":"https:\/\/www.paparazzinews.com.br\/index.php?rest_route=\/wp\/v2\/types\/post"}],"author":[{"embeddable":true,"href":"https:\/\/www.paparazzinews.com.br\/index.php?rest_route=\/wp\/v2\/users\/1"}],"replies":[{"embeddable":true,"href":"https:\/\/www.paparazzinews.com.br\/index.php?rest_route=%2Fwp%2Fv2%2Fcomments&post=20941"}],"version-history":[{"count":1,"href":"https:\/\/www.paparazzinews.com.br\/index.php?rest_route=\/wp\/v2\/posts\/20941\/revisions"}],"predecessor-version":[{"id":20943,"href":"https:\/\/www.paparazzinews.com.br\/index.php?rest_route=\/wp\/v2\/posts\/20941\/revisions\/20943"}],"wp:featuredmedia":[{"embeddable":true,"href":"https:\/\/www.paparazzinews.com.br\/index.php?rest_route=\/wp\/v2\/media\/20942"}],"wp:attachment":[{"href":"https:\/\/www.paparazzinews.com.br\/index.php?rest_route=%2Fwp%2Fv2%2Fmedia&parent=20941"}],"wp:term":[{"taxonomy":"category","embeddable":true,"href":"https:\/\/www.paparazzinews.com.br\/index.php?rest_route=%2Fwp%2Fv2%2Fcategories&post=20941"},{"taxonomy":"post_tag","embeddable":true,"href":"https:\/\/www.paparazzinews.com.br\/index.php?rest_route=%2Fwp%2Fv2%2Ftags&post=20941"}],"curies":[{"name":"wp","href":"https:\/\/api.w.org\/{rel}","templated":true}]}}