{"id":20878,"date":"2025-12-31T16:50:23","date_gmt":"2025-12-31T19:50:23","guid":{"rendered":"https:\/\/www.paparazzinews.com.br\/?p=20878"},"modified":"2025-12-31T16:50:26","modified_gmt":"2025-12-31T19:50:26","slug":"regras-para-ciclomotores-mudam-em-2026-veja-o-que-muda","status":"publish","type":"post","link":"https:\/\/www.paparazzinews.com.br\/?p=20878","title":{"rendered":"Regras para ciclomotores mudam em 2026; veja o que muda"},"content":{"rendered":"\n<p><strong>DE CASTILHO (SP) POR RONI PAPARAZZI\u00a0\u2013<\/strong>\u00a0A partir de <strong>1\u00ba de janeiro de 2026<\/strong>, ciclomotores (el\u00e9tricos ou a combust\u00e3o) s\u00f3 poder\u00e3o circular se estiverem <strong>regularizados<\/strong>, conforme determina a <strong>Resolu\u00e7\u00e3o 996\/2023 do CONTRAN<\/strong>. As mudan\u00e7as incluem <strong>obrigatoriedade de placa<\/strong>, <strong>licenciamento anual<\/strong>, <strong>uso de capacete<\/strong> e <strong>habilita\u00e7\u00e3o do condutor<\/strong>.<\/p>\n\n\n\n<p>At\u00e9 31 de dezembro de 2025, o processo segue em fase de <strong>transi\u00e7\u00e3o<\/strong>, com orienta\u00e7\u00f5es para registro e adapta\u00e7\u00e3o dos ve\u00edculos.<\/p>\n\n\n\n<hr class=\"wp-block-separator has-alpha-channel-opacity\"\/>\n\n\n\n<h2 class=\"wp-block-heading\">\ud83d\udef5 <strong>1. CICLOMOTORES (el\u00e9tricos ou combust\u00e3o)<\/strong><\/h2>\n\n\n\n<p><strong>Defini\u00e7\u00e3o legal \u2014 Res. 996\/2023<\/strong><\/p>\n\n\n\n<ul class=\"wp-block-list\">\n<li>At\u00e9 <strong>4.000 W<\/strong> de pot\u00eancia<\/li>\n\n\n\n<li>M\u00e1ximo <strong>50 km\/h<\/strong><\/li>\n\n\n\n<li><strong>2 ou 3 rodas<\/strong><\/li>\n\n\n\n<li>El\u00e9trico ou combust\u00e3o<\/li>\n<\/ul>\n\n\n\n<h3 class=\"wp-block-heading\">\ud83d\udccc Regras at\u00e9 31\/12\/2025 (transi\u00e7\u00e3o)<\/h3>\n\n\n\n<figure class=\"wp-block-table\"><table class=\"has-fixed-layout\"><thead><tr><th>Item<\/th><th>Exig\u00eancia<\/th><\/tr><\/thead><tbody><tr><td>Placa \/ registro<\/td><td>Em orienta\u00e7\u00e3o<\/td><\/tr><tr><td>Habilita\u00e7\u00e3o<\/td><td><strong>CNH A ou ACC<\/strong><\/td><\/tr><tr><td>Capacete<\/td><td>Obrigat\u00f3rio<\/td><\/tr><tr><td>Por onde pode andar<\/td><td>Ruas e avenidas<\/td><\/tr><tr><td>Proibido<\/td><td>Ciclovias, ciclofaixas e cal\u00e7adas<\/td><\/tr><\/tbody><\/table><\/figure>\n\n\n\n<h3 class=\"wp-block-heading\">\ud83d\udea8 Regras a partir de 01\/01\/2026 (OBRIGAT\u00d3RIO)<\/h3>\n\n\n\n<ul class=\"wp-block-list\">\n<li><strong>Placa (RENAVAM)<\/strong><\/li>\n\n\n\n<li><strong>Licenciamento anual<\/strong><\/li>\n\n\n\n<li><strong>CNH A ou ACC<\/strong><\/li>\n\n\n\n<li><strong>Capacete ABNT<\/strong><\/li>\n\n\n\n<li><strong>Proibido<\/strong> ciclovia, ciclofaixa e cal\u00e7adas<\/li>\n<\/ul>\n\n\n\n<hr class=\"wp-block-separator has-alpha-channel-opacity\"\/>\n\n\n\n<h2 class=\"wp-block-heading\">\u26a1 <strong>2. BICICLETAS EL\u00c9TRICAS (E-BIKES)<\/strong><\/h2>\n\n\n\n<p>S\u00f3 \u00e9 <strong>bicicleta<\/strong> se atender a TODOS:<\/p>\n\n\n\n<ul class=\"wp-block-list\">\n<li><strong>Pedal assistido<\/strong> (motor s\u00f3 funciona pedalando)<\/li>\n\n\n\n<li>At\u00e9 <strong>32 km\/h<\/strong><\/li>\n\n\n\n<li>At\u00e9 <strong>1.000 W<\/strong><\/li>\n<\/ul>\n\n\n\n<h3 class=\"wp-block-heading\">\ud83d\udccd Regras<\/h3>\n\n\n\n<ul class=\"wp-block-list\">\n<li>Sem placa<\/li>\n\n\n\n<li>Sem habilita\u00e7\u00e3o<\/li>\n\n\n\n<li>Pode usar <strong>ciclovia e ciclofaixa<\/strong><\/li>\n\n\n\n<li>Equiparada \u00e0 bicicleta comum<\/li>\n<\/ul>\n\n\n\n<p>\ud83d\udccc <strong>Se tiver acelerador \u2192 vira ciclomotor.<\/strong><br>\ud83d\udccc <strong>Se passar de 32 km\/h \u2192 vira ciclomotor.<\/strong><br>\ud83d\udccc <strong>Se tiver mais de 1.000W \u2192 ciclomotor.<\/strong><\/p>\n\n\n\n<hr class=\"wp-block-separator has-alpha-channel-opacity\"\/>\n\n\n\n<h2 class=\"wp-block-heading\">\ud83c\udfaf <strong>COMO IDENTIFICAR A CATEGORIA<\/strong><\/h2>\n\n\n\n<figure class=\"wp-block-table\"><table class=\"has-fixed-layout\"><thead><tr><th>Caracter\u00edstica<\/th><th>Categoria<\/th><\/tr><\/thead><tbody><tr><td>Tem acelerador e anda sem pedalar<\/td><td>\ud83d\udef5 CICLOMOTOR<\/td><\/tr><tr><td>Passa de 32 km\/h<\/td><td>\ud83d\udef5 CICLOMOTOR<\/td><\/tr><tr><td>Mais de 1000W<\/td><td>\ud83d\udef5 CICLOMOTOR<\/td><\/tr><tr><td>S\u00f3 pedal assistido at\u00e9 32 km\/h<\/td><td>\ud83d\udeb2 E-BIKE<\/td><\/tr><\/tbody><\/table><\/figure>\n\n\n\n<hr class=\"wp-block-separator has-alpha-channel-opacity\"\/>\n\n\n\n<h2 class=\"wp-block-heading\">\ud83d\udd27 <strong>Checklist para fiscaliza\u00e7\u00e3o (2026)<\/strong><\/h2>\n\n\n\n<p><strong>Ciclomotor<\/strong><br>\u2714 Placa presente e leg\u00edvel<br>\u2714 Registro no RENAVAM<br>\u2714 Licenciamento v\u00e1lido<br>\u2714 CNH A ou ACC<br>\u2714 Capacete<br>\u274c Fora de ciclovia \/ ciclofaixa<\/p>\n\n\n\n<p><strong>E-bike<\/strong><br>\u2714 Pedal assistido<br>\u2714 At\u00e9 32 km\/h<br>\u2714 Sem acelerador<br>\u2714 Pode ciclovia\/ciclofaixa<\/p>\n\n\n\n<hr class=\"wp-block-separator has-alpha-channel-opacity\"\/>\n\n\n\n<h2 class=\"wp-block-heading\">\u26a0\ufe0f OBSERVA\u00c7\u00c3O IMPORTANTE<\/h2>\n\n\n\n<p>Muitos ve\u00edculos vendidos como \u201cbike el\u00e9trica\u201d s\u00e3o, na pr\u00e1tica, <strong>ciclomotores<\/strong> e precisar\u00e3o de <strong>placa e habilita\u00e7\u00e3o<\/strong>.<\/p>\n\n\n\n<p><strong><em><strong><em><strong><em><strong><em><strong><em><strong><em><strong><em><strong><em><strong><em><strong><em><strong><em><strong><em><strong><em><strong><em><strong><em><strong><em><strong><em><strong><em><strong><em><strong><em><strong><em><strong><em><strong><em><strong><em><strong><em><strong><em><strong><em><strong><em><strong><em><strong><em><strong><em><strong><em><strong><em><strong><em><strong><em><strong><em><strong><em><strong><em><strong><em><strong><em><strong><em><strong><em><strong><em><strong><em><strong><em><strong><em><strong><em><strong><em><strong><em><strong><em><strong><em><strong><em><strong><em><strong><em><strong><em><strong><em><strong><em><strong><em><strong><em><strong><em><strong><em><strong><em><strong><em><strong><em><strong><em><strong><em><strong><em><strong><em><strong><em><strong><em><strong><em><strong><em><strong><em><strong><em><strong><em><strong><em><strong><em><strong><em><strong><em><strong><em><strong><em><strong><em><strong><em><strong><em><strong><em><strong><em><strong><em><strong><em><strong><em><strong><em><strong><em><strong><em><strong><em><strong><em><strong><em><strong><em><strong><em><strong><em><strong><em><strong><em><strong><em><strong><em><strong><em><strong><em><strong><em><strong><em><strong><em><strong><em><strong><em><strong><em><strong><em><strong><em><strong><em><strong><em><strong><em><strong><em><strong><em><strong><em><strong><em><strong><em><strong><em><strong><em><strong><em><strong><em><strong><em><strong><em><strong><em><strong><em><strong><em><strong><em><strong><em><strong><em><strong><em><strong><em><strong><em><strong><em><strong><em><strong><em><strong><em><strong><em><strong><em><strong><em><strong><em><strong><em><strong><em><strong><em><strong><em><strong><em><strong><em><strong><em><strong><em><strong><em><strong><em><strong><em><strong><em><strong><em><strong><em><strong><em><strong><em><strong><em><strong><em><strong><em><strong><em><strong><em><strong><em><strong><em><strong><em><strong><em><strong><em><strong><em><strong><em><strong><em><strong><em><strong><em><strong><em><strong><em><strong><em><strong><em><strong><em><strong><em><strong><em><strong><em><strong><em><strong><em><strong><em><strong><em><strong><em><strong><em><strong><em><strong><em><strong><em><strong><em><strong><em><strong><em><strong><em><strong><em><strong><em><strong><em><strong><em><strong><em><strong><em><strong><em><strong><em><strong><em><strong><em><strong><em><strong><em><strong><em><strong><em><strong><em><strong><em><strong><em><strong><em><strong><em><strong><em><strong><em><strong><em><strong><em><strong><em><strong><em><strong><em><strong><em><strong><em><strong><em><strong><em><strong><em><strong><em><strong><em><strong><em><strong><em><strong><em><strong><em><strong><em><strong><em><strong><em><strong><em><strong><em><strong><em><strong><em><strong><em><strong><em><strong><em><strong><em><strong><em><strong><em><strong><em><strong><em><strong><em><strong><em><strong><em><strong><em><strong><em><strong><em><strong><em><strong><em><strong>Siga nossas redes sociais e\u00a0participe da nossa comunidade do Canal de noticias do Roni Paparazzi no Whatsapp e receba as principais not\u00edcias da regi\u00e3o de Ara\u00e7atuba do dia direto no seu celular siga nosso \u00a0<\/strong><a href=\"https:\/\/www.instagram.com\/ronipaparazzi\/\">Instagram e\u00a0<\/a><a href=\"https:\/\/www.facebook.com\/ronipaparazzicomvoce\">Facebook<\/a><a href=\"https:\/\/chat.whatsapp.com\/GsG1XKo0jPOEfjzudWQcml\" target=\"_blank\" rel=\"noreferrer noopener\">\u00a0Clique aqui e se inscreva.<\/a><\/em><\/strong><\/em><\/strong><\/em><\/strong><\/em><\/strong><\/em><\/strong><\/em><\/strong><\/em><\/strong><\/em><\/strong><\/em><\/strong><\/em><\/strong><\/em><\/strong><\/em><\/strong><\/em><\/strong><\/em><\/strong><\/em><\/strong><\/em><\/strong><\/em><\/strong><\/em><\/strong><\/em><\/strong><\/em><\/strong><\/em><\/strong><\/em><\/strong><\/em><\/strong><\/em><\/strong><\/em><\/strong><\/em><\/strong><\/em><\/strong><\/em><\/strong><\/em><\/strong><\/em><\/strong><\/em><\/strong><\/em><\/strong><\/em><\/strong><\/em><\/strong><\/em><\/strong><\/em><\/strong><\/em><\/strong><\/em><\/strong><\/em><\/strong><\/em><\/strong><\/em><\/strong><\/em><\/strong><\/em><\/strong><\/em><\/strong><\/em><\/strong><\/em><\/strong><\/em><\/strong><\/em><\/strong><\/em><\/strong><\/em><\/strong><\/em><\/strong><\/em><\/strong><\/em><\/strong><\/em><\/strong><\/em><\/strong><\/em><\/strong><\/em><\/strong><\/em><\/strong><\/em><\/strong><\/em><\/strong><\/em><\/strong><\/em><\/strong><\/em><\/strong><\/em><\/strong><\/em><\/strong><\/em><\/strong><\/em><\/strong><\/em><\/strong><\/em><\/strong><\/em><\/strong><\/em><\/strong><\/em><\/strong><\/em><\/strong><\/em><\/strong><\/em><\/strong><\/em><\/strong><\/em><\/strong><\/em><\/strong><\/em><\/strong><\/em><\/strong><\/em><\/strong><\/em><\/strong><\/em><\/strong><\/em><\/strong><\/em><\/strong><\/em><\/strong><\/em><\/strong><\/em><\/strong><\/em><\/strong><\/em><\/strong><\/em><\/strong><\/em><\/strong><\/em><\/strong><\/em><\/strong><\/em><\/strong><\/em><\/strong><\/em><\/strong><\/em><\/strong><\/em><\/strong><\/em><\/strong><\/em><\/strong><\/em><\/strong><\/em><\/strong><\/em><\/strong><\/em><\/strong><\/em><\/strong><\/em><\/strong><\/em><\/strong><\/em><\/strong><\/em><\/strong><\/em><\/strong><\/em><\/strong><\/em><\/strong><\/em><\/strong><\/em><\/strong><\/em><\/strong><\/em><\/strong><\/em><\/strong><\/em><\/strong><\/em><\/strong><\/em><\/strong><\/em><\/strong><\/em><\/strong><\/em><\/strong><\/em><\/strong><\/em><\/strong><\/em><\/strong><\/em><\/strong><\/em><\/strong><\/em><\/strong><\/em><\/strong><\/em><\/strong><\/em><\/strong><\/em><\/strong><\/em><\/strong><\/em><\/strong><\/em><\/strong><\/em><\/strong><\/em><\/strong><\/em><\/strong><\/em><\/strong><\/em><\/strong><\/em><\/strong><\/em><\/strong><\/em><\/strong><\/em><\/strong><\/em><\/strong><\/em><\/strong><\/em><\/strong><\/em><\/strong><\/em><\/strong><\/em><\/strong><\/em><\/strong><\/em><\/strong><\/em><\/strong><\/em><\/strong><\/em><\/strong><\/em><\/strong><\/em><\/strong><\/em><\/strong><\/em><\/strong><\/em><\/strong><\/em><\/strong><\/em><\/strong><\/em><\/strong><\/em><\/strong><\/em><\/strong><\/em><\/strong><\/em><\/strong><\/em><\/strong><\/em><\/strong><\/em><\/strong><\/em><\/strong><\/em><\/strong><\/em><\/strong><\/em><\/strong><\/em><\/strong><\/em><\/strong><\/em><\/strong><\/em><\/strong><\/em><\/strong><\/em><\/strong><\/em><\/strong><\/em><\/strong><\/em><\/strong><\/em><\/strong><\/em><\/strong><\/em><\/strong><\/em><\/strong><\/em><\/strong><\/em><\/strong><\/em><\/strong><\/em><\/strong><\/em><\/strong><\/em><\/strong><\/em><\/strong><\/em><\/strong><\/em><\/strong><\/em><\/strong><\/em><\/strong><\/em><\/strong><\/em><\/strong><\/em><\/strong><\/em><\/strong><\/em><\/strong><\/em><\/strong><\/em><\/strong><\/em><\/strong><\/em><\/strong><\/em><\/strong><\/em><\/strong><\/em><\/strong><\/em><\/strong><\/em><\/strong><\/em><\/strong><\/em><\/strong><\/em><\/strong><\/em><\/strong><\/em><\/strong><\/em><\/strong><\/em><\/strong><\/em><\/strong><\/em><\/strong><\/em><\/strong><\/em><\/strong><\/em><\/strong><\/em><\/strong><\/em><\/strong><\/em><\/strong><\/em><\/strong><\/em><\/strong><\/em><\/strong><\/em><\/strong><\/em><\/strong><\/em><\/strong><\/em><\/strong><\/em><\/strong><\/em><\/strong><\/em><\/strong><\/em><\/strong><\/em><\/strong><\/em><\/strong><\/em><\/strong><\/em><\/strong><\/em><\/strong><\/em><\/strong><\/em><\/strong><\/em><\/strong><\/em><\/strong><\/em><\/strong><\/em><\/strong><\/em><\/strong><\/em><\/strong><\/em><\/strong><\/em><\/strong><\/p>\n","protected":false},"excerpt":{"rendered":"<p>DE CASTILHO (SP) POR RONI PAPARAZZI\u00a0\u2013\u00a0A partir de 1\u00ba de janeiro de 2026, ciclomotores (el\u00e9tricos ou a combust\u00e3o) s\u00f3 poder\u00e3o circular se estiverem regularizados, conforme determina a Resolu\u00e7\u00e3o 996\/2023 do CONTRAN. As mudan\u00e7as incluem obrigatoriedade de placa, licenciamento anual, uso de capacete e habilita\u00e7\u00e3o do condutor. At\u00e9 31 de dezembro de 2025, o processo segue &hellip;<\/p>\n","protected":false},"author":1,"featured_media":20879,"comment_status":"open","ping_status":"open","sticky":false,"template":"","format":"standard","meta":{"_jetpack_memberships_contains_paid_content":false,"footnotes":"","jetpack_publicize_message":"","jetpack_publicize_feature_enabled":true,"jetpack_social_post_already_shared":true,"jetpack_social_options":{"image_generator_settings":{"template":"highway","default_image_id":0,"enabled":false},"version":2}},"categories":[3],"tags":[],"class_list":["post-20878","post","type-post","status-publish","format-standard","has-post-thumbnail","hentry","category-policial"],"jetpack_publicize_connections":[],"jetpack_featured_media_url":"https:\/\/i0.wp.com\/www.paparazzinews.com.br\/wp-content\/uploads\/2025\/12\/5df05fdc-e62f-4238-b112-e8599f7c5a25a.jpg?fit=1280%2C575&ssl=1","views":"2389","jetpack_likes_enabled":true,"jetpack_sharing_enabled":true,"_links":{"self":[{"href":"https:\/\/www.paparazzinews.com.br\/index.php?rest_route=\/wp\/v2\/posts\/20878","targetHints":{"allow":["GET"]}}],"collection":[{"href":"https:\/\/www.paparazzinews.com.br\/index.php?rest_route=\/wp\/v2\/posts"}],"about":[{"href":"https:\/\/www.paparazzinews.com.br\/index.php?rest_route=\/wp\/v2\/types\/post"}],"author":[{"embeddable":true,"href":"https:\/\/www.paparazzinews.com.br\/index.php?rest_route=\/wp\/v2\/users\/1"}],"replies":[{"embeddable":true,"href":"https:\/\/www.paparazzinews.com.br\/index.php?rest_route=%2Fwp%2Fv2%2Fcomments&post=20878"}],"version-history":[{"count":1,"href":"https:\/\/www.paparazzinews.com.br\/index.php?rest_route=\/wp\/v2\/posts\/20878\/revisions"}],"predecessor-version":[{"id":20880,"href":"https:\/\/www.paparazzinews.com.br\/index.php?rest_route=\/wp\/v2\/posts\/20878\/revisions\/20880"}],"wp:featuredmedia":[{"embeddable":true,"href":"https:\/\/www.paparazzinews.com.br\/index.php?rest_route=\/wp\/v2\/media\/20879"}],"wp:attachment":[{"href":"https:\/\/www.paparazzinews.com.br\/index.php?rest_route=%2Fwp%2Fv2%2Fmedia&parent=20878"}],"wp:term":[{"taxonomy":"category","embeddable":true,"href":"https:\/\/www.paparazzinews.com.br\/index.php?rest_route=%2Fwp%2Fv2%2Fcategories&post=20878"},{"taxonomy":"post_tag","embeddable":true,"href":"https:\/\/www.paparazzinews.com.br\/index.php?rest_route=%2Fwp%2Fv2%2Ftags&post=20878"}],"curies":[{"name":"wp","href":"https:\/\/api.w.org\/{rel}","templated":true}]}}