{"id":2075,"date":"2023-03-01T11:47:45","date_gmt":"2023-03-01T14:47:45","guid":{"rendered":"https:\/\/www.paparazzinews.com.br\/?p=2075"},"modified":"2023-03-01T11:47:46","modified_gmt":"2023-03-01T14:47:46","slug":"salario-de-mario-celso-em-andradina-vai-para-reforma-em-capela","status":"publish","type":"post","link":"https:\/\/www.paparazzinews.com.br\/?p=2075","title":{"rendered":"Sal\u00e1rio de M\u00e1rio Celso em Andradina vai para reforma em Capela"},"content":{"rendered":"\n<p>O prefeito de Andradina M\u00e1rio Celso Lopes terminou o m\u00eas de fevereiro fazendo a doa\u00e7\u00e3o do seu sal\u00e1rio desta vez para a reforma da capela do Bom Jesus da Lapa no distrito de Paran\u00e1polis. O dinheiro veio em boa hora pois a comunidade est\u00e1 se mobilizando para fazer a melhor reforma da capela, que tem quase 80 anos.<\/p>\n\n\n\n<p>\u201cEsperamos que este pequeno gesto ajude a essa comunidade a realizar essa reforma e manter viva a tradi\u00e7\u00e3o dos romeiros que todo dia 6 de agosto vem de Andradina para c\u00e1 a p\u00e9 realizando essa prociss\u00e3o hist\u00f3rica\u201d, disse o prefeito.<\/p>\n\n\n\n<p>At\u00e9 hoje o prefeito fez a doa\u00e7\u00e3o de todos os seus sal\u00e1rios com um total de doa\u00e7\u00f5es que supera a marca de R$ 300 mil todos para entidades andradinenses, principalmente para aquelas fora do mapa e que n\u00e3o recebem repasses governamentais. As doa\u00e7\u00f5es acontecem por uma decis\u00e3o tomada mesmo antes que vencesse as elei\u00e7\u00f5es municipais, ent\u00e3o, sem ficar com 1 centavo do seu sal\u00e1rio de prefeito, dinheiro vai mensalmente para projetos sociais e de apoio em diferentes bairros e causas na cidade e ser\u00e1 assim enquanto ele estiver ocupando o cargo de prefeito de Andradina.<\/p>\n\n\n\n<p><strong>Hist\u00f3ria<\/strong><br>A romaria em penit\u00eancia ao Senhor Bom Jesus da Lapa \u00e9 realizada todo dia 6 de agosto, merecendo um \u201cmeio feriado\u201d religioso, para que os fi\u00e9is possam fazer o percurso de frente da Par\u00f3quia de Nossa Senhora das Gra\u00e7as, em mais de sete km pela Vicinal Emit\u00e9rio Castilho Teno, que liga Andradina ao bairro de Paran\u00e1polis, at\u00e9 a Capela do Santo no Centro do distrito, onde \u00e9 realizada uma missa campal.<br>A festa \u00e9 acompanhada com a realiza\u00e7\u00e3o da Cavalgada do Bom Jesus da Lapa, quermesse no Sal\u00e3o Comunit\u00e1rio da Capela e uma missa campal.<\/p>\n\n\n\n<p>A tradi\u00e7\u00e3o vai completar 80 anos. A primeira prociss\u00e3o reuniu n\u00e3o mais que seis pessoas e hoje a penit\u00eancia leva milhares de penitentes ao local a procura de milagres. A f\u00e9 no Bom Jesus foi trazida para Andradina pelo casal de propriet\u00e1rios rurais Ant\u00f4nio Alves da Silva e Erothildes Neves e Silva, j\u00e1 falecidos, que moravam na cidade de Paramirim (BA), e compraram a propriedade rural onde hoje se localiza o patrim\u00f4nio de Paran\u00e1polis. Eles eram seguidores das tradi\u00e7\u00f5es na cidade de Bom Jesus da Lapa (BA), e quando se mudaram para o interior paulista, resolveram continuar a devo\u00e7\u00e3o construindo dentro de sua propriedade a capela onde hoje, ainda \u00e9 realizada a festa. Depois da morte dos patriarcas a fam\u00edlia doou a parte onde hoje se localiza o patrim\u00f4nio para que a comunidade cat\u00f3lica pudesse continuar a seguir a tradi\u00e7\u00e3o.<\/p>\n","protected":false},"excerpt":{"rendered":"<p>O prefeito de Andradina M\u00e1rio Celso Lopes terminou o m\u00eas de fevereiro fazendo a doa\u00e7\u00e3o do seu sal\u00e1rio desta vez para a reforma da capela do Bom Jesus da Lapa no distrito de Paran\u00e1polis. O dinheiro veio em boa hora pois a comunidade est\u00e1 se mobilizando para fazer a melhor reforma da capela, que tem &hellip;<\/p>\n","protected":false},"author":1,"featured_media":2076,"comment_status":"open","ping_status":"open","sticky":false,"template":"","format":"standard","meta":{"_jetpack_memberships_contains_paid_content":false,"footnotes":"","jetpack_publicize_message":"","jetpack_publicize_feature_enabled":true,"jetpack_social_post_already_shared":false,"jetpack_social_options":{"image_generator_settings":{"template":"highway","default_image_id":0,"enabled":false},"version":2}},"categories":[4],"tags":[],"class_list":["post-2075","post","type-post","status-publish","format-standard","has-post-thumbnail","hentry","category-regiao"],"jetpack_publicize_connections":[],"jetpack_featured_media_url":"https:\/\/i0.wp.com\/www.paparazzinews.com.br\/wp-content\/uploads\/2023\/03\/e349d748-b81c-47a7-b0f9-9af7aedee998-e1677682055973.jpg?fit=1000%2C696&ssl=1","views":"2625","jetpack_likes_enabled":true,"jetpack_sharing_enabled":true,"_links":{"self":[{"href":"https:\/\/www.paparazzinews.com.br\/index.php?rest_route=\/wp\/v2\/posts\/2075","targetHints":{"allow":["GET"]}}],"collection":[{"href":"https:\/\/www.paparazzinews.com.br\/index.php?rest_route=\/wp\/v2\/posts"}],"about":[{"href":"https:\/\/www.paparazzinews.com.br\/index.php?rest_route=\/wp\/v2\/types\/post"}],"author":[{"embeddable":true,"href":"https:\/\/www.paparazzinews.com.br\/index.php?rest_route=\/wp\/v2\/users\/1"}],"replies":[{"embeddable":true,"href":"https:\/\/www.paparazzinews.com.br\/index.php?rest_route=%2Fwp%2Fv2%2Fcomments&post=2075"}],"version-history":[{"count":1,"href":"https:\/\/www.paparazzinews.com.br\/index.php?rest_route=\/wp\/v2\/posts\/2075\/revisions"}],"predecessor-version":[{"id":2077,"href":"https:\/\/www.paparazzinews.com.br\/index.php?rest_route=\/wp\/v2\/posts\/2075\/revisions\/2077"}],"wp:featuredmedia":[{"embeddable":true,"href":"https:\/\/www.paparazzinews.com.br\/index.php?rest_route=\/wp\/v2\/media\/2076"}],"wp:attachment":[{"href":"https:\/\/www.paparazzinews.com.br\/index.php?rest_route=%2Fwp%2Fv2%2Fmedia&parent=2075"}],"wp:term":[{"taxonomy":"category","embeddable":true,"href":"https:\/\/www.paparazzinews.com.br\/index.php?rest_route=%2Fwp%2Fv2%2Fcategories&post=2075"},{"taxonomy":"post_tag","embeddable":true,"href":"https:\/\/www.paparazzinews.com.br\/index.php?rest_route=%2Fwp%2Fv2%2Ftags&post=2075"}],"curies":[{"name":"wp","href":"https:\/\/api.w.org\/{rel}","templated":true}]}}