{"id":20702,"date":"2025-12-12T19:19:11","date_gmt":"2025-12-12T22:19:11","guid":{"rendered":"https:\/\/www.paparazzinews.com.br\/?p=20702"},"modified":"2025-12-12T19:19:14","modified_gmt":"2025-12-12T22:19:14","slug":"eu-serei-os-olhos-dele-a-historia-de-amor-entre-pai-e-filha-que-emociona-no-dia-nacional-do-cego","status":"publish","type":"post","link":"https:\/\/www.paparazzinews.com.br\/?p=20702","title":{"rendered":"\u201cEu serei os olhos dele\u201d: a hist\u00f3ria de amor entre pai e filha que emociona no Dia Nacional do Cego"},"content":{"rendered":"\n<p><strong>DE CASTILHO (SP) POR RONI PAPARAZZI\u00a0\u2013<\/strong> No <strong>Dia Nacional do Cego<\/strong>, celebrado neste <strong>13 de dezembro<\/strong>, uma hist\u00f3ria de <strong>amor, adapta\u00e7\u00e3o e coragem<\/strong> chama a aten\u00e7\u00e3o em Andradina e emociona pela verdade que carrega.<\/p>\n\n\n\n<p>Cl\u00e1udio Rafael da Silva Filho, de <strong>70 anos<\/strong>, perdeu totalmente a vis\u00e3o ap\u00f3s anos enfrentando um <strong>glaucoma avan\u00e7ado<\/strong>. A cegueira come\u00e7ou h\u00e1 cerca de <strong>11 anos<\/strong>, quando perdeu a vis\u00e3o de um dos olhos durante uma cirurgia. Pouco tempo depois, veio um golpe ainda mais duro: a morte da esposa.<\/p>\n\n\n\n<p>Sem ela, Cl\u00e1udio deixou de se cuidar. A doen\u00e7a avan\u00e7ou. Mesmo com buscas por atendimento em <strong>Andradina, Rio Preto, Buritama e Pen\u00e1polis<\/strong>, o quadro s\u00f3 regredia. Ap\u00f3s cirurgia de catarata para tentar controlar o glaucoma, a vis\u00e3o foi se perdendo at\u00e9 desaparecer completamente no final do ano passado.<\/p>\n\n\n\n<p>Foi nesse momento que a filha, <strong>Renata Rafael da Silva<\/strong>, professora e policial militar, decidiu mudar a pr\u00f3pria vida para cuidar do pai.<\/p>\n\n\n\n<blockquote class=\"wp-block-quote is-layout-flow wp-block-quote-is-layout-flow\">\n<p><em>\u201cNo dia em que percebi que meu pai estava realmente perdendo a vis\u00e3o, senti como se o ch\u00e3o tivesse fugido dos meus p\u00e9s. Mudei totalmente a minha vida por ele. Eu falei pra ele que seria os olhos dele e que nunca o abandonaria.\u201d<\/em><\/p>\n<\/blockquote>\n\n\n\n<h3 class=\"wp-block-heading\">\ud83d\udc68\u200d\ud83e\uddaf <strong>O medo, a dor e a aceita\u00e7\u00e3o<\/strong><\/h3>\n\n\n\n<p>Para Cl\u00e1udio, que trabalhou por <strong>34 anos como carteiro<\/strong>, a perda da vis\u00e3o trouxe medo, revolta e um profundo vazio.<\/p>\n\n\n\n<blockquote class=\"wp-block-quote is-layout-flow wp-block-quote-is-layout-flow\">\n<p><em>\u201cSenti medo, revolta, um vazio enorme. Passei dias tentando entender. Mas depois do choque, veio a aceita\u00e7\u00e3o. E junto dela, a gratid\u00e3o de ter uma filha que n\u00e3o me deixou desmoronar. O sentimento mais forte foi o amor.\u201d<\/em><\/p>\n<\/blockquote>\n\n\n\n<h3 class=\"wp-block-heading\">\ud83d\udc69\u200d\ud83d\udc68 <strong>Quando os pap\u00e9is se invertem<\/strong><\/h3>\n\n\n\n<p>Assumir o papel de cuidadora n\u00e3o foi f\u00e1cil para Renata. Emo\u00e7\u00f5es e desafios pr\u00e1ticos passaram a fazer parte da rotina.<\/p>\n\n\n\n<blockquote class=\"wp-block-quote is-layout-flow wp-block-quote-is-layout-flow\">\n<p><em>\u201cO maior desafio foi aceitar que os pap\u00e9is se inverteram. Aquele homem forte, que sempre soube resolver tudo, agora precisava de mim. Organizar rem\u00e9dios, acompanhar consultas, adaptar a casa\u2026 tudo mudou. Mas cuidar dele me tornou mais forte do que eu imaginava.\u201d<\/em><\/p>\n<\/blockquote>\n\n\n\n<p>Para o pai, aprender a depender da filha foi um processo doloroso, mas transformador.<\/p>\n\n\n\n<blockquote class=\"wp-block-quote is-layout-flow wp-block-quote-is-layout-flow\">\n<p><em>\u201cNo come\u00e7o doeu. D\u00f3i pedir ajuda at\u00e9 para coisas simples. Mas aprendi que depender n\u00e3o \u00e9 fraqueza. \u00c9 confian\u00e7a. Ela faz por amor.\u201d<\/em><\/p>\n<\/blockquote>\n\n\n\n<h3 class=\"wp-block-heading\">\ud83c\udf31 <strong>For\u00e7a que n\u00e3o se mede pelos olhos<\/strong><\/h3>\n\n\n\n<p>Mesmo sem enxergar, Cl\u00e1udio segue encontrando motivos para viver.<\/p>\n\n\n\n<blockquote class=\"wp-block-quote is-layout-flow wp-block-quote-is-layout-flow\">\n<p><em>\u201cO amor das minhas filhas e dos meus netos. Conversar, sorrir, ouvir m\u00fasica no r\u00e1dio, sentir a presen\u00e7a da fam\u00edlia. Isso me d\u00e1 for\u00e7a todos os dias.\u201d<\/em><\/p>\n<\/blockquote>\n\n\n\n<p>Renata resume o maior ensinamento que recebeu do pai:<\/p>\n\n\n\n<blockquote class=\"wp-block-quote is-layout-flow wp-block-quote-is-layout-flow\">\n<p><em>\u201cEle me ensinou que for\u00e7a n\u00e3o \u00e9 gritar. For\u00e7a \u00e9 acordar todos os dias agradecendo por estar respirando. Mesmo sem enxergar, ele me mostrou o que realmente importa.\u201d<\/em><\/p>\n<\/blockquote>\n\n\n\n<h3 class=\"wp-block-heading\">\u267f <strong>Inclus\u00e3o al\u00e9m do discurso<\/strong><\/h3>\n\n\n\n<p>No Dia Nacional do Cego, a hist\u00f3ria tamb\u00e9m escancara desafios enfrentados por pessoas com defici\u00eancia visual.<\/p>\n\n\n\n<blockquote class=\"wp-block-quote is-layout-flow wp-block-quote-is-layout-flow\">\n<p><em>\u201cFalta empatia. Falta acessibilidade real nas ruas, nos servi\u00e7os, no transporte. Mas acima de tudo, falta olhar humano.\u201d<\/em>, afirma Renata.<\/p>\n<\/blockquote>\n\n\n\n<p>Cl\u00e1udio deixa uma mensagem para quem enfrenta a mesma realidade:<\/p>\n\n\n\n<p><em>\u201cN\u00e3o desistam. A vida muda, mas n\u00e3o acaba. \u00c9 no escuro que a gente descobre novas luzes.\u201d<\/em><\/p>\n\n\n\n<p><strong><em><strong><em><strong><em><strong><em><strong><em><strong><em><strong><em><strong><em><strong><em><strong><em><strong><em><strong><em><strong><em><strong><em><strong><em><strong><em><strong><em><strong><em><strong><em><strong><em><strong><em><strong><em><strong><em><strong><em><strong><em><strong><em><strong><em><strong><em><strong><em><strong><em><strong><em><strong><em><strong><em><strong><em><strong><em><strong><em><strong><em><strong><em><strong><em><strong><em><strong><em><strong><em><strong><em><strong><em><strong><em><strong><em><strong><em><strong><em><strong><em><strong><em><strong><em><strong><em><strong><em><strong><em><strong><em><strong><em><strong><em><strong><em><strong><em><strong><em><strong><em><strong><em><strong><em><strong><em><strong><em><strong><em><strong><em><strong><em><strong><em><strong><em><strong><em><strong><em><strong><em><strong><em><strong><em><strong><em><strong><em><strong><em><strong><em><strong><em><strong><em><strong><em><strong><em><strong><em><strong><em><strong><em><strong><em><strong><em><strong><em><strong><em><strong><em><strong><em><strong><em><strong><em><strong><em><strong><em><strong><em><strong><em><strong><em><strong><em><strong><em><strong><em><strong><em><strong><em><strong><em><strong><em><strong><em><strong><em><strong><em><strong><em><strong><em><strong><em><strong><em><strong><em><strong><em><strong><em><strong><em><strong><em><strong><em><strong><em><strong><em><strong><em><strong><em><strong><em><strong><em><strong><em><strong><em><strong><em><strong><em><strong><em><strong><em><strong><em><strong><em><strong><em><strong><em><strong><em><strong><em><strong><em><strong><em><strong><em><strong><em><strong><em><strong><em><strong><em><strong><em><strong><em><strong><em><strong><em><strong><em><strong><em><strong><em><strong><em><strong><em><strong><em><strong><em><strong><em><strong><em><strong><em><strong><em><strong><em><strong><em><strong><em><strong><em><strong><em><strong><em><strong><em><strong><em><strong><em><strong><em><strong><em><strong><em><strong><em><strong><em><strong><em><strong><em><strong><em><strong><em><strong><em><strong><em><strong><em><strong><em><strong><em><strong><em><strong><em><strong><em><strong><em><strong><em><strong><em><strong><em><strong><em><strong><em><strong><em><strong><em><strong><em><strong><em><strong><em><strong><em><strong><em><strong><em><strong><em><strong><em><strong><em><strong><em><strong><em><strong><em><strong><em><strong><em><strong><em><strong><em><strong><em><strong><em><strong><em><strong><em><strong><em><strong><em><strong><em><strong><em><strong><em><strong><em><strong><em><strong><em><strong><em><strong><em><strong><em><strong><em><strong><em><strong><em><strong><em><strong><em><strong><em><strong><em><strong><em><strong><em><strong><em><strong><em><strong><em><strong><em><strong><em><strong><em><strong><em><strong><em><strong><em><strong><em><strong><em><strong><em><strong><em><strong><em><strong><em><strong><em><strong><em><strong>Siga nossas redes sociais e\u00a0participe da nossa comunidade do Canal de noticias do Roni Paparazzi no Whatsapp e receba as principais not\u00edcias da regi\u00e3o de Ara\u00e7atuba do dia direto no seu celular siga nosso \u00a0<a href=\"https:\/\/www.instagram.com\/ronipaparazzi\/\">Instagram e\u00a0<\/a><a href=\"https:\/\/www.facebook.com\/ronipaparazzicomvoce\">Facebook<\/a><a href=\"https:\/\/chat.whatsapp.com\/GsG1XKo0jPOEfjzudWQcml\" target=\"_blank\" rel=\"noreferrer noopener\">\u00a0Clique aqui e se inscreva.<\/a><\/strong><\/em><\/strong><\/em><\/strong><\/em><\/strong><\/em><\/strong><\/em><\/strong><\/em><\/strong><\/em><\/strong><\/em><\/strong><\/em><\/strong><\/em><\/strong><\/em><\/strong><\/em><\/strong><\/em><\/strong><\/em><\/strong><\/em><\/strong><\/em><\/strong><\/em><\/strong><\/em><\/strong><\/em><\/strong><\/em><\/strong><\/em><\/strong><\/em><\/strong><\/em><\/strong><\/em><\/strong><\/em><\/strong><\/em><\/strong><\/em><\/strong><\/em><\/strong><\/em><\/strong><\/em><\/strong><\/em><\/strong><\/em><\/strong><\/em><\/strong><\/em><\/strong><\/em><\/strong><\/em><\/strong><\/em><\/strong><\/em><\/strong><\/em><\/strong><\/em><\/strong><\/em><\/strong><\/em><\/strong><\/em><\/strong><\/em><\/strong><\/em><\/strong><\/em><\/strong><\/em><\/strong><\/em><\/strong><\/em><\/strong><\/em><\/strong><\/em><\/strong><\/em><\/strong><\/em><\/strong><\/em><\/strong><\/em><\/strong><\/em><\/strong><\/em><\/strong><\/em><\/strong><\/em><\/strong><\/em><\/strong><\/em><\/strong><\/em><\/strong><\/em><\/strong><\/em><\/strong><\/em><\/strong><\/em><\/strong><\/em><\/strong><\/em><\/strong><\/em><\/strong><\/em><\/strong><\/em><\/strong><\/em><\/strong><\/em><\/strong><\/em><\/strong><\/em><\/strong><\/em><\/strong><\/em><\/strong><\/em><\/strong><\/em><\/strong><\/em><\/strong><\/em><\/strong><\/em><\/strong><\/em><\/strong><\/em><\/strong><\/em><\/strong><\/em><\/strong><\/em><\/strong><\/em><\/strong><\/em><\/strong><\/em><\/strong><\/em><\/strong><\/em><\/strong><\/em><\/strong><\/em><\/strong><\/em><\/strong><\/em><\/strong><\/em><\/strong><\/em><\/strong><\/em><\/strong><\/em><\/strong><\/em><\/strong><\/em><\/strong><\/em><\/strong><\/em><\/strong><\/em><\/strong><\/em><\/strong><\/em><\/strong><\/em><\/strong><\/em><\/strong><\/em><\/strong><\/em><\/strong><\/em><\/strong><\/em><\/strong><\/em><\/strong><\/em><\/strong><\/em><\/strong><\/em><\/strong><\/em><\/strong><\/em><\/strong><\/em><\/strong><\/em><\/strong><\/em><\/strong><\/em><\/strong><\/em><\/strong><\/em><\/strong><\/em><\/strong><\/em><\/strong><\/em><\/strong><\/em><\/strong><\/em><\/strong><\/em><\/strong><\/em><\/strong><\/em><\/strong><\/em><\/strong><\/em><\/strong><\/em><\/strong><\/em><\/strong><\/em><\/strong><\/em><\/strong><\/em><\/strong><\/em><\/strong><\/em><\/strong><\/em><\/strong><\/em><\/strong><\/em><\/strong><\/em><\/strong><\/em><\/strong><\/em><\/strong><\/em><\/strong><\/em><\/strong><\/em><\/strong><\/em><\/strong><\/em><\/strong><\/em><\/strong><\/em><\/strong><\/em><\/strong><\/em><\/strong><\/em><\/strong><\/em><\/strong><\/em><\/strong><\/em><\/strong><\/em><\/strong><\/em><\/strong><\/em><\/strong><\/em><\/strong><\/em><\/strong><\/em><\/strong><\/em><\/strong><\/em><\/strong><\/em><\/strong><\/em><\/strong><\/em><\/strong><\/em><\/strong><\/em><\/strong><\/em><\/strong><\/em><\/strong><\/em><\/strong><\/em><\/strong><\/em><\/strong><\/em><\/strong><\/em><\/strong><\/em><\/strong><\/em><\/strong><\/em><\/strong><\/em><\/strong><\/em><\/strong><\/em><\/strong><\/em><\/strong><\/em><\/strong><\/em><\/strong><\/em><\/strong><\/em><\/strong><\/em><\/strong><\/em><\/strong><\/em><\/strong><\/em><\/strong><\/em><\/strong><\/em><\/strong><\/em><\/strong><\/em><\/strong><\/em><\/strong><\/em><\/strong><\/em><\/strong><\/em><\/strong><\/em><\/strong><\/em><\/strong><\/em><\/strong><\/em><\/strong><\/em><\/strong><\/em><\/strong><\/em><\/strong><\/em><\/strong><\/em><\/strong><\/em><\/strong><\/em><\/strong><\/em><\/strong><\/em><\/strong><\/em><\/strong><\/em><\/strong><\/em><\/strong><\/em><\/strong><\/em><\/strong><\/em><\/strong><\/em><\/strong><\/em><\/strong><\/em><\/strong><\/em><\/strong><\/em><\/strong><\/em><\/strong><\/em><\/strong><\/em><\/strong><\/em><\/strong><\/em><\/strong><\/em><\/strong><\/em><\/strong><\/em><\/strong><\/em><\/strong><\/em><\/strong><\/em><\/strong><\/em><\/strong><\/em><\/strong><\/em><\/strong><\/em><\/strong><\/em><\/strong><\/em><\/strong><\/em><\/strong><\/em><\/strong><\/em><\/strong><\/em><\/strong><\/em><\/strong><\/p>\n","protected":false},"excerpt":{"rendered":"<p>DE CASTILHO (SP) POR RONI PAPARAZZI\u00a0\u2013 No Dia Nacional do Cego, celebrado neste 13 de dezembro, uma hist\u00f3ria de amor, adapta\u00e7\u00e3o e coragem chama a aten\u00e7\u00e3o em Andradina e emociona pela verdade que carrega. Cl\u00e1udio Rafael da Silva Filho, de 70 anos, perdeu totalmente a vis\u00e3o ap\u00f3s anos enfrentando um glaucoma avan\u00e7ado. A cegueira come\u00e7ou &hellip;<\/p>\n","protected":false},"author":1,"featured_media":20703,"comment_status":"open","ping_status":"open","sticky":false,"template":"","format":"standard","meta":{"_jetpack_memberships_contains_paid_content":false,"footnotes":"","jetpack_publicize_message":"","jetpack_publicize_feature_enabled":true,"jetpack_social_post_already_shared":true,"jetpack_social_options":{"image_generator_settings":{"template":"highway","default_image_id":0,"enabled":false},"version":2}},"categories":[11],"tags":[],"class_list":["post-20702","post","type-post","status-publish","format-standard","has-post-thumbnail","hentry","category-historias-da-nossa-gente"],"jetpack_publicize_connections":[],"jetpack_featured_media_url":"https:\/\/i0.wp.com\/www.paparazzinews.com.br\/wp-content\/uploads\/2025\/12\/re.jpg?fit=1215%2C1245&ssl=1","views":"1761","jetpack_likes_enabled":true,"jetpack_sharing_enabled":true,"_links":{"self":[{"href":"https:\/\/www.paparazzinews.com.br\/index.php?rest_route=\/wp\/v2\/posts\/20702","targetHints":{"allow":["GET"]}}],"collection":[{"href":"https:\/\/www.paparazzinews.com.br\/index.php?rest_route=\/wp\/v2\/posts"}],"about":[{"href":"https:\/\/www.paparazzinews.com.br\/index.php?rest_route=\/wp\/v2\/types\/post"}],"author":[{"embeddable":true,"href":"https:\/\/www.paparazzinews.com.br\/index.php?rest_route=\/wp\/v2\/users\/1"}],"replies":[{"embeddable":true,"href":"https:\/\/www.paparazzinews.com.br\/index.php?rest_route=%2Fwp%2Fv2%2Fcomments&post=20702"}],"version-history":[{"count":1,"href":"https:\/\/www.paparazzinews.com.br\/index.php?rest_route=\/wp\/v2\/posts\/20702\/revisions"}],"predecessor-version":[{"id":20704,"href":"https:\/\/www.paparazzinews.com.br\/index.php?rest_route=\/wp\/v2\/posts\/20702\/revisions\/20704"}],"wp:featuredmedia":[{"embeddable":true,"href":"https:\/\/www.paparazzinews.com.br\/index.php?rest_route=\/wp\/v2\/media\/20703"}],"wp:attachment":[{"href":"https:\/\/www.paparazzinews.com.br\/index.php?rest_route=%2Fwp%2Fv2%2Fmedia&parent=20702"}],"wp:term":[{"taxonomy":"category","embeddable":true,"href":"https:\/\/www.paparazzinews.com.br\/index.php?rest_route=%2Fwp%2Fv2%2Fcategories&post=20702"},{"taxonomy":"post_tag","embeddable":true,"href":"https:\/\/www.paparazzinews.com.br\/index.php?rest_route=%2Fwp%2Fv2%2Ftags&post=20702"}],"curies":[{"name":"wp","href":"https:\/\/api.w.org\/{rel}","templated":true}]}}