{"id":20516,"date":"2025-12-03T14:37:23","date_gmt":"2025-12-03T17:37:23","guid":{"rendered":"https:\/\/www.paparazzinews.com.br\/?p=20516"},"modified":"2025-12-03T14:37:26","modified_gmt":"2025-12-03T17:37:26","slug":"castilho-conquista-certificado-bronze-e-esta-entre-as-melhores-de-sp-em-gestao-de-risco-de-desastres","status":"publish","type":"post","link":"https:\/\/www.paparazzinews.com.br\/?p=20516","title":{"rendered":"Castilho conquista certificado bronze e est\u00e1 entre as melhores de SP em gest\u00e3o de risco de desastres"},"content":{"rendered":"\n<p><strong>DE CASTILHO (SP) POR RONI PAPARAZZI\u00a0\u2013<\/strong>\u00a0O munic\u00edpio de <strong>Castilho<\/strong> foi agraciado com o <strong>certificado bronze<\/strong> no Programa Munic\u00edpio Resiliente, concedido pelo Governo do Estado de S\u00e3o Paulo. A cidade obteve a <strong>terceira maior pontua\u00e7\u00e3o<\/strong> entre os 98 munic\u00edpios paulistas que atingiram nota superior a 70, destacando-se entre as mais bem avaliadas do Estado na gest\u00e3o de risco de desastres.<\/p>\n\n\n\n<p>A subsecret\u00e1ria de Assist\u00eancia Social, <strong>Fl\u00e1via Soares de Souza<\/strong>, e a coordenadora da Defesa Civil de Castilho, <strong>Neide Souza<\/strong>, representaram o munic\u00edpio na cerim\u00f4nia oficial realizada nesta segunda-feira, <strong>1\u00ba de dezembro<\/strong>, no <strong>Pal\u00e1cio dos Bandeirantes<\/strong>, em S\u00e3o Paulo. Elas receberam o certificado das m\u00e3os do governador Tarc\u00edsio de Freitas, durante o lan\u00e7amento da opera\u00e7\u00e3o <strong>SP Sempre Alerta \u2013 Chuvas 2025<\/strong>.<\/p>\n\n\n\n<p>O Programa Munic\u00edpio Resiliente reconhece cidades que se destacam na preven\u00e7\u00e3o, prepara\u00e7\u00e3o e resposta a desastres naturais. A certifica\u00e7\u00e3o garante <strong>prioridade no acesso a recursos da Defesa Civil estadual<\/strong>. A nota atribu\u00edda aos munic\u00edpios \u00e9 calculada com base em indicadores do <strong>\u00cdndice de Efetividade da Gest\u00e3o Municipal (IEG-M)<\/strong> do Programa Munic\u00edpio Verde Azul e tamb\u00e9m da campanha <strong>Construindo Cidades Resilientes (MCR2030)<\/strong>, iniciativa global da ONU.<\/p>\n\n\n\n<p>O reconhecimento refor\u00e7a o compromisso de Castilho com pol\u00edticas p\u00fablicas de resili\u00eancia, prote\u00e7\u00e3o e seguran\u00e7a da popula\u00e7\u00e3o. Para o munic\u00edpio, a certifica\u00e7\u00e3o simboliza o resultado de um trabalho cont\u00ednuo, t\u00e9cnico e comprometido desenvolvido pela equipe local.<\/p>\n\n\n\n<figure class=\"wp-block-gallery has-nested-images columns-default is-cropped wp-block-gallery-1 is-layout-flex wp-block-gallery-is-layout-flex\">\n<figure class=\"wp-block-image size-large\"><img data-recalc-dims=\"1\" loading=\"lazy\" decoding=\"async\" width=\"708\" height=\"945\" data-id=\"20517\" src=\"https:\/\/i0.wp.com\/www.paparazzinews.com.br\/wp-content\/uploads\/2025\/12\/6fb5de11-77bd-4471-bdbb-fe645d59ac7ea.jpg?resize=708%2C945&#038;ssl=1\" alt=\"\" class=\"wp-image-20517\" srcset=\"https:\/\/i0.wp.com\/www.paparazzinews.com.br\/wp-content\/uploads\/2025\/12\/6fb5de11-77bd-4471-bdbb-fe645d59ac7ea.jpg?resize=767%2C1024&amp;ssl=1 767w, https:\/\/i0.wp.com\/www.paparazzinews.com.br\/wp-content\/uploads\/2025\/12\/6fb5de11-77bd-4471-bdbb-fe645d59ac7ea.jpg?resize=225%2C300&amp;ssl=1 225w, https:\/\/i0.wp.com\/www.paparazzinews.com.br\/wp-content\/uploads\/2025\/12\/6fb5de11-77bd-4471-bdbb-fe645d59ac7ea.jpg?resize=768%2C1025&amp;ssl=1 768w, https:\/\/i0.wp.com\/www.paparazzinews.com.br\/wp-content\/uploads\/2025\/12\/6fb5de11-77bd-4471-bdbb-fe645d59ac7ea.jpg?w=959&amp;ssl=1 959w\" sizes=\"auto, (max-width: 708px) 100vw, 708px\" \/><\/figure>\n<\/figure>\n\n\n\n<hr class=\"wp-block-separator has-alpha-channel-opacity\"\/>\n\n\n\n<h2 class=\"wp-block-heading\"><strong>SP SEMPRE ALERTA \u2013 CHUVAS 2025<\/strong><\/h2>\n\n\n\n<p>Durante o evento, o governador Tarc\u00edsio de Freitas tamb\u00e9m lan\u00e7ou o programa <strong>SP Sempre Alerta \u2013 Opera\u00e7\u00e3o Chuvas<\/strong>, que marca a abertura do per\u00edodo cr\u00edtico para deslizamentos, enchentes e enxurradas em todo o Estado.<\/p>\n\n\n\n<p>A iniciativa refor\u00e7a o monitoramento e a capacidade de resposta do Sistema Estadual de Defesa Civil, que ficar\u00e1 em prontid\u00e3o <strong>de 1\u00ba de dezembro a 31 de mar\u00e7o<\/strong>.<br>\u201cParte do ano nos preparamos para enfrentar as chuvas, parte do ano para enfrentar a estiagem. \u00c9 um processo constante\u201d, afirmou o governador.<\/p>\n\n\n\n<p>Um dos destaques apresentados foi o <strong>Painel de Intelig\u00eancia SP Sempre Alerta<\/strong>, plataforma que integra dados meteorol\u00f3gicos, utiliza algoritmos e intelig\u00eancia artificial e permite decis\u00f5es mais r\u00e1pidas e precisas.<br>O tempo de an\u00e1lise para envio de alertas, que antes levava at\u00e9 4 minutos, agora pode ser conclu\u00eddo em <strong>menos de 1 minuto<\/strong>, aumentando significativamente a capacidade de salvar vidas em eventos extremos.<\/p>\n\n\n\n<p><strong><em><strong><em><strong><em><strong><em><strong><em><strong><em><strong><em><strong><em><strong><em><strong><em><strong><em><strong><em><strong><em><strong><em><strong><em><strong><em><strong><em><strong><em><strong><em><strong><em><strong><em><strong><em><strong><em><strong><em><strong><em><strong><em><strong><em><strong><em><strong><em><strong><em><strong><em><strong><em><strong><em><strong><em><strong><em><strong><em><strong><em><strong><em><strong><em><strong><em><strong><em><strong><em><strong><em><strong><em><strong><em><strong><em><strong><em><strong><em><strong><em><strong><em><strong><em><strong><em><strong><em><strong><em><strong><em><strong><em><strong><em><strong><em><strong><em><strong><em><strong><em><strong><em><strong><em><strong><em><strong><em><strong><em><strong><em><strong><em><strong><em><strong><em><strong><em><strong><em><strong><em><strong><em><strong><em><strong><em><strong><em><strong><em><strong><em><strong><em><strong><em><strong><em><strong><em><strong><em><strong><em><strong><em><strong><em><strong><em><strong><em><strong><em><strong><em><strong><em><strong><em><strong><em><strong><em><strong><em><strong><em><strong><em><strong><em><strong><em><strong><em><strong><em><strong><em><strong><em><strong><em><strong><em><strong><em><strong><em><strong><em><strong><em><strong><em><strong><em><strong><em><strong><em><strong><em><strong><em><strong><em><strong><em><strong><em><strong><em><strong><em><strong><em><strong><em><strong><em><strong><em><strong><em><strong><em><strong><em><strong><em><strong><em><strong><em><strong><em><strong><em><strong><em><strong><em><strong><em><strong><em><strong><em><strong><em><strong><em><strong><em><strong><em><strong><em><strong><em><strong><em><strong><em><strong><em><strong><em><strong><em><strong><em><strong><em><strong><em><strong><em><strong><em><strong><em><strong><em><strong><em><strong><em><strong><em><strong><em><strong><em><strong><em><strong><em><strong><em><strong><em><strong><em><strong><em><strong><em><strong><em><strong><em><strong><em><strong><em><strong><em><strong><em><strong><em><strong><em><strong><em><strong><em><strong><em><strong><em><strong><em><strong><em><strong><em><strong><em><strong><em><strong><em><strong><em><strong><em><strong><em><strong><em><strong><em><strong><em><strong><em><strong><em><strong><em><strong><em><strong><em><strong><em><strong><em><strong><em><strong><em><strong><em><strong><em><strong><em><strong><em><strong><em><strong><em><strong><em><strong><em><strong><em><strong><em><strong><em><strong><em><strong><em><strong><em><strong><em><strong><em><strong><em><strong><em><strong><em><strong><em><strong><em><strong><em><strong><em><strong><em><strong><em><strong><em><strong><em><strong><em><strong><em><strong><em><strong><em><strong><em><strong><em><strong><em><strong><em><strong><em><strong><em><strong><em><strong><em><strong><em><strong><em><strong><em><strong><em><strong><em><strong><em><strong><em><strong><em><strong><em><strong><em><strong>Siga nossas redes sociais e\u00a0participe da nossa comunidade do Canal de noticias do Roni Paparazzi no Whatsapp e receba as principais not\u00edcias da regi\u00e3o de Ara\u00e7atuba do dia direto no seu celular siga nosso \u00a0<a href=\"https:\/\/www.instagram.com\/ronipaparazzi\/\">Instagram e\u00a0<\/a><a href=\"https:\/\/www.facebook.com\/ronipaparazzicomvoce\">Facebook<\/a><a href=\"https:\/\/chat.whatsapp.com\/GsG1XKo0jPOEfjzudWQcml\" target=\"_blank\" rel=\"noreferrer noopener\">\u00a0Clique aqui e se inscreva.<\/a><\/strong><\/em><\/strong><\/em><\/strong><\/em><\/strong><\/em><\/strong><\/em><\/strong><\/em><\/strong><\/em><\/strong><\/em><\/strong><\/em><\/strong><\/em><\/strong><\/em><\/strong><\/em><\/strong><\/em><\/strong><\/em><\/strong><\/em><\/strong><\/em><\/strong><\/em><\/strong><\/em><\/strong><\/em><\/strong><\/em><\/strong><\/em><\/strong><\/em><\/strong><\/em><\/strong><\/em><\/strong><\/em><\/strong><\/em><\/strong><\/em><\/strong><\/em><\/strong><\/em><\/strong><\/em><\/strong><\/em><\/strong><\/em><\/strong><\/em><\/strong><\/em><\/strong><\/em><\/strong><\/em><\/strong><\/em><\/strong><\/em><\/strong><\/em><\/strong><\/em><\/strong><\/em><\/strong><\/em><\/strong><\/em><\/strong><\/em><\/strong><\/em><\/strong><\/em><\/strong><\/em><\/strong><\/em><\/strong><\/em><\/strong><\/em><\/strong><\/em><\/strong><\/em><\/strong><\/em><\/strong><\/em><\/strong><\/em><\/strong><\/em><\/strong><\/em><\/strong><\/em><\/strong><\/em><\/strong><\/em><\/strong><\/em><\/strong><\/em><\/strong><\/em><\/strong><\/em><\/strong><\/em><\/strong><\/em><\/strong><\/em><\/strong><\/em><\/strong><\/em><\/strong><\/em><\/strong><\/em><\/strong><\/em><\/strong><\/em><\/strong><\/em><\/strong><\/em><\/strong><\/em><\/strong><\/em><\/strong><\/em><\/strong><\/em><\/strong><\/em><\/strong><\/em><\/strong><\/em><\/strong><\/em><\/strong><\/em><\/strong><\/em><\/strong><\/em><\/strong><\/em><\/strong><\/em><\/strong><\/em><\/strong><\/em><\/strong><\/em><\/strong><\/em><\/strong><\/em><\/strong><\/em><\/strong><\/em><\/strong><\/em><\/strong><\/em><\/strong><\/em><\/strong><\/em><\/strong><\/em><\/strong><\/em><\/strong><\/em><\/strong><\/em><\/strong><\/em><\/strong><\/em><\/strong><\/em><\/strong><\/em><\/strong><\/em><\/strong><\/em><\/strong><\/em><\/strong><\/em><\/strong><\/em><\/strong><\/em><\/strong><\/em><\/strong><\/em><\/strong><\/em><\/strong><\/em><\/strong><\/em><\/strong><\/em><\/strong><\/em><\/strong><\/em><\/strong><\/em><\/strong><\/em><\/strong><\/em><\/strong><\/em><\/strong><\/em><\/strong><\/em><\/strong><\/em><\/strong><\/em><\/strong><\/em><\/strong><\/em><\/strong><\/em><\/strong><\/em><\/strong><\/em><\/strong><\/em><\/strong><\/em><\/strong><\/em><\/strong><\/em><\/strong><\/em><\/strong><\/em><\/strong><\/em><\/strong><\/em><\/strong><\/em><\/strong><\/em><\/strong><\/em><\/strong><\/em><\/strong><\/em><\/strong><\/em><\/strong><\/em><\/strong><\/em><\/strong><\/em><\/strong><\/em><\/strong><\/em><\/strong><\/em><\/strong><\/em><\/strong><\/em><\/strong><\/em><\/strong><\/em><\/strong><\/em><\/strong><\/em><\/strong><\/em><\/strong><\/em><\/strong><\/em><\/strong><\/em><\/strong><\/em><\/strong><\/em><\/strong><\/em><\/strong><\/em><\/strong><\/em><\/strong><\/em><\/strong><\/em><\/strong><\/em><\/strong><\/em><\/strong><\/em><\/strong><\/em><\/strong><\/em><\/strong><\/em><\/strong><\/em><\/strong><\/em><\/strong><\/em><\/strong><\/em><\/strong><\/em><\/strong><\/em><\/strong><\/em><\/strong><\/em><\/strong><\/em><\/strong><\/em><\/strong><\/em><\/strong><\/em><\/strong><\/em><\/strong><\/em><\/strong><\/em><\/strong><\/em><\/strong><\/em><\/strong><\/em><\/strong><\/em><\/strong><\/em><\/strong><\/em><\/strong><\/em><\/strong><\/em><\/strong><\/em><\/strong><\/em><\/strong><\/em><\/strong><\/em><\/strong><\/em><\/strong><\/em><\/strong><\/em><\/strong><\/em><\/strong><\/em><\/strong><\/em><\/strong><\/em><\/strong><\/em><\/strong><\/em><\/strong><\/em><\/strong><\/em><\/strong><\/em><\/strong><\/em><\/strong><\/em><\/strong><\/em><\/strong><\/em><\/strong><\/em><\/strong><\/em><\/strong><\/em><\/strong><\/em><\/strong><\/em><\/strong><\/em><\/strong><\/em><\/strong><\/em><\/strong><\/em><\/strong><\/em><\/strong><\/em><\/strong><\/em><\/strong><\/em><\/strong><\/em><\/strong><\/em><\/strong><\/em><\/strong><\/em><\/strong><\/em><\/strong><\/em><\/strong><\/em><\/strong><\/em><\/strong><\/em><\/strong><\/em><\/strong><\/em><\/strong><\/em><\/strong><\/em><\/strong><\/em><\/strong><\/em><\/strong><\/em><\/strong><\/em><\/strong><\/p>\n","protected":false},"excerpt":{"rendered":"<p>DE CASTILHO (SP) POR RONI PAPARAZZI\u00a0\u2013\u00a0O munic\u00edpio de Castilho foi agraciado com o certificado bronze no Programa Munic\u00edpio Resiliente, concedido pelo Governo do Estado de S\u00e3o Paulo. A cidade obteve a terceira maior pontua\u00e7\u00e3o entre os 98 munic\u00edpios paulistas que atingiram nota superior a 70, destacando-se entre as mais bem avaliadas do Estado na gest\u00e3o &hellip;<\/p>\n","protected":false},"author":1,"featured_media":20518,"comment_status":"open","ping_status":"open","sticky":false,"template":"","format":"standard","meta":{"_jetpack_memberships_contains_paid_content":false,"footnotes":"","jetpack_publicize_message":"","jetpack_publicize_feature_enabled":true,"jetpack_social_post_already_shared":true,"jetpack_social_options":{"image_generator_settings":{"template":"highway","default_image_id":0,"enabled":false},"version":2}},"categories":[4],"tags":[],"class_list":["post-20516","post","type-post","status-publish","format-standard","has-post-thumbnail","hentry","category-regiao"],"jetpack_publicize_connections":[],"jetpack_featured_media_url":"https:\/\/i0.wp.com\/www.paparazzinews.com.br\/wp-content\/uploads\/2025\/12\/8ee6615f-c93a-4a9a-97a2-9c284a5485a3a.jpg?fit=799%2C533&ssl=1","views":"612","jetpack_likes_enabled":true,"jetpack_sharing_enabled":true,"_links":{"self":[{"href":"https:\/\/www.paparazzinews.com.br\/index.php?rest_route=\/wp\/v2\/posts\/20516","targetHints":{"allow":["GET"]}}],"collection":[{"href":"https:\/\/www.paparazzinews.com.br\/index.php?rest_route=\/wp\/v2\/posts"}],"about":[{"href":"https:\/\/www.paparazzinews.com.br\/index.php?rest_route=\/wp\/v2\/types\/post"}],"author":[{"embeddable":true,"href":"https:\/\/www.paparazzinews.com.br\/index.php?rest_route=\/wp\/v2\/users\/1"}],"replies":[{"embeddable":true,"href":"https:\/\/www.paparazzinews.com.br\/index.php?rest_route=%2Fwp%2Fv2%2Fcomments&post=20516"}],"version-history":[{"count":1,"href":"https:\/\/www.paparazzinews.com.br\/index.php?rest_route=\/wp\/v2\/posts\/20516\/revisions"}],"predecessor-version":[{"id":20519,"href":"https:\/\/www.paparazzinews.com.br\/index.php?rest_route=\/wp\/v2\/posts\/20516\/revisions\/20519"}],"wp:featuredmedia":[{"embeddable":true,"href":"https:\/\/www.paparazzinews.com.br\/index.php?rest_route=\/wp\/v2\/media\/20518"}],"wp:attachment":[{"href":"https:\/\/www.paparazzinews.com.br\/index.php?rest_route=%2Fwp%2Fv2%2Fmedia&parent=20516"}],"wp:term":[{"taxonomy":"category","embeddable":true,"href":"https:\/\/www.paparazzinews.com.br\/index.php?rest_route=%2Fwp%2Fv2%2Fcategories&post=20516"},{"taxonomy":"post_tag","embeddable":true,"href":"https:\/\/www.paparazzinews.com.br\/index.php?rest_route=%2Fwp%2Fv2%2Ftags&post=20516"}],"curies":[{"name":"wp","href":"https:\/\/api.w.org\/{rel}","templated":true}]}}