{"id":20479,"date":"2025-12-01T14:54:27","date_gmt":"2025-12-01T17:54:27","guid":{"rendered":"https:\/\/www.paparazzinews.com.br\/?p=20479"},"modified":"2025-12-01T14:54:29","modified_gmt":"2025-12-01T17:54:29","slug":"policia-ambiental-captura-procurado-por-estupro-mediante-fraude-e-apreende-arma-em-castilho","status":"publish","type":"post","link":"https:\/\/www.paparazzinews.com.br\/?p=20479","title":{"rendered":"Pol\u00edcia Ambiental captura procurado por estupro mediante fraude e apreende arma em Castilho"},"content":{"rendered":"\n<p><strong>DE CASTILHO (SP) POR RONI PAPARAZZI\u00a0\u2013<\/strong> A Pol\u00edcia Militar Ambiental realizou, neste domingo (30), uma opera\u00e7\u00e3o de alta precis\u00e3o que resultou na <strong>captura de um procurado da Justi\u00e7a<\/strong> e na <strong>pris\u00e3o em flagrante por porte ilegal de arma de fogo<\/strong>. A a\u00e7\u00e3o ocorreu no <strong>Posto Brasil Petro<\/strong>, \u00e0s margens da <strong>BR-262, km 321<\/strong>, no trevo com a <strong>SP-300<\/strong>, em Castilho\/SP.<\/p>\n\n\n\n<p>O alvo da opera\u00e7\u00e3o era um indiv\u00edduo conhecido pelo vulgo <strong>\u201cLigeirinho\u201d<\/strong>, procurado desde 2019 pela Comarca de Pen\u00e1polis, com <strong>mandado de pris\u00e3o preventiva<\/strong> pelo crime previsto no <strong>Artigo 215 do C\u00f3digo Penal \u2013 estupro mediante fraude<\/strong>. O mandado possui validade at\u00e9 <strong>07 de maio de 2031<\/strong>.<\/p>\n\n\n\n<p>A equipe ambiental j\u00e1 havia realizado dilig\u00eancias em Birigui e Pen\u00e1polis, sem \u00eaxito, mas recebeu novas informa\u00e7\u00f5es indicando que o procurado sairia do Mato Grosso do Sul com destino a Castilho para encontrar uma suposta companheira no posto de combust\u00edvel.<\/p>\n\n\n\n<h3 class=\"wp-block-heading\"><strong>A\u00e7\u00e3o r\u00e1pida e estrat\u00e9gica<\/strong><\/h3>\n\n\n\n<p>Munidos de dados sobre <strong>hor\u00e1rio, vestimenta, rota, imagem e ve\u00edculo utilizado (VW Voyage branco, t\u00e1xi de \u00c1gua Clara\/MS)<\/strong>, os policiais montaram cerco t\u00e1tico e efetuaram a abordagem com precis\u00e3o, impedindo qualquer tentativa de fuga.<\/p>\n\n\n\n<p>No ve\u00edculo estavam mais duas pessoas \u2014 um homem e uma mulher \u2014 que afirmaram n\u00e3o conhecer o procurado, relatando terem sido contratados apenas para transporte.<\/p>\n\n\n\n<h3 class=\"wp-block-heading\"><strong>Apreens\u00f5es e flagrante<\/strong><\/h3>\n\n\n\n<p>Durante revista pessoal e veicular, foram apreendidos:<\/p>\n\n\n\n<ul class=\"wp-block-list\">\n<li><strong>1 rev\u00f3lver Taurus calibre .38<\/strong><\/li>\n\n\n\n<li><strong>6 muni\u00e7\u00f5es calibre .38 intactas (CBC)<\/strong><\/li>\n\n\n\n<li><strong>5 muni\u00e7\u00f5es calibre .38 deflagradas (CBC\/PMC)<\/strong><\/li>\n\n\n\n<li><strong>4 facas e 1 canivete<\/strong><\/li>\n\n\n\n<li><strong>R$ 4.938,15 em esp\u00e9cie<\/strong><\/li>\n\n\n\n<li>Documentos diversos (CPF, SUS, t\u00edtulo eleitoral, cart\u00e3o banc\u00e1rio, cart\u00e3o Pernambucanas)<\/li>\n\n\n\n<li><strong>1 celular Motorola azul<\/strong>, capa, carregador e pertences pessoais<\/li>\n<\/ul>\n\n\n\n<p>O indiv\u00edduo alegou ser <strong>CAC<\/strong>, mas n\u00e3o apresentou <strong>Guia de Tr\u00e2nsito (GT)<\/strong> nem porte de arma, configurando <strong>porte ilegal de arma de fogo de uso permitido<\/strong>, conforme <strong>Art. 14 da Lei 10.826\/2003<\/strong>.<\/p>\n\n\n\n<h3 class=\"wp-block-heading\"><strong>Pris\u00f5es e encaminhamento<\/strong><\/h3>\n\n\n\n<p>Diante dos fatos:<\/p>\n\n\n\n<ul class=\"wp-block-list\">\n<li>O <strong>procurado<\/strong> foi preso em cumprimento ao mandado judicial.<\/li>\n\n\n\n<li>O segundo homem recebeu voz de pris\u00e3o <strong>em flagrante por porte ilegal de arma de fogo<\/strong>.<\/li>\n\n\n\n<li>A mulher foi liberada ap\u00f3s verifica\u00e7\u00e3o de que n\u00e3o havia irregularidades em seu nome.<\/li>\n<\/ul>\n\n\n\n<p>As pris\u00f5es foram <strong>ratificadas pela Delegacia de Pol\u00edcia Judici\u00e1ria de Andradina<\/strong>, onde foram lavrados os respectivos boletins.<\/p>\n\n\n\n<p>O foragido precisou ser algemado, conforme o <strong>princ\u00edpio da cautela<\/strong>, para evitar fuga e preservar a seguran\u00e7a da equipe.<\/p>\n\n\n\n<p>Ambos permanecem <strong>\u00e0 disposi\u00e7\u00e3o da Justi\u00e7a<\/strong>.<\/p>\n\n\n\n<p><strong><em><strong><em><strong><em><strong><em><strong><em><strong><em><strong><em><strong><em><strong><em><strong><em><strong><em><strong><em><strong><em><strong><em><strong><em><strong><em><strong><em><strong><em><strong><em><strong><em><strong><em><strong><em><strong><em><strong><em><strong><em><strong><em><strong><em><strong><em><strong><em><strong><em><strong><em><strong><em><strong><em><strong><em><strong><em><strong><em><strong><em><strong><em><strong><em><strong><em><strong><em><strong><em><strong><em><strong><em><strong><em><strong><em><strong><em><strong><em><strong><em><strong><em><strong><em><strong><em><strong><em><strong><em><strong><em><strong><em><strong><em><strong><em><strong><em><strong><em><strong><em><strong><em><strong><em><strong><em><strong><em><strong><em><strong><em><strong><em><strong><em><strong><em><strong><em><strong><em><strong><em><strong><em><strong><em><strong><em><strong><em><strong><em><strong><em><strong><em><strong><em><strong><em><strong><em><strong><em><strong><em><strong><em><strong><em><strong><em><strong><em><strong><em><strong><em><strong><em><strong><em><strong><em><strong><em><strong><em><strong><em><strong><em><strong><em><strong><em><strong><em><strong><em><strong><em><strong><em><strong><em><strong><em><strong><em><strong><em><strong><em><strong><em><strong><em><strong><em><strong><em><strong><em><strong><em><strong><em><strong><em><strong><em><strong><em><strong><em><strong><em><strong><em><strong><em><strong><em><strong><em><strong><em><strong><em><strong><em><strong><em><strong><em><strong><em><strong><em><strong><em><strong><em><strong><em><strong><em><strong><em><strong><em><strong><em><strong><em><strong><em><strong><em><strong><em><strong><em><strong><em><strong><em><strong><em><strong><em><strong><em><strong><em><strong><em><strong><em><strong><em><strong><em><strong><em><strong><em><strong><em><strong><em><strong><em><strong><em><strong><em><strong><em><strong><em><strong><em><strong><em><strong><em><strong><em><strong><em><strong><em><strong><em><strong><em><strong><em><strong><em><strong><em><strong><em><strong><em><strong><em><strong><em><strong><em><strong><em><strong><em><strong><em><strong><em><strong><em><strong><em><strong><em><strong><em><strong><em><strong><em><strong><em><strong><em><strong><em><strong><em><strong><em><strong><em><strong><em><strong><em><strong><em><strong><em><strong><em><strong><em><strong><em><strong><em><strong><em><strong><em><strong><em><strong><em><strong><em><strong><em><strong><em><strong><em><strong><em><strong><em><strong><em><strong><em><strong><em><strong><em><strong><em><strong><em><strong><em><strong><em><strong><em><strong><em><strong><em><strong><em><strong><em><strong><em><strong><em><strong><em><strong><em><strong><em><strong><em><strong><em><strong><em><strong><em><strong><em><strong><em><strong><em><strong><em><strong><em><strong><em><strong><em><strong><em><strong><em><strong><em><strong><em><strong><em><strong><em><strong><em><strong><em><strong>Siga nossas redes sociais e&nbsp;participe da nossa comunidade do Canal de noticias do Roni Paparazzi no Whatsapp e receba as principais not\u00edcias da regi\u00e3o de Ara\u00e7atuba do dia direto no seu celular siga nosso &nbsp;<a href=\"https:\/\/www.instagram.com\/ronipaparazzi\/\">Instagram e&nbsp;<\/a><a href=\"https:\/\/www.facebook.com\/ronipaparazzicomvoce\">Facebook<\/a><a href=\"https:\/\/chat.whatsapp.com\/GsG1XKo0jPOEfjzudWQcml\" target=\"_blank\" rel=\"noreferrer noopener\">&nbsp;Clique aqui e se inscreva.<\/a><\/strong><\/em><\/strong><\/em><\/strong><\/em><\/strong><\/em><\/strong><\/em><\/strong><\/em><\/strong><\/em><\/strong><\/em><\/strong><\/em><\/strong><\/em><\/strong><\/em><\/strong><\/em><\/strong><\/em><\/strong><\/em><\/strong><\/em><\/strong><\/em><\/strong><\/em><\/strong><\/em><\/strong><\/em><\/strong><\/em><\/strong><\/em><\/strong><\/em><\/strong><\/em><\/strong><\/em><\/strong><\/em><\/strong><\/em><\/strong><\/em><\/strong><\/em><\/strong><\/em><\/strong><\/em><\/strong><\/em><\/strong><\/em><\/strong><\/em><\/strong><\/em><\/strong><\/em><\/strong><\/em><\/strong><\/em><\/strong><\/em><\/strong><\/em><\/strong><\/em><\/strong><\/em><\/strong><\/em><\/strong><\/em><\/strong><\/em><\/strong><\/em><\/strong><\/em><\/strong><\/em><\/strong><\/em><\/strong><\/em><\/strong><\/em><\/strong><\/em><\/strong><\/em><\/strong><\/em><\/strong><\/em><\/strong><\/em><\/strong><\/em><\/strong><\/em><\/strong><\/em><\/strong><\/em><\/strong><\/em><\/strong><\/em><\/strong><\/em><\/strong><\/em><\/strong><\/em><\/strong><\/em><\/strong><\/em><\/strong><\/em><\/strong><\/em><\/strong><\/em><\/strong><\/em><\/strong><\/em><\/strong><\/em><\/strong><\/em><\/strong><\/em><\/strong><\/em><\/strong><\/em><\/strong><\/em><\/strong><\/em><\/strong><\/em><\/strong><\/em><\/strong><\/em><\/strong><\/em><\/strong><\/em><\/strong><\/em><\/strong><\/em><\/strong><\/em><\/strong><\/em><\/strong><\/em><\/strong><\/em><\/strong><\/em><\/strong><\/em><\/strong><\/em><\/strong><\/em><\/strong><\/em><\/strong><\/em><\/strong><\/em><\/strong><\/em><\/strong><\/em><\/strong><\/em><\/strong><\/em><\/strong><\/em><\/strong><\/em><\/strong><\/em><\/strong><\/em><\/strong><\/em><\/strong><\/em><\/strong><\/em><\/strong><\/em><\/strong><\/em><\/strong><\/em><\/strong><\/em><\/strong><\/em><\/strong><\/em><\/strong><\/em><\/strong><\/em><\/strong><\/em><\/strong><\/em><\/strong><\/em><\/strong><\/em><\/strong><\/em><\/strong><\/em><\/strong><\/em><\/strong><\/em><\/strong><\/em><\/strong><\/em><\/strong><\/em><\/strong><\/em><\/strong><\/em><\/strong><\/em><\/strong><\/em><\/strong><\/em><\/strong><\/em><\/strong><\/em><\/strong><\/em><\/strong><\/em><\/strong><\/em><\/strong><\/em><\/strong><\/em><\/strong><\/em><\/strong><\/em><\/strong><\/em><\/strong><\/em><\/strong><\/em><\/strong><\/em><\/strong><\/em><\/strong><\/em><\/strong><\/em><\/strong><\/em><\/strong><\/em><\/strong><\/em><\/strong><\/em><\/strong><\/em><\/strong><\/em><\/strong><\/em><\/strong><\/em><\/strong><\/em><\/strong><\/em><\/strong><\/em><\/strong><\/em><\/strong><\/em><\/strong><\/em><\/strong><\/em><\/strong><\/em><\/strong><\/em><\/strong><\/em><\/strong><\/em><\/strong><\/em><\/strong><\/em><\/strong><\/em><\/strong><\/em><\/strong><\/em><\/strong><\/em><\/strong><\/em><\/strong><\/em><\/strong><\/em><\/strong><\/em><\/strong><\/em><\/strong><\/em><\/strong><\/em><\/strong><\/em><\/strong><\/em><\/strong><\/em><\/strong><\/em><\/strong><\/em><\/strong><\/em><\/strong><\/em><\/strong><\/em><\/strong><\/em><\/strong><\/em><\/strong><\/em><\/strong><\/em><\/strong><\/em><\/strong><\/em><\/strong><\/em><\/strong><\/em><\/strong><\/em><\/strong><\/em><\/strong><\/em><\/strong><\/em><\/strong><\/em><\/strong><\/em><\/strong><\/em><\/strong><\/em><\/strong><\/em><\/strong><\/em><\/strong><\/em><\/strong><\/em><\/strong><\/em><\/strong><\/em><\/strong><\/em><\/strong><\/em><\/strong><\/em><\/strong><\/em><\/strong><\/em><\/strong><\/em><\/strong><\/em><\/strong><\/em><\/strong><\/em><\/strong><\/em><\/strong><\/em><\/strong><\/em><\/strong><\/em><\/strong><\/em><\/strong><\/em><\/strong><\/em><\/strong><\/em><\/strong><\/em><\/strong><\/em><\/strong><\/em><\/strong><\/em><\/strong><\/em><\/strong><\/em><\/strong><\/em><\/strong><\/em><\/strong><\/em><\/strong><\/em><\/strong><\/em><\/strong><\/em><\/strong><\/em><\/strong><\/em><\/strong><\/em><\/strong><\/em><\/strong><\/em><\/strong><\/em><\/strong><\/em><\/strong><\/em><\/strong><\/em><\/strong><\/em><\/strong><\/em><\/strong><\/em><\/strong><\/p>\n","protected":false},"excerpt":{"rendered":"<p>DE CASTILHO (SP) POR RONI PAPARAZZI\u00a0\u2013 A Pol\u00edcia Militar Ambiental realizou, neste domingo (30), uma opera\u00e7\u00e3o de alta precis\u00e3o que resultou na captura de um procurado da Justi\u00e7a e na pris\u00e3o em flagrante por porte ilegal de arma de fogo. A a\u00e7\u00e3o ocorreu no Posto Brasil Petro, \u00e0s margens da BR-262, km 321, no trevo &hellip;<\/p>\n","protected":false},"author":1,"featured_media":20480,"comment_status":"open","ping_status":"open","sticky":false,"template":"","format":"standard","meta":{"_jetpack_memberships_contains_paid_content":false,"footnotes":"","jetpack_publicize_message":"","jetpack_publicize_feature_enabled":true,"jetpack_social_post_already_shared":true,"jetpack_social_options":{"image_generator_settings":{"template":"highway","default_image_id":0,"enabled":false},"version":2}},"categories":[3],"tags":[],"class_list":["post-20479","post","type-post","status-publish","format-standard","has-post-thumbnail","hentry","category-policial"],"jetpack_publicize_connections":[],"jetpack_featured_media_url":"https:\/\/i0.wp.com\/www.paparazzinews.com.br\/wp-content\/uploads\/2025\/12\/062acecd-97c4-408a-b3ae-6162a27aca39a-e1764611655737.jpg?fit=1000%2C707&ssl=1","views":"1381","jetpack_likes_enabled":true,"jetpack_sharing_enabled":true,"_links":{"self":[{"href":"https:\/\/www.paparazzinews.com.br\/index.php?rest_route=\/wp\/v2\/posts\/20479","targetHints":{"allow":["GET"]}}],"collection":[{"href":"https:\/\/www.paparazzinews.com.br\/index.php?rest_route=\/wp\/v2\/posts"}],"about":[{"href":"https:\/\/www.paparazzinews.com.br\/index.php?rest_route=\/wp\/v2\/types\/post"}],"author":[{"embeddable":true,"href":"https:\/\/www.paparazzinews.com.br\/index.php?rest_route=\/wp\/v2\/users\/1"}],"replies":[{"embeddable":true,"href":"https:\/\/www.paparazzinews.com.br\/index.php?rest_route=%2Fwp%2Fv2%2Fcomments&post=20479"}],"version-history":[{"count":1,"href":"https:\/\/www.paparazzinews.com.br\/index.php?rest_route=\/wp\/v2\/posts\/20479\/revisions"}],"predecessor-version":[{"id":20481,"href":"https:\/\/www.paparazzinews.com.br\/index.php?rest_route=\/wp\/v2\/posts\/20479\/revisions\/20481"}],"wp:featuredmedia":[{"embeddable":true,"href":"https:\/\/www.paparazzinews.com.br\/index.php?rest_route=\/wp\/v2\/media\/20480"}],"wp:attachment":[{"href":"https:\/\/www.paparazzinews.com.br\/index.php?rest_route=%2Fwp%2Fv2%2Fmedia&parent=20479"}],"wp:term":[{"taxonomy":"category","embeddable":true,"href":"https:\/\/www.paparazzinews.com.br\/index.php?rest_route=%2Fwp%2Fv2%2Fcategories&post=20479"},{"taxonomy":"post_tag","embeddable":true,"href":"https:\/\/www.paparazzinews.com.br\/index.php?rest_route=%2Fwp%2Fv2%2Ftags&post=20479"}],"curies":[{"name":"wp","href":"https:\/\/api.w.org\/{rel}","templated":true}]}}