{"id":20334,"date":"2025-11-19T20:06:53","date_gmt":"2025-11-19T23:06:53","guid":{"rendered":"https:\/\/www.paparazzinews.com.br\/?p=20334"},"modified":"2025-11-19T20:06:55","modified_gmt":"2025-11-19T23:06:55","slug":"policia-civil-cumpre-prisao-preventiva-de-homem-investigado-por-importunacao-sexual-contra-quatro-vitimas-incluindo-adolescente-em-evento-religioso","status":"publish","type":"post","link":"https:\/\/www.paparazzinews.com.br\/?p=20334","title":{"rendered":"Pol\u00edcia Civil cumpre pris\u00e3o preventiva de homem investigado por importuna\u00e7\u00e3o sexual contra quatro v\u00edtimas, incluindo adolescente, em evento religioso"},"content":{"rendered":"\n<p><strong>DE CASTILHO (SP) POR RONI PAPARAZZI\u00a0\u2013<\/strong> A Pol\u00edcia Civil de Mato Grosso do Sul, por meio da <strong>Delegacia de Atendimento \u00e0 Mulher (DAM) de Tr\u00eas Lagoas<\/strong> e do <strong>SIG (Setor de Investiga\u00e7\u00f5es Gerais) de Parana\u00edba<\/strong>, cumpriu nesta quarta-feira (19\/11) o <strong>mandado de pris\u00e3o preventiva<\/strong> contra um homem de <strong>45 anos<\/strong>, investigado por <strong>importuna\u00e7\u00e3o sexual<\/strong> contra quatro v\u00edtimas \u2014 entre elas, uma adolescente de <strong>17 anos<\/strong>.<\/p>\n\n\n\n<h3 class=\"wp-block-heading\">\ud83d\udccc Como o caso ocorreu<\/h3>\n\n\n\n<p>Segundo apura\u00e7\u00e3o da DAM, os fatos aconteceram na noite de <strong>12 de setembro<\/strong>, quando um grupo de jovens de outro munic\u00edpio viajou em uma van fretada por uma institui\u00e7\u00e3o religiosa para participar de um <strong>show gospel<\/strong>. As v\u00edtimas estavam acompanhadas pelo pastor e demais membros da igreja.<\/p>\n\n\n\n<p>Conforme o Boletim de Ocorr\u00eancia, ao chegarem ao local do evento \u2014 que estava lotado \u2014 tr\u00eas jovens se posicionaram pr\u00f3ximas ao palco. Em seguida, o investigado, considerado pessoa de confian\u00e7a do grupo, teria se afastado dos demais membros e <strong>encostado sua regi\u00e3o pubiana nas n\u00e1degas da primeira v\u00edtima<\/strong>. Em choque e desacreditando que aquilo estivesse acontecendo, ela permaneceu im\u00f3vel.<\/p>\n\n\n\n<p>Logo depois, o mesmo comportamento teria sido repetido contra outras <strong>duas jovens<\/strong>.<br>O local era escuro e, devido \u00e0 forte aglomera\u00e7\u00e3o, o contato sexual n\u00e3o consentido n\u00e3o foi percebido por outras pessoas.<\/p>\n\n\n\n<h3 class=\"wp-block-heading\">\ud83d\udccc V\u00edtimas reconheceram o abuso ap\u00f3s deixarem o tumulto<\/h3>\n\n\n\n<p>Ap\u00f3s se afastarem da multid\u00e3o, uma das meninas entrou em crise de choro, o que motivou as demais a conversarem com ela. Nesse momento, elas descobriram que <strong>todas haviam sido v\u00edtimas do mesmo comportamento<\/strong>.<\/p>\n\n\n\n<p>Pouco depois, uma <strong>quarta mulher<\/strong>, de 25 anos, procurou espontaneamente a DAM relatando ter sido importunada pelo mesmo homem no mesmo evento. Ela afirmou que, por confiar nele, tamb\u00e9m duvidou da pr\u00f3pria percep\u00e7\u00e3o no momento do abuso.<\/p>\n\n\n\n<h3 class=\"wp-block-heading\">\ud83d\udccc Investiga\u00e7\u00e3o revelou poss\u00edvel hist\u00f3rico anterior<\/h3>\n\n\n\n<p>Durante a investiga\u00e7\u00e3o, a DAM recebeu informa\u00e7\u00f5es de que o suspeito teria praticado, anos atr\u00e1s, atos libidinosos contra uma adolescente na cidade de <strong>Jales (SP)<\/strong>. A v\u00edtima, que hoje \u00e9 adulta, foi ouvida e confirmou os abusos, relatando que a situa\u00e7\u00e3o motivou a mudan\u00e7a dele da cidade. O padr\u00e3o do crime \u00e9 semelhante ao apurado agora.<\/p>\n\n\n\n<h3 class=\"wp-block-heading\">\ud83d\udccc Pris\u00e3o preventiva<\/h3>\n\n\n\n<p>Diante da <strong>gravidade<\/strong>, da <strong>pluralidade de v\u00edtimas<\/strong> e da necessidade de preserva\u00e7\u00e3o da ordem p\u00fablica, o delegado da DAM de Tr\u00eas Lagoas representou pela <strong>pris\u00e3o preventiva<\/strong>, deferida pelo Poder Judici\u00e1rio.<\/p>\n\n\n\n<p>O suspeito foi preso em <strong>Parana\u00edba (MS)<\/strong> com apoio do SIG local e permanece \u00e0 disposi\u00e7\u00e3o da Justi\u00e7a.<\/p>\n\n\n\n<p><strong><em><strong><em><strong><em><strong><em><strong><em><strong><em><strong><em><strong><em><strong><em><strong><em><strong><em><strong><em><strong><em><strong><em><strong><em><strong><em><strong><em><strong><em><strong><em><strong><em><strong><em><strong><em><strong><em><strong><em><strong><em><strong><em><strong><em><strong><em><strong><em><strong><em><strong><em><strong><em><strong><em><strong><em><strong><em><strong><em><strong><em><strong><em><strong><em><strong><em><strong><em><strong><em><strong><em><strong><em><strong><em><strong><em><strong><em><strong><em><strong><em><strong><em><strong><em><strong><em><strong><em><strong><em><strong><em><strong><em><strong><em><strong><em><strong><em><strong><em><strong><em><strong><em><strong><em><strong><em><strong><em><strong><em><strong><em><strong><em><strong><em><strong><em><strong><em><strong><em><strong><em><strong><em><strong><em><strong><em><strong><em><strong><em><strong><em><strong><em><strong><em><strong><em><strong><em><strong><em><strong><em><strong><em><strong><em><strong><em><strong><em><strong><em><strong><em><strong><em><strong><em><strong><em><strong><em><strong><em><strong><em><strong><em><strong><em><strong><em><strong><em><strong><em><strong><em><strong><em><strong><em><strong><em><strong><em><strong><em><strong><em><strong><em><strong><em><strong><em><strong><em><strong><em><strong><em><strong><em><strong><em><strong><em><strong><em><strong><em><strong><em><strong><em><strong><em><strong><em><strong><em><strong><em><strong><em><strong><em><strong><em><strong><em><strong><em><strong><em><strong><em><strong><em><strong><em><strong><em><strong><em><strong><em><strong><em><strong><em><strong><em><strong><em><strong><em><strong><em><strong><em><strong><em><strong><em><strong><em><strong><em><strong><em><strong><em><strong><em><strong><em><strong><em><strong><em><strong><em><strong><em><strong><em><strong><em><strong><em><strong><em><strong><em><strong><em><strong><em><strong><em><strong><em><strong><em><strong><em><strong><em><strong><em><strong><em><strong><em><strong><em><strong><em><strong><em><strong><em><strong><em><strong><em><strong><em><strong><em><strong><em><strong><em><strong><em><strong><em><strong><em><strong><em><strong><em><strong><em><strong><em><strong><em><strong><em><strong><em><strong><em><strong><em><strong><em><strong><em><strong><em><strong><em><strong><em><strong><em><strong><em><strong><em><strong><em><strong><em><strong><em><strong><em><strong><em><strong><em><strong><em><strong><em><strong><em><strong><em><strong><em><strong><em><strong><em><strong><em><strong><em><strong><em><strong><em><strong><em><strong><em><strong><em><strong><em><strong><em><strong><em><strong><em><strong><em><strong><em><strong><em><strong><em><strong><em><strong><em><strong><em><strong><em><strong><em><strong><em><strong><em><strong><em><strong><em><strong><em><strong><em><strong><em><strong><em><strong><em><strong><em><strong><em><strong><em><strong><em><strong><em><strong><em><strong>Siga nossas redes sociais e&nbsp;participe da nossa comunidade do Canal de noticias do Roni Paparazzi no Whatsapp e receba as principais not\u00edcias da regi\u00e3o de Ara\u00e7atuba do dia direto no seu celular siga nosso &nbsp;<a href=\"https:\/\/www.instagram.com\/ronipaparazzi\/\">Instagram e&nbsp;<\/a><a href=\"https:\/\/www.facebook.com\/ronipaparazzicomvoce\">Facebook<\/a><a href=\"https:\/\/chat.whatsapp.com\/GsG1XKo0jPOEfjzudWQcml\" target=\"_blank\" rel=\"noreferrer noopener\">&nbsp;Clique aqui e se inscreva.<\/a><\/strong><\/em><\/strong><\/em><\/strong><\/em><\/strong><\/em><\/strong><\/em><\/strong><\/em><\/strong><\/em><\/strong><\/em><\/strong><\/em><\/strong><\/em><\/strong><\/em><\/strong><\/em><\/strong><\/em><\/strong><\/em><\/strong><\/em><\/strong><\/em><\/strong><\/em><\/strong><\/em><\/strong><\/em><\/strong><\/em><\/strong><\/em><\/strong><\/em><\/strong><\/em><\/strong><\/em><\/strong><\/em><\/strong><\/em><\/strong><\/em><\/strong><\/em><\/strong><\/em><\/strong><\/em><\/strong><\/em><\/strong><\/em><\/strong><\/em><\/strong><\/em><\/strong><\/em><\/strong><\/em><\/strong><\/em><\/strong><\/em><\/strong><\/em><\/strong><\/em><\/strong><\/em><\/strong><\/em><\/strong><\/em><\/strong><\/em><\/strong><\/em><\/strong><\/em><\/strong><\/em><\/strong><\/em><\/strong><\/em><\/strong><\/em><\/strong><\/em><\/strong><\/em><\/strong><\/em><\/strong><\/em><\/strong><\/em><\/strong><\/em><\/strong><\/em><\/strong><\/em><\/strong><\/em><\/strong><\/em><\/strong><\/em><\/strong><\/em><\/strong><\/em><\/strong><\/em><\/strong><\/em><\/strong><\/em><\/strong><\/em><\/strong><\/em><\/strong><\/em><\/strong><\/em><\/strong><\/em><\/strong><\/em><\/strong><\/em><\/strong><\/em><\/strong><\/em><\/strong><\/em><\/strong><\/em><\/strong><\/em><\/strong><\/em><\/strong><\/em><\/strong><\/em><\/strong><\/em><\/strong><\/em><\/strong><\/em><\/strong><\/em><\/strong><\/em><\/strong><\/em><\/strong><\/em><\/strong><\/em><\/strong><\/em><\/strong><\/em><\/strong><\/em><\/strong><\/em><\/strong><\/em><\/strong><\/em><\/strong><\/em><\/strong><\/em><\/strong><\/em><\/strong><\/em><\/strong><\/em><\/strong><\/em><\/strong><\/em><\/strong><\/em><\/strong><\/em><\/strong><\/em><\/strong><\/em><\/strong><\/em><\/strong><\/em><\/strong><\/em><\/strong><\/em><\/strong><\/em><\/strong><\/em><\/strong><\/em><\/strong><\/em><\/strong><\/em><\/strong><\/em><\/strong><\/em><\/strong><\/em><\/strong><\/em><\/strong><\/em><\/strong><\/em><\/strong><\/em><\/strong><\/em><\/strong><\/em><\/strong><\/em><\/strong><\/em><\/strong><\/em><\/strong><\/em><\/strong><\/em><\/strong><\/em><\/strong><\/em><\/strong><\/em><\/strong><\/em><\/strong><\/em><\/strong><\/em><\/strong><\/em><\/strong><\/em><\/strong><\/em><\/strong><\/em><\/strong><\/em><\/strong><\/em><\/strong><\/em><\/strong><\/em><\/strong><\/em><\/strong><\/em><\/strong><\/em><\/strong><\/em><\/strong><\/em><\/strong><\/em><\/strong><\/em><\/strong><\/em><\/strong><\/em><\/strong><\/em><\/strong><\/em><\/strong><\/em><\/strong><\/em><\/strong><\/em><\/strong><\/em><\/strong><\/em><\/strong><\/em><\/strong><\/em><\/strong><\/em><\/strong><\/em><\/strong><\/em><\/strong><\/em><\/strong><\/em><\/strong><\/em><\/strong><\/em><\/strong><\/em><\/strong><\/em><\/strong><\/em><\/strong><\/em><\/strong><\/em><\/strong><\/em><\/strong><\/em><\/strong><\/em><\/strong><\/em><\/strong><\/em><\/strong><\/em><\/strong><\/em><\/strong><\/em><\/strong><\/em><\/strong><\/em><\/strong><\/em><\/strong><\/em><\/strong><\/em><\/strong><\/em><\/strong><\/em><\/strong><\/em><\/strong><\/em><\/strong><\/em><\/strong><\/em><\/strong><\/em><\/strong><\/em><\/strong><\/em><\/strong><\/em><\/strong><\/em><\/strong><\/em><\/strong><\/em><\/strong><\/em><\/strong><\/em><\/strong><\/em><\/strong><\/em><\/strong><\/em><\/strong><\/em><\/strong><\/em><\/strong><\/em><\/strong><\/em><\/strong><\/em><\/strong><\/em><\/strong><\/em><\/strong><\/em><\/strong><\/em><\/strong><\/em><\/strong><\/em><\/strong><\/em><\/strong><\/em><\/strong><\/em><\/strong><\/em><\/strong><\/em><\/strong><\/em><\/strong><\/em><\/strong><\/em><\/strong><\/em><\/strong><\/em><\/strong><\/em><\/strong><\/em><\/strong><\/em><\/strong><\/em><\/strong><\/em><\/strong><\/em><\/strong><\/em><\/strong><\/em><\/strong><\/em><\/strong><\/em><\/strong><\/em><\/strong><\/em><\/strong><\/em><\/strong><\/em><\/strong><\/em><\/strong><\/em><\/strong><\/em><\/strong><\/em><\/strong><\/em><\/strong><\/em><\/strong><\/em><\/strong><\/em><\/strong><\/em><\/strong><\/em><\/strong><\/em><\/strong><\/p>\n","protected":false},"excerpt":{"rendered":"<p>DE CASTILHO (SP) POR RONI PAPARAZZI\u00a0\u2013 A Pol\u00edcia Civil de Mato Grosso do Sul, por meio da Delegacia de Atendimento \u00e0 Mulher (DAM) de Tr\u00eas Lagoas e do SIG (Setor de Investiga\u00e7\u00f5es Gerais) de Parana\u00edba, cumpriu nesta quarta-feira (19\/11) o mandado de pris\u00e3o preventiva contra um homem de 45 anos, investigado por importuna\u00e7\u00e3o sexual contra &hellip;<\/p>\n","protected":false},"author":1,"featured_media":20335,"comment_status":"open","ping_status":"open","sticky":false,"template":"","format":"standard","meta":{"_jetpack_memberships_contains_paid_content":false,"footnotes":"","jetpack_publicize_message":"","jetpack_publicize_feature_enabled":true,"jetpack_social_post_already_shared":true,"jetpack_social_options":{"image_generator_settings":{"template":"highway","default_image_id":0,"enabled":false},"version":2}},"categories":[3],"tags":[],"class_list":["post-20334","post","type-post","status-publish","format-standard","has-post-thumbnail","hentry","category-policial"],"jetpack_publicize_connections":[],"jetpack_featured_media_url":"https:\/\/i0.wp.com\/www.paparazzinews.com.br\/wp-content\/uploads\/2025\/11\/50ddcffd-7650-491f-8cc9-9db9afa7b821a-e1763593601919.jpg?fit=750%2C1000&ssl=1","views":"1035","jetpack_likes_enabled":true,"jetpack_sharing_enabled":true,"_links":{"self":[{"href":"https:\/\/www.paparazzinews.com.br\/index.php?rest_route=\/wp\/v2\/posts\/20334","targetHints":{"allow":["GET"]}}],"collection":[{"href":"https:\/\/www.paparazzinews.com.br\/index.php?rest_route=\/wp\/v2\/posts"}],"about":[{"href":"https:\/\/www.paparazzinews.com.br\/index.php?rest_route=\/wp\/v2\/types\/post"}],"author":[{"embeddable":true,"href":"https:\/\/www.paparazzinews.com.br\/index.php?rest_route=\/wp\/v2\/users\/1"}],"replies":[{"embeddable":true,"href":"https:\/\/www.paparazzinews.com.br\/index.php?rest_route=%2Fwp%2Fv2%2Fcomments&post=20334"}],"version-history":[{"count":1,"href":"https:\/\/www.paparazzinews.com.br\/index.php?rest_route=\/wp\/v2\/posts\/20334\/revisions"}],"predecessor-version":[{"id":20336,"href":"https:\/\/www.paparazzinews.com.br\/index.php?rest_route=\/wp\/v2\/posts\/20334\/revisions\/20336"}],"wp:featuredmedia":[{"embeddable":true,"href":"https:\/\/www.paparazzinews.com.br\/index.php?rest_route=\/wp\/v2\/media\/20335"}],"wp:attachment":[{"href":"https:\/\/www.paparazzinews.com.br\/index.php?rest_route=%2Fwp%2Fv2%2Fmedia&parent=20334"}],"wp:term":[{"taxonomy":"category","embeddable":true,"href":"https:\/\/www.paparazzinews.com.br\/index.php?rest_route=%2Fwp%2Fv2%2Fcategories&post=20334"},{"taxonomy":"post_tag","embeddable":true,"href":"https:\/\/www.paparazzinews.com.br\/index.php?rest_route=%2Fwp%2Fv2%2Ftags&post=20334"}],"curies":[{"name":"wp","href":"https:\/\/api.w.org\/{rel}","templated":true}]}}