{"id":20257,"date":"2025-11-14T17:34:32","date_gmt":"2025-11-14T20:34:32","guid":{"rendered":"https:\/\/www.paparazzinews.com.br\/?p=20257"},"modified":"2025-11-14T17:34:35","modified_gmt":"2025-11-14T20:34:35","slug":"natal-encantado-de-andradina-tera-mais-de-20-atracoes-gratuitas-entre-novembro-e-dezembro","status":"publish","type":"post","link":"https:\/\/www.paparazzinews.com.br\/?p=20257","title":{"rendered":"Natal Encantado de Andradina ter\u00e1 mais de 20 atra\u00e7\u00f5es gratuitas entre novembro e dezembro"},"content":{"rendered":"\n<p><strong>DE CASTILHO (SP) POR RONI PAPARAZZI\u00a0\u2013<\/strong> A Prefeitura de Andradina divulgou a programa\u00e7\u00e3o oficial do <strong>Natal Encantado 2025<\/strong>, que re\u00fane mais de 20 atra\u00e7\u00f5es gratuitas entre os meses de novembro e dezembro. A agenda especial promete envolver crian\u00e7as, jovens e adultos em uma celebra\u00e7\u00e3o com m\u00fasica, dan\u00e7a, espet\u00e1culos tem\u00e1ticos e a participa\u00e7\u00e3o de personagens infantis. Os eventos ocorrer\u00e3o principalmente na <strong>Pra\u00e7a Moura Andrade<\/strong>, no <strong>Est\u00e1dio Municipal<\/strong> e no <strong>Gin\u00e1sio de Esportes (GIME)<\/strong>.<\/p>\n\n\n\n<h3 class=\"wp-block-heading\">\u2728 21 de novembro \u2014 Acender das Luzes<\/h3>\n\n\n\n<p>A abertura oficial acontece em <strong>21 de novembro<\/strong>, \u00e0s <strong>19h30<\/strong>, na Pra\u00e7a Moura Andrade, com o tradicional <strong>Acender das Luzes de Natal<\/strong>. A noite contar\u00e1 com o <strong>Projeto Guri<\/strong>, uma <strong>Cantata de Natal<\/strong> e show especial de <strong>Harpa Paraguaia<\/strong>.<\/p>\n\n\n\n<h3 class=\"wp-block-heading\">\ud83c\udf85 22 de novembro \u2014 Chegada do Papai Noel<\/h3>\n\n\n\n<p>No dia seguinte, 22 de novembro, a magia toma conta do Est\u00e1dio Municipal com a aguardada <strong>Chegada do Papai Noel<\/strong>, incluindo desfile da <strong>Atamor<\/strong> e presen\u00e7a de personagens da Disney. O evento come\u00e7a \u00e0s <strong>19h30<\/strong> e traz a atmosfera cl\u00e1ssica do Natal encantado para as fam\u00edlias da cidade.<\/p>\n\n\n\n<h3 class=\"wp-block-heading\">\ud83c\udfad 28 de novembro \u2014 Festival Projeto Artedute<\/h3>\n\n\n\n<p>A programa\u00e7\u00e3o segue no dia 28, \u00e0s 19h30, no GIME, com o <strong>Festival Artedute<\/strong>, que apresenta coreografias com o tema <em>Disneys<\/em>.<\/p>\n\n\n\n<hr class=\"wp-block-separator has-alpha-channel-opacity\"\/>\n\n\n\n<h1 class=\"wp-block-heading\">\ud83c\udf84 <strong>DEZEMBRO CHEIO DE MAGIA NA PRA\u00c7A MOURA ANDRADE<\/strong><\/h1>\n\n\n\n<h3 class=\"wp-block-heading\">\ud83d\udcc5 10 de dezembro \u2014 Festival da APAE<\/h3>\n\n\n\n<p>Coral da APAE e atra\u00e7\u00f5es natalinas.<\/p>\n\n\n\n<h3 class=\"wp-block-heading\">\ud83d\udcc5 11 de dezembro \u2014 Show de Pagode<\/h3>\n\n\n\n<p>A banda <strong>Alto Clima<\/strong> anima a noite.<\/p>\n\n\n\n<h3 class=\"wp-block-heading\">\ud83d\udcc5 12 de dezembro \u2014 \u201cUm Conto de Natal\u201d<\/h3>\n\n\n\n<p>Personagens da Disney, Palha\u00e7o Shampoo e show de m\u00e1gica transformam a pra\u00e7a em um cen\u00e1rio l\u00fadico.<\/p>\n\n\n\n<h3 class=\"wp-block-heading\">\ud83d\udcc5 13 de dezembro \u2014 Tributo ao Rei do Bai\u00e3o<\/h3>\n\n\n\n<p>Homenagem a <strong>Luiz Gonzaga<\/strong>, com Cl\u00e9cio Recife e banda.<\/p>\n\n\n\n<h3 class=\"wp-block-heading\">\ud83d\udcc5 14 de dezembro \u2014 Natal Musical<\/h3>\n\n\n\n<p>Coral Artedute e a <strong>Orquestra de Viola Caipira<\/strong>.<\/p>\n\n\n\n<h3 class=\"wp-block-heading\">\ud83d\udcc5 15 de dezembro \u2014 Um Encanto de Natal<\/h3>\n\n\n\n<p>Show tem\u00e1tico com personagens da Disney e presen\u00e7a do Papai Noel.<\/p>\n\n\n\n<h3 class=\"wp-block-heading\">\ud83d\udcc5 16 de dezembro \u2014 Natal Sertanejo<\/h3>\n\n\n\n<p>Shows de <strong>Mel Rocca<\/strong>, <strong>Day Baroni<\/strong>, <strong>Darlete Dias<\/strong>, <strong>Marco T\u00falio &amp; Luciano<\/strong>, <strong>Bruna Maia<\/strong> e <strong>Adriana<\/strong>.<\/p>\n\n\n\n<h3 class=\"wp-block-heading\">\ud83d\udcc5 17 de dezembro \u2014 Espet\u00e1culo \u201cO Rei Le\u00e3o\u201d<\/h3>\n\n\n\n<p>Apresenta\u00e7\u00e3o infantil com a companhia <strong>F\u00e1brica Kids<\/strong> e personagens animados.<\/p>\n\n\n\n<h3 class=\"wp-block-heading\">\ud83d\udcc5 18 de dezembro \u2014 Maria Cec\u00edlia &amp; Rodolfo<\/h3>\n\n\n\n<p>A dupla sobe ao palco da Pra\u00e7a Moura Andrade em um show gratuito a partir das 19h30.<\/p>\n\n\n\n<h3 class=\"wp-block-heading\">\ud83d\udcc5 19 de dezembro \u2014 Danilo &amp; Davi<\/h3>\n\n\n\n<p>A dupla sertaneja embala o p\u00fablico com repert\u00f3rio autoral e sucessos conhecidos.<\/p>\n\n\n\n<h3 class=\"wp-block-heading\">\ud83d\udcc5 20 de dezembro \u2014 Vila Natalina (Encerramento)<\/h3>\n\n\n\n<p>A partir das 19h, a Vila Natalina traz dan\u00e7as, corais, personagens, cen\u00e1rio tem\u00e1tico e <strong>\u00e1rea kids gratuita<\/strong>, encerrando a programa\u00e7\u00e3o com clima familiar e encantador.<\/p>\n\n\n\n<p><strong><em><strong><em><strong><em><strong><em><strong><em><strong><em><strong><em><strong><em><strong><em><strong><em><strong><em><strong><em><strong><em><strong><em><strong><em><strong><em><strong><em><strong><em><strong><em><strong><em><strong><em><strong><em><strong><em><strong><em><strong><em><strong><em><strong><em><strong><em><strong><em><strong><em><strong><em><strong><em><strong><em><strong><em><strong><em><strong><em><strong><em><strong><em><strong><em><strong><em><strong><em><strong><em><strong><em><strong><em><strong><em><strong><em><strong><em><strong><em><strong><em><strong><em><strong><em><strong><em><strong><em><strong><em><strong><em><strong><em><strong><em><strong><em><strong><em><strong><em><strong><em><strong><em><strong><em><strong><em><strong><em><strong><em><strong><em><strong><em><strong><em><strong><em><strong><em><strong><em><strong><em><strong><em><strong><em><strong><em><strong><em><strong><em><strong><em><strong><em><strong><em><strong><em><strong><em><strong><em><strong><em><strong><em><strong><em><strong><em><strong><em><strong><em><strong><em><strong><em><strong><em><strong><em><strong><em><strong><em><strong><em><strong><em><strong><em><strong><em><strong><em><strong><em><strong><em><strong><em><strong><em><strong><em><strong><em><strong><em><strong><em><strong><em><strong><em><strong><em><strong><em><strong><em><strong><em><strong><em><strong><em><strong><em><strong><em><strong><em><strong><em><strong><em><strong><em><strong><em><strong><em><strong><em><strong><em><strong><em><strong><em><strong><em><strong><em><strong><em><strong><em><strong><em><strong><em><strong><em><strong><em><strong><em><strong><em><strong><em><strong><em><strong><em><strong><em><strong><em><strong><em><strong><em><strong><em><strong><em><strong><em><strong><em><strong><em><strong><em><strong><em><strong><em><strong><em><strong><em><strong><em><strong><em><strong><em><strong><em><strong><em><strong><em><strong><em><strong><em><strong><em><strong><em><strong><em><strong><em><strong><em><strong><em><strong><em><strong><em><strong><em><strong><em><strong><em><strong><em><strong><em><strong><em><strong><em><strong><em><strong><em><strong><em><strong><em><strong><em><strong><em><strong><em><strong><em><strong><em><strong><em><strong><em><strong><em><strong><em><strong><em><strong><em><strong><em><strong><em><strong><em><strong><em><strong><em><strong><em><strong><em><strong><em><strong><em><strong><em><strong><em><strong><em><strong><em><strong><em><strong><em><strong><em><strong><em><strong><em><strong><em><strong><em><strong><em><strong><em><strong><em><strong><em><strong><em><strong><em><strong><em><strong><em><strong><em><strong><em><strong><em><strong><em><strong><em><strong><em><strong><em><strong><em><strong><em><strong><em><strong><em><strong><em><strong><em><strong><em><strong><em><strong><em><strong><em><strong><em><strong><em><strong><em><strong><em><strong><em><strong><em><strong><em><strong><em><strong><em><strong><em><strong><em><strong>Siga nossas redes sociais e\u00a0participe da nossa comunidade do Canal de noticias do Roni Paparazzi no Whatsapp e receba as principais not\u00edcias da regi\u00e3o de Ara\u00e7atuba do dia direto no seu celular siga nosso \u00a0<a href=\"https:\/\/www.instagram.com\/ronipaparazzi\/\">Instagram e\u00a0<\/a><a href=\"https:\/\/www.facebook.com\/ronipaparazzicomvoce\">Facebook<\/a><a href=\"https:\/\/chat.whatsapp.com\/GsG1XKo0jPOEfjzudWQcml\" target=\"_blank\" rel=\"noreferrer noopener\">\u00a0Clique aqui e se inscreva.<\/a><\/strong><\/em><\/strong><\/em><\/strong><\/em><\/strong><\/em><\/strong><\/em><\/strong><\/em><\/strong><\/em><\/strong><\/em><\/strong><\/em><\/strong><\/em><\/strong><\/em><\/strong><\/em><\/strong><\/em><\/strong><\/em><\/strong><\/em><\/strong><\/em><\/strong><\/em><\/strong><\/em><\/strong><\/em><\/strong><\/em><\/strong><\/em><\/strong><\/em><\/strong><\/em><\/strong><\/em><\/strong><\/em><\/strong><\/em><\/strong><\/em><\/strong><\/em><\/strong><\/em><\/strong><\/em><\/strong><\/em><\/strong><\/em><\/strong><\/em><\/strong><\/em><\/strong><\/em><\/strong><\/em><\/strong><\/em><\/strong><\/em><\/strong><\/em><\/strong><\/em><\/strong><\/em><\/strong><\/em><\/strong><\/em><\/strong><\/em><\/strong><\/em><\/strong><\/em><\/strong><\/em><\/strong><\/em><\/strong><\/em><\/strong><\/em><\/strong><\/em><\/strong><\/em><\/strong><\/em><\/strong><\/em><\/strong><\/em><\/strong><\/em><\/strong><\/em><\/strong><\/em><\/strong><\/em><\/strong><\/em><\/strong><\/em><\/strong><\/em><\/strong><\/em><\/strong><\/em><\/strong><\/em><\/strong><\/em><\/strong><\/em><\/strong><\/em><\/strong><\/em><\/strong><\/em><\/strong><\/em><\/strong><\/em><\/strong><\/em><\/strong><\/em><\/strong><\/em><\/strong><\/em><\/strong><\/em><\/strong><\/em><\/strong><\/em><\/strong><\/em><\/strong><\/em><\/strong><\/em><\/strong><\/em><\/strong><\/em><\/strong><\/em><\/strong><\/em><\/strong><\/em><\/strong><\/em><\/strong><\/em><\/strong><\/em><\/strong><\/em><\/strong><\/em><\/strong><\/em><\/strong><\/em><\/strong><\/em><\/strong><\/em><\/strong><\/em><\/strong><\/em><\/strong><\/em><\/strong><\/em><\/strong><\/em><\/strong><\/em><\/strong><\/em><\/strong><\/em><\/strong><\/em><\/strong><\/em><\/strong><\/em><\/strong><\/em><\/strong><\/em><\/strong><\/em><\/strong><\/em><\/strong><\/em><\/strong><\/em><\/strong><\/em><\/strong><\/em><\/strong><\/em><\/strong><\/em><\/strong><\/em><\/strong><\/em><\/strong><\/em><\/strong><\/em><\/strong><\/em><\/strong><\/em><\/strong><\/em><\/strong><\/em><\/strong><\/em><\/strong><\/em><\/strong><\/em><\/strong><\/em><\/strong><\/em><\/strong><\/em><\/strong><\/em><\/strong><\/em><\/strong><\/em><\/strong><\/em><\/strong><\/em><\/strong><\/em><\/strong><\/em><\/strong><\/em><\/strong><\/em><\/strong><\/em><\/strong><\/em><\/strong><\/em><\/strong><\/em><\/strong><\/em><\/strong><\/em><\/strong><\/em><\/strong><\/em><\/strong><\/em><\/strong><\/em><\/strong><\/em><\/strong><\/em><\/strong><\/em><\/strong><\/em><\/strong><\/em><\/strong><\/em><\/strong><\/em><\/strong><\/em><\/strong><\/em><\/strong><\/em><\/strong><\/em><\/strong><\/em><\/strong><\/em><\/strong><\/em><\/strong><\/em><\/strong><\/em><\/strong><\/em><\/strong><\/em><\/strong><\/em><\/strong><\/em><\/strong><\/em><\/strong><\/em><\/strong><\/em><\/strong><\/em><\/strong><\/em><\/strong><\/em><\/strong><\/em><\/strong><\/em><\/strong><\/em><\/strong><\/em><\/strong><\/em><\/strong><\/em><\/strong><\/em><\/strong><\/em><\/strong><\/em><\/strong><\/em><\/strong><\/em><\/strong><\/em><\/strong><\/em><\/strong><\/em><\/strong><\/em><\/strong><\/em><\/strong><\/em><\/strong><\/em><\/strong><\/em><\/strong><\/em><\/strong><\/em><\/strong><\/em><\/strong><\/em><\/strong><\/em><\/strong><\/em><\/strong><\/em><\/strong><\/em><\/strong><\/em><\/strong><\/em><\/strong><\/em><\/strong><\/em><\/strong><\/em><\/strong><\/em><\/strong><\/em><\/strong><\/em><\/strong><\/em><\/strong><\/em><\/strong><\/em><\/strong><\/em><\/strong><\/em><\/strong><\/em><\/strong><\/em><\/strong><\/em><\/strong><\/em><\/strong><\/em><\/strong><\/em><\/strong><\/em><\/strong><\/em><\/strong><\/em><\/strong><\/em><\/strong><\/em><\/strong><\/em><\/strong><\/em><\/strong><\/em><\/strong><\/em><\/strong><\/em><\/strong><\/em><\/strong><\/em><\/strong><\/em><\/strong><\/em><\/strong><\/em><\/strong><\/em><\/strong><\/em><\/strong><\/em><\/strong><\/em><\/strong><\/em><\/strong><\/em><\/strong><\/em><\/strong><\/em><\/strong><\/em><\/strong><\/em><\/strong><\/em><\/strong><\/em><\/strong><\/em><\/strong><\/p>\n","protected":false},"excerpt":{"rendered":"<p>DE CASTILHO (SP) POR RONI PAPARAZZI\u00a0\u2013 A Prefeitura de Andradina divulgou a programa\u00e7\u00e3o oficial do Natal Encantado 2025, que re\u00fane mais de 20 atra\u00e7\u00f5es gratuitas entre os meses de novembro e dezembro. A agenda especial promete envolver crian\u00e7as, jovens e adultos em uma celebra\u00e7\u00e3o com m\u00fasica, dan\u00e7a, espet\u00e1culos tem\u00e1ticos e a participa\u00e7\u00e3o de personagens infantis. &hellip;<\/p>\n","protected":false},"author":1,"featured_media":20258,"comment_status":"open","ping_status":"open","sticky":false,"template":"","format":"standard","meta":{"_jetpack_memberships_contains_paid_content":false,"footnotes":"","jetpack_publicize_message":"","jetpack_publicize_feature_enabled":true,"jetpack_social_post_already_shared":true,"jetpack_social_options":{"image_generator_settings":{"template":"highway","default_image_id":0,"enabled":false},"version":2}},"categories":[6],"tags":[],"class_list":["post-20257","post","type-post","status-publish","format-standard","has-post-thumbnail","hentry","category-entretenimento"],"jetpack_publicize_connections":[],"jetpack_featured_media_url":"https:\/\/i0.wp.com\/www.paparazzinews.com.br\/wp-content\/uploads\/2025\/11\/582550975_1122501420056976_7898697526479203987_n-e1763152458421.jpg?fit=750%2C1000&ssl=1","views":"983","jetpack_likes_enabled":true,"jetpack_sharing_enabled":true,"_links":{"self":[{"href":"https:\/\/www.paparazzinews.com.br\/index.php?rest_route=\/wp\/v2\/posts\/20257","targetHints":{"allow":["GET"]}}],"collection":[{"href":"https:\/\/www.paparazzinews.com.br\/index.php?rest_route=\/wp\/v2\/posts"}],"about":[{"href":"https:\/\/www.paparazzinews.com.br\/index.php?rest_route=\/wp\/v2\/types\/post"}],"author":[{"embeddable":true,"href":"https:\/\/www.paparazzinews.com.br\/index.php?rest_route=\/wp\/v2\/users\/1"}],"replies":[{"embeddable":true,"href":"https:\/\/www.paparazzinews.com.br\/index.php?rest_route=%2Fwp%2Fv2%2Fcomments&post=20257"}],"version-history":[{"count":1,"href":"https:\/\/www.paparazzinews.com.br\/index.php?rest_route=\/wp\/v2\/posts\/20257\/revisions"}],"predecessor-version":[{"id":20259,"href":"https:\/\/www.paparazzinews.com.br\/index.php?rest_route=\/wp\/v2\/posts\/20257\/revisions\/20259"}],"wp:featuredmedia":[{"embeddable":true,"href":"https:\/\/www.paparazzinews.com.br\/index.php?rest_route=\/wp\/v2\/media\/20258"}],"wp:attachment":[{"href":"https:\/\/www.paparazzinews.com.br\/index.php?rest_route=%2Fwp%2Fv2%2Fmedia&parent=20257"}],"wp:term":[{"taxonomy":"category","embeddable":true,"href":"https:\/\/www.paparazzinews.com.br\/index.php?rest_route=%2Fwp%2Fv2%2Fcategories&post=20257"},{"taxonomy":"post_tag","embeddable":true,"href":"https:\/\/www.paparazzinews.com.br\/index.php?rest_route=%2Fwp%2Fv2%2Ftags&post=20257"}],"curies":[{"name":"wp","href":"https:\/\/api.w.org\/{rel}","templated":true}]}}