{"id":20251,"date":"2025-11-14T17:17:29","date_gmt":"2025-11-14T20:17:29","guid":{"rendered":"https:\/\/www.paparazzinews.com.br\/?p=20251"},"modified":"2025-11-14T17:17:32","modified_gmt":"2025-11-14T20:17:32","slug":"a-forca-do-sus-relato-de-paciente-mostra-o-valor-da-saude-publica-no-brasil","status":"publish","type":"post","link":"https:\/\/www.paparazzinews.com.br\/?p=20251","title":{"rendered":"A for\u00e7a do SUS: relato de paciente mostra o valor da sa\u00fade p\u00fablica no Brasil"},"content":{"rendered":"\n<p><strong>DE CASTILHO (SP) POR RONI PAPARAZZI\u00a0\u2013<\/strong>\u00a0Alvo constante de cr\u00edticas, desconfian\u00e7as e compara\u00e7\u00f5es, o <strong>Sistema \u00danico de Sa\u00fade (SUS)<\/strong> segue sendo defendido com firmeza por especialistas, profissionais e milh\u00f5es de usu\u00e1rios que reconhecem nele uma das maiores conquistas sociais da hist\u00f3ria do Brasil. Criado pela Constitui\u00e7\u00e3o de 1988, o SUS garante <strong>atendimento universal, integral e gratuito<\/strong>, assegurando a todos os brasileiros \u2014 independentemente de renda, classe social ou local onde vivem \u2014 o direito fundamental \u00e0 sa\u00fade.<\/p>\n\n\n\n<p>Para seus defensores, o SUS n\u00e3o \u00e9 apenas um sistema de atendimento: \u00e9 um <strong>instrumento de justi\u00e7a social<\/strong>, respons\u00e1vel por reduzir desigualdades e oferecer desde cuidados b\u00e1sicos da aten\u00e7\u00e3o prim\u00e1ria at\u00e9 procedimentos de alta complexidade, como transplantes, cirurgias ortop\u00e9dicas avan\u00e7adas e tratamentos oncol\u00f3gicos. \u00c9 tamb\u00e9m o pilar das campanhas de vacina\u00e7\u00e3o e da vigil\u00e2ncia epidemiol\u00f3gica que protegem o pa\u00eds h\u00e1 d\u00e9cadas.<\/p>\n\n\n\n<p>Entre as hist\u00f3rias que simbolizam essa import\u00e2ncia est\u00e1 a do engenheiro e esportista <strong>Allan Gomes de Moraes<\/strong>, de 64 anos, praticante de jud\u00f4 e adepto de uma vida ativa. Durante a pandemia, Allan descobriu uma <strong>coxartrose grave no quadril<\/strong>, que encurtou uma das pernas em mais de cinco cent\u00edmetros \u2014 tornando-o <strong>Pessoa Com Defici\u00eancia (PCD)<\/strong>. Em consequ\u00eancia da doen\u00e7a, ele tamb\u00e9m desenvolveu uma hiperplasia prost\u00e1tica benigna e passou a ser diab\u00e9tico e dependente de insulina.<\/p>\n\n\n\n<p>\u201cPrimeiro veio a nega\u00e7\u00e3o\u201d, relembra. \u201cFoi dif\u00edcil aceitar que eu precisaria reduzir minhas atividades e passar por uma cirurgia complexa. Hoje sou uma pessoa feliz por ter encontrado um sistema de sa\u00fade eficiente. Estou ansioso pela pr\u00f3tese de quadril e para voltar a treinar.\u201d<\/p>\n\n\n\n<h3 class=\"wp-block-heading\">\ud83d\udc68\u200d\u2695\ufe0f Do AME \u00e0 UTI: o cuidado em cada etapa<\/h3>\n\n\n\n<p>Allan conta que, ao chegar ao <strong>Ambulat\u00f3rio M\u00e9dico de Especialidades (AME)<\/strong>, imaginou que enfrentaria longas horas de espera ao ver o sagu\u00e3o lotado. Mas se surpreendeu:<\/p>\n\n\n\n<blockquote class=\"wp-block-quote is-layout-flow wp-block-quote-is-layout-flow\">\n<p>\u201cAo meio-dia eu j\u00e1 havia sido atendido por quatro especialistas, sempre guiado com aten\u00e7\u00e3o pelos funcion\u00e1rios.\u201d<\/p>\n<\/blockquote>\n\n\n\n<p>No fim de 2023, uma crise grave o levou \u00e0 UTI da Santa Casa, onde ficou por cinco dias. Sua creatinina chegou a 10 \u2014 quando o normal varia entre 0,6 e 1,3.<\/p>\n\n\n\n<blockquote class=\"wp-block-quote is-layout-flow wp-block-quote-is-layout-flow\">\n<p>\u201cAdmirei, pela segunda vez, a qualidade do SUS. As equipes se revezavam com empatia, cuidado e humanidade. Eu agradecia o tempo todo e sentia as ora\u00e7\u00f5es chegando at\u00e9 mim.\u201d<\/p>\n<\/blockquote>\n\n\n\n<p>Ele afirma ter recebido o mesmo padr\u00e3o de cuidado nas <strong>UBSs<\/strong>, na <strong>UPA<\/strong>, na <strong>Santa Casa<\/strong> e no <strong>AME<\/strong>. Reconhece que existem falhas, mas que n\u00e3o representam o sistema como um todo.<\/p>\n\n\n\n<p>\u201c\u00c0s vezes o atendimento varia, \u00e9 verdade. Mas s\u00e3o casos pontuais. N\u00e3o justificam a avers\u00e3o extrema que algumas pessoas t\u00eam pela sa\u00fade p\u00fablica\u201d, explica.<\/p>\n\n\n\n<h3 class=\"wp-block-heading\">\ud83d\udc99 Um patrim\u00f4nio que precisa ser fortalecido<\/h3>\n\n\n\n<p>Hist\u00f3rias como a de Allan se repetem pelo pa\u00eds e ajudam a explicar por que pesquisas apontam altos \u00edndices de satisfa\u00e7\u00e3o em \u00e1reas como aten\u00e7\u00e3o b\u00e1sica, vacina\u00e7\u00e3o e sa\u00fade da fam\u00edlia. Pacientes que dependem de tratamentos cont\u00ednuos \u2014 como hemodi\u00e1lise e quimioterapia \u2014 tamb\u00e9m relatam acolhimento e dedica\u00e7\u00e3o dos profissionais.<\/p>\n\n\n\n<p>Para Allan, o SUS precisa de melhorias, mas segue sendo indispens\u00e1vel:<\/p>\n\n\n\n<blockquote class=\"wp-block-quote is-layout-flow wp-block-quote-is-layout-flow\">\n<p>\u201cO SUS \u00e9 essencial. Merece mais investimentos, boa gest\u00e3o e valoriza\u00e7\u00e3o dos trabalhadores.\u201d<\/p>\n<\/blockquote>\n\n\n\n<p>Entre elogios e cr\u00edticas, uma verdade permanece: o <strong>SUS \u00e9 um patrim\u00f4nio do povo brasileiro<\/strong>, s\u00edmbolo de equidade, solidariedade e compromisso com a vida.<\/p>\n\n\n\n<p><strong><em><strong><em><strong><em><strong><em><strong><em><strong><em><strong><em><strong><em><strong><em><strong><em><strong><em><strong><em><strong><em><strong><em><strong><em><strong><em><strong><em><strong><em><strong><em><strong><em><strong><em><strong><em><strong><em><strong><em><strong><em><strong><em><strong><em><strong><em><strong><em><strong><em><strong><em><strong><em><strong><em><strong><em><strong><em><strong><em><strong><em><strong><em><strong><em><strong><em><strong><em><strong><em><strong><em><strong><em><strong><em><strong><em><strong><em><strong><em><strong><em><strong><em><strong><em><strong><em><strong><em><strong><em><strong><em><strong><em><strong><em><strong><em><strong><em><strong><em><strong><em><strong><em><strong><em><strong><em><strong><em><strong><em><strong><em><strong><em><strong><em><strong><em><strong><em><strong><em><strong><em><strong><em><strong><em><strong><em><strong><em><strong><em><strong><em><strong><em><strong><em><strong><em><strong><em><strong><em><strong><em><strong><em><strong><em><strong><em><strong><em><strong><em><strong><em><strong><em><strong><em><strong><em><strong><em><strong><em><strong><em><strong><em><strong><em><strong><em><strong><em><strong><em><strong><em><strong><em><strong><em><strong><em><strong><em><strong><em><strong><em><strong><em><strong><em><strong><em><strong><em><strong><em><strong><em><strong><em><strong><em><strong><em><strong><em><strong><em><strong><em><strong><em><strong><em><strong><em><strong><em><strong><em><strong><em><strong><em><strong><em><strong><em><strong><em><strong><em><strong><em><strong><em><strong><em><strong><em><strong><em><strong><em><strong><em><strong><em><strong><em><strong><em><strong><em><strong><em><strong><em><strong><em><strong><em><strong><em><strong><em><strong><em><strong><em><strong><em><strong><em><strong><em><strong><em><strong><em><strong><em><strong><em><strong><em><strong><em><strong><em><strong><em><strong><em><strong><em><strong><em><strong><em><strong><em><strong><em><strong><em><strong><em><strong><em><strong><em><strong><em><strong><em><strong><em><strong><em><strong><em><strong><em><strong><em><strong><em><strong><em><strong><em><strong><em><strong><em><strong><em><strong><em><strong><em><strong><em><strong><em><strong><em><strong><em><strong><em><strong><em><strong><em><strong><em><strong><em><strong><em><strong><em><strong><em><strong><em><strong><em><strong><em><strong><em><strong><em><strong><em><strong><em><strong><em><strong><em><strong><em><strong><em><strong><em><strong><em><strong><em><strong><em><strong><em><strong><em><strong><em><strong><em><strong><em><strong><em><strong><em><strong><em><strong><em><strong><em><strong><em><strong><em><strong><em><strong><em><strong><em><strong><em><strong><em><strong><em><strong><em><strong><em><strong><em><strong><em><strong><em><strong><em><strong><em><strong><em><strong><em><strong><em><strong><em><strong><em><strong><em><strong><em><strong><em><strong><em><strong><em><strong><em><strong>Siga nossas redes sociais e\u00a0participe da nossa comunidade do Canal de noticias do Roni Paparazzi no Whatsapp e receba as principais not\u00edcias da regi\u00e3o de Ara\u00e7atuba do dia direto no seu celular siga nosso \u00a0<a href=\"https:\/\/www.instagram.com\/ronipaparazzi\/\">Instagram e\u00a0<\/a><a href=\"https:\/\/www.facebook.com\/ronipaparazzicomvoce\">Facebook<\/a><a href=\"https:\/\/chat.whatsapp.com\/GsG1XKo0jPOEfjzudWQcml\" target=\"_blank\" rel=\"noreferrer noopener\">\u00a0Clique aqui e se inscreva.<\/a><\/strong><\/em><\/strong><\/em><\/strong><\/em><\/strong><\/em><\/strong><\/em><\/strong><\/em><\/strong><\/em><\/strong><\/em><\/strong><\/em><\/strong><\/em><\/strong><\/em><\/strong><\/em><\/strong><\/em><\/strong><\/em><\/strong><\/em><\/strong><\/em><\/strong><\/em><\/strong><\/em><\/strong><\/em><\/strong><\/em><\/strong><\/em><\/strong><\/em><\/strong><\/em><\/strong><\/em><\/strong><\/em><\/strong><\/em><\/strong><\/em><\/strong><\/em><\/strong><\/em><\/strong><\/em><\/strong><\/em><\/strong><\/em><\/strong><\/em><\/strong><\/em><\/strong><\/em><\/strong><\/em><\/strong><\/em><\/strong><\/em><\/strong><\/em><\/strong><\/em><\/strong><\/em><\/strong><\/em><\/strong><\/em><\/strong><\/em><\/strong><\/em><\/strong><\/em><\/strong><\/em><\/strong><\/em><\/strong><\/em><\/strong><\/em><\/strong><\/em><\/strong><\/em><\/strong><\/em><\/strong><\/em><\/strong><\/em><\/strong><\/em><\/strong><\/em><\/strong><\/em><\/strong><\/em><\/strong><\/em><\/strong><\/em><\/strong><\/em><\/strong><\/em><\/strong><\/em><\/strong><\/em><\/strong><\/em><\/strong><\/em><\/strong><\/em><\/strong><\/em><\/strong><\/em><\/strong><\/em><\/strong><\/em><\/strong><\/em><\/strong><\/em><\/strong><\/em><\/strong><\/em><\/strong><\/em><\/strong><\/em><\/strong><\/em><\/strong><\/em><\/strong><\/em><\/strong><\/em><\/strong><\/em><\/strong><\/em><\/strong><\/em><\/strong><\/em><\/strong><\/em><\/strong><\/em><\/strong><\/em><\/strong><\/em><\/strong><\/em><\/strong><\/em><\/strong><\/em><\/strong><\/em><\/strong><\/em><\/strong><\/em><\/strong><\/em><\/strong><\/em><\/strong><\/em><\/strong><\/em><\/strong><\/em><\/strong><\/em><\/strong><\/em><\/strong><\/em><\/strong><\/em><\/strong><\/em><\/strong><\/em><\/strong><\/em><\/strong><\/em><\/strong><\/em><\/strong><\/em><\/strong><\/em><\/strong><\/em><\/strong><\/em><\/strong><\/em><\/strong><\/em><\/strong><\/em><\/strong><\/em><\/strong><\/em><\/strong><\/em><\/strong><\/em><\/strong><\/em><\/strong><\/em><\/strong><\/em><\/strong><\/em><\/strong><\/em><\/strong><\/em><\/strong><\/em><\/strong><\/em><\/strong><\/em><\/strong><\/em><\/strong><\/em><\/strong><\/em><\/strong><\/em><\/strong><\/em><\/strong><\/em><\/strong><\/em><\/strong><\/em><\/strong><\/em><\/strong><\/em><\/strong><\/em><\/strong><\/em><\/strong><\/em><\/strong><\/em><\/strong><\/em><\/strong><\/em><\/strong><\/em><\/strong><\/em><\/strong><\/em><\/strong><\/em><\/strong><\/em><\/strong><\/em><\/strong><\/em><\/strong><\/em><\/strong><\/em><\/strong><\/em><\/strong><\/em><\/strong><\/em><\/strong><\/em><\/strong><\/em><\/strong><\/em><\/strong><\/em><\/strong><\/em><\/strong><\/em><\/strong><\/em><\/strong><\/em><\/strong><\/em><\/strong><\/em><\/strong><\/em><\/strong><\/em><\/strong><\/em><\/strong><\/em><\/strong><\/em><\/strong><\/em><\/strong><\/em><\/strong><\/em><\/strong><\/em><\/strong><\/em><\/strong><\/em><\/strong><\/em><\/strong><\/em><\/strong><\/em><\/strong><\/em><\/strong><\/em><\/strong><\/em><\/strong><\/em><\/strong><\/em><\/strong><\/em><\/strong><\/em><\/strong><\/em><\/strong><\/em><\/strong><\/em><\/strong><\/em><\/strong><\/em><\/strong><\/em><\/strong><\/em><\/strong><\/em><\/strong><\/em><\/strong><\/em><\/strong><\/em><\/strong><\/em><\/strong><\/em><\/strong><\/em><\/strong><\/em><\/strong><\/em><\/strong><\/em><\/strong><\/em><\/strong><\/em><\/strong><\/em><\/strong><\/em><\/strong><\/em><\/strong><\/em><\/strong><\/em><\/strong><\/em><\/strong><\/em><\/strong><\/em><\/strong><\/em><\/strong><\/em><\/strong><\/em><\/strong><\/em><\/strong><\/em><\/strong><\/em><\/strong><\/em><\/strong><\/em><\/strong><\/em><\/strong><\/em><\/strong><\/em><\/strong><\/em><\/strong><\/em><\/strong><\/em><\/strong><\/em><\/strong><\/em><\/strong><\/em><\/strong><\/em><\/strong><\/em><\/strong><\/em><\/strong><\/em><\/strong><\/em><\/strong><\/em><\/strong><\/em><\/strong><\/em><\/strong><\/em><\/strong><\/em><\/strong><\/em><\/strong><\/em><\/strong><\/em><\/strong><\/em><\/strong><\/em><\/strong><\/em><\/strong><\/em><\/strong><\/p>\n","protected":false},"excerpt":{"rendered":"<p>DE CASTILHO (SP) POR RONI PAPARAZZI\u00a0\u2013\u00a0Alvo constante de cr\u00edticas, desconfian\u00e7as e compara\u00e7\u00f5es, o Sistema \u00danico de Sa\u00fade (SUS) segue sendo defendido com firmeza por especialistas, profissionais e milh\u00f5es de usu\u00e1rios que reconhecem nele uma das maiores conquistas sociais da hist\u00f3ria do Brasil. Criado pela Constitui\u00e7\u00e3o de 1988, o SUS garante atendimento universal, integral e gratuito, &hellip;<\/p>\n","protected":false},"author":1,"featured_media":20252,"comment_status":"open","ping_status":"open","sticky":false,"template":"","format":"standard","meta":{"_jetpack_memberships_contains_paid_content":false,"footnotes":"","jetpack_publicize_message":"","jetpack_publicize_feature_enabled":true,"jetpack_social_post_already_shared":true,"jetpack_social_options":{"image_generator_settings":{"template":"highway","default_image_id":0,"enabled":false},"version":2}},"categories":[11],"tags":[],"class_list":["post-20251","post","type-post","status-publish","format-standard","has-post-thumbnail","hentry","category-historias-da-nossa-gente"],"jetpack_publicize_connections":[],"jetpack_featured_media_url":"https:\/\/i0.wp.com\/www.paparazzinews.com.br\/wp-content\/uploads\/2025\/11\/581926454_1122231450083973_4598589684116617989_n.jpg?fit=1280%2C852&ssl=1","views":"1029","jetpack_likes_enabled":true,"jetpack_sharing_enabled":true,"_links":{"self":[{"href":"https:\/\/www.paparazzinews.com.br\/index.php?rest_route=\/wp\/v2\/posts\/20251","targetHints":{"allow":["GET"]}}],"collection":[{"href":"https:\/\/www.paparazzinews.com.br\/index.php?rest_route=\/wp\/v2\/posts"}],"about":[{"href":"https:\/\/www.paparazzinews.com.br\/index.php?rest_route=\/wp\/v2\/types\/post"}],"author":[{"embeddable":true,"href":"https:\/\/www.paparazzinews.com.br\/index.php?rest_route=\/wp\/v2\/users\/1"}],"replies":[{"embeddable":true,"href":"https:\/\/www.paparazzinews.com.br\/index.php?rest_route=%2Fwp%2Fv2%2Fcomments&post=20251"}],"version-history":[{"count":1,"href":"https:\/\/www.paparazzinews.com.br\/index.php?rest_route=\/wp\/v2\/posts\/20251\/revisions"}],"predecessor-version":[{"id":20253,"href":"https:\/\/www.paparazzinews.com.br\/index.php?rest_route=\/wp\/v2\/posts\/20251\/revisions\/20253"}],"wp:featuredmedia":[{"embeddable":true,"href":"https:\/\/www.paparazzinews.com.br\/index.php?rest_route=\/wp\/v2\/media\/20252"}],"wp:attachment":[{"href":"https:\/\/www.paparazzinews.com.br\/index.php?rest_route=%2Fwp%2Fv2%2Fmedia&parent=20251"}],"wp:term":[{"taxonomy":"category","embeddable":true,"href":"https:\/\/www.paparazzinews.com.br\/index.php?rest_route=%2Fwp%2Fv2%2Fcategories&post=20251"},{"taxonomy":"post_tag","embeddable":true,"href":"https:\/\/www.paparazzinews.com.br\/index.php?rest_route=%2Fwp%2Fv2%2Ftags&post=20251"}],"curies":[{"name":"wp","href":"https:\/\/api.w.org\/{rel}","templated":true}]}}