{"id":20238,"date":"2025-11-14T16:43:34","date_gmt":"2025-11-14T19:43:34","guid":{"rendered":"https:\/\/www.paparazzinews.com.br\/?p=20238"},"modified":"2025-11-14T16:43:38","modified_gmt":"2025-11-14T19:43:38","slug":"aracatuba-recebe-o-festival-com-diante-do-trono-e-nivea-soares","status":"publish","type":"post","link":"https:\/\/www.paparazzinews.com.br\/?p=20238","title":{"rendered":"Ara\u00e7atuba recebe o F\u00c9stival com Diante do Trono e N\u00edvea Soares"},"content":{"rendered":"\n<p><strong>DE CASTILHO (SP) POR RONI PAPARAZZI\u00a0\u2013<\/strong> Ara\u00e7atuba sediar\u00e1, no dia <strong>6 de dezembro<\/strong>, a edi\u00e7\u00e3o do <strong>F\u00c9stival<\/strong>, projeto do Governo do Estado de S\u00e3o Paulo voltado \u00e0 valoriza\u00e7\u00e3o das express\u00f5es culturais crist\u00e3s. Pela primeira vez no munic\u00edpio, o evento reunir\u00e1 grandes nomes da m\u00fasica gospel nacional, como <strong>Diante do Trono<\/strong> e <strong>N\u00edvea Soares<\/strong>, al\u00e9m de artistas locais: <strong>AC Music<\/strong> (Igreja Amor e Cuidado) e <strong>O Som da Casa<\/strong> (Comunidade Casa do Pai).<\/p>\n\n\n\n<p>Com <strong>entrada gratuita<\/strong>, o F\u00c9stival acontecer\u00e1 no <strong>Recinto de Exposi\u00e7\u00f5es Clibas de Almeida Prado<\/strong>, compondo a programa\u00e7\u00e3o oficial dos <strong>117 anos de Ara\u00e7atuba<\/strong>. A estrutura contar\u00e1 com pra\u00e7a de alimenta\u00e7\u00e3o operada por institui\u00e7\u00f5es sociais por meio do Fundo Social de Solidariedade, feira de artesanato, recrea\u00e7\u00e3o infantil e um espa\u00e7o de <strong>Viv\u00eancia Crist\u00e3<\/strong>, proposta que incentiva a intera\u00e7\u00e3o e espiritualidade do p\u00fablico.<\/p>\n\n\n\n<p>O evento \u00e9 promovido pela <strong>Secretaria de Cultura, Economia e Ind\u00fastria Criativas do Estado de S\u00e3o Paulo<\/strong>, em correaliza\u00e7\u00e3o com a <strong>Secretaria Municipal de Cultura<\/strong>, e produ\u00e7\u00e3o da <strong>Associa\u00e7\u00e3o Paulista dos Amigos da Arte (APAA)<\/strong>.<\/p>\n\n\n\n<h3 class=\"wp-block-heading\">\ud83c\udfb6 <strong>Atra\u00e7\u00f5es nacionais<\/strong><\/h3>\n\n\n\n<p>Entre os destaques, o <strong>Diante do Trono<\/strong> celebra mais de 25 anos de carreira, sendo um dos nomes mais influentes da m\u00fasica crist\u00e3 brasileira. Com mais de <strong>50 CDs lan\u00e7ados<\/strong> \u2014 incluindo 11 infantis \u2014 o grupo mant\u00e9m agenda ativa pelo pa\u00eds, disseminando mensagens de f\u00e9 e esperan\u00e7a.<\/p>\n\n\n\n<p>Outra atra\u00e7\u00e3o aguardada \u00e9 <strong>N\u00edvea Soares<\/strong>, cantora e compositora reconhecida internacionalmente. Em carreira solo desde 2003, possui nove CDs, cinco DVDs e \u00e9 autora do livro <em>\u201cOs Improv\u00e1veis de Deus\u201d<\/em>, obra que lhe rendeu o t\u00edtulo de <strong>Grande Embaixadora da Associa\u00e7\u00e3o de Leitura do Brasil (ABL)<\/strong>, em 2017.<\/p>\n\n\n\n<h3 class=\"wp-block-heading\">\ud83c\udfb5 <strong>Talentos da terra<\/strong><\/h3>\n\n\n\n<p>A noite tamb\u00e9m contar\u00e1 com artistas locais que representam o fortalecimento do cen\u00e1rio gospel regional. A banda <strong>AC Music<\/strong> leva ao palco composi\u00e7\u00f5es autorais marcadas por temas de honra, gratid\u00e3o e f\u00e9. J\u00e1 o minist\u00e9rio <strong>O Som da Casa<\/strong>, da Comunidade Casa do Pai, refor\u00e7a sua identidade musical influente na regi\u00e3o.<\/p>\n\n\n\n<h3 class=\"wp-block-heading\">\ud83d\ude4c <strong>Manifesta\u00e7\u00e3o cultural reconhecida<\/strong><\/h3>\n\n\n\n<p>A secret\u00e1ria municipal de Cultura, <strong>Vanessa Manarelli<\/strong>, destacou que as express\u00f5es crist\u00e3s s\u00e3o oficialmente reconhecidas como manifesta\u00e7\u00e3o cultural nacional, conforme a <strong>Lei Federal 14.969<\/strong>, sancionada em setembro de 2024.<\/p>\n\n\n\n<blockquote class=\"wp-block-quote is-layout-flow wp-block-quote-is-layout-flow\">\n<p>\u201cCada vez mais Ara\u00e7atuba demonstra protagonismo no cen\u00e1rio cultural do Estado. Receber o F\u00c9stival pela primeira vez \u00e9 motivo de alegria. Ser\u00e1 um lindo evento que reunir\u00e1 centenas de pessoas em torno da f\u00e9\u201d, afirmou.<\/p>\n<\/blockquote>\n\n\n\n<p>Lan\u00e7ado em 2023, no Memorial da Am\u00e9rica Latina, o F\u00c9stival j\u00e1 passou por diversas cidades do Interior Paulista \u2014 entre elas Santa B\u00e1rbara d\u2019Oeste, Tamba\u00fa e Sorocaba \u2014 levando ao p\u00fablico grandes shows da m\u00fasica crist\u00e3 contempor\u00e2nea.<\/p>\n\n\n\n<p><strong><em><strong><em><strong><em><strong><em><strong><em><strong><em><strong><em><strong><em><strong><em><strong><em><strong><em><strong><em><strong><em><strong><em><strong><em><strong><em><strong><em><strong><em><strong><em><strong><em><strong><em><strong><em><strong><em><strong><em><strong><em><strong><em><strong><em><strong><em><strong><em><strong><em><strong><em><strong><em><strong><em><strong><em><strong><em><strong><em><strong><em><strong><em><strong><em><strong><em><strong><em><strong><em><strong><em><strong><em><strong><em><strong><em><strong><em><strong><em><strong><em><strong><em><strong><em><strong><em><strong><em><strong><em><strong><em><strong><em><strong><em><strong><em><strong><em><strong><em><strong><em><strong><em><strong><em><strong><em><strong><em><strong><em><strong><em><strong><em><strong><em><strong><em><strong><em><strong><em><strong><em><strong><em><strong><em><strong><em><strong><em><strong><em><strong><em><strong><em><strong><em><strong><em><strong><em><strong><em><strong><em><strong><em><strong><em><strong><em><strong><em><strong><em><strong><em><strong><em><strong><em><strong><em><strong><em><strong><em><strong><em><strong><em><strong><em><strong><em><strong><em><strong><em><strong><em><strong><em><strong><em><strong><em><strong><em><strong><em><strong><em><strong><em><strong><em><strong><em><strong><em><strong><em><strong><em><strong><em><strong><em><strong><em><strong><em><strong><em><strong><em><strong><em><strong><em><strong><em><strong><em><strong><em><strong><em><strong><em><strong><em><strong><em><strong><em><strong><em><strong><em><strong><em><strong><em><strong><em><strong><em><strong><em><strong><em><strong><em><strong><em><strong><em><strong><em><strong><em><strong><em><strong><em><strong><em><strong><em><strong><em><strong><em><strong><em><strong><em><strong><em><strong><em><strong><em><strong><em><strong><em><strong><em><strong><em><strong><em><strong><em><strong><em><strong><em><strong><em><strong><em><strong><em><strong><em><strong><em><strong><em><strong><em><strong><em><strong><em><strong><em><strong><em><strong><em><strong><em><strong><em><strong><em><strong><em><strong><em><strong><em><strong><em><strong><em><strong><em><strong><em><strong><em><strong><em><strong><em><strong><em><strong><em><strong><em><strong><em><strong><em><strong><em><strong><em><strong><em><strong><em><strong><em><strong><em><strong><em><strong><em><strong><em><strong><em><strong><em><strong><em><strong><em><strong><em><strong><em><strong><em><strong><em><strong><em><strong><em><strong><em><strong><em><strong><em><strong><em><strong><em><strong><em><strong><em><strong><em><strong><em><strong><em><strong><em><strong><em><strong><em><strong><em><strong><em><strong><em><strong><em><strong><em><strong><em><strong><em><strong><em><strong><em><strong><em><strong><em><strong><em><strong><em><strong><em><strong><em><strong><em><strong><em><strong><em><strong><em><strong><em><strong><em><strong><em><strong><em><strong><em><strong><em><strong>Siga nossas redes sociais e\u00a0participe da nossa comunidade do Canal de noticias do Roni Paparazzi no Whatsapp e receba as principais not\u00edcias da regi\u00e3o de Ara\u00e7atuba do dia direto no seu celular siga nosso \u00a0<a href=\"https:\/\/www.instagram.com\/ronipaparazzi\/\">Instagram e\u00a0<\/a><a href=\"https:\/\/www.facebook.com\/ronipaparazzicomvoce\">Facebook<\/a><a href=\"https:\/\/chat.whatsapp.com\/GsG1XKo0jPOEfjzudWQcml\" target=\"_blank\" rel=\"noreferrer noopener\">\u00a0Clique aqui e se inscreva.<\/a><\/strong><\/em><\/strong><\/em><\/strong><\/em><\/strong><\/em><\/strong><\/em><\/strong><\/em><\/strong><\/em><\/strong><\/em><\/strong><\/em><\/strong><\/em><\/strong><\/em><\/strong><\/em><\/strong><\/em><\/strong><\/em><\/strong><\/em><\/strong><\/em><\/strong><\/em><\/strong><\/em><\/strong><\/em><\/strong><\/em><\/strong><\/em><\/strong><\/em><\/strong><\/em><\/strong><\/em><\/strong><\/em><\/strong><\/em><\/strong><\/em><\/strong><\/em><\/strong><\/em><\/strong><\/em><\/strong><\/em><\/strong><\/em><\/strong><\/em><\/strong><\/em><\/strong><\/em><\/strong><\/em><\/strong><\/em><\/strong><\/em><\/strong><\/em><\/strong><\/em><\/strong><\/em><\/strong><\/em><\/strong><\/em><\/strong><\/em><\/strong><\/em><\/strong><\/em><\/strong><\/em><\/strong><\/em><\/strong><\/em><\/strong><\/em><\/strong><\/em><\/strong><\/em><\/strong><\/em><\/strong><\/em><\/strong><\/em><\/strong><\/em><\/strong><\/em><\/strong><\/em><\/strong><\/em><\/strong><\/em><\/strong><\/em><\/strong><\/em><\/strong><\/em><\/strong><\/em><\/strong><\/em><\/strong><\/em><\/strong><\/em><\/strong><\/em><\/strong><\/em><\/strong><\/em><\/strong><\/em><\/strong><\/em><\/strong><\/em><\/strong><\/em><\/strong><\/em><\/strong><\/em><\/strong><\/em><\/strong><\/em><\/strong><\/em><\/strong><\/em><\/strong><\/em><\/strong><\/em><\/strong><\/em><\/strong><\/em><\/strong><\/em><\/strong><\/em><\/strong><\/em><\/strong><\/em><\/strong><\/em><\/strong><\/em><\/strong><\/em><\/strong><\/em><\/strong><\/em><\/strong><\/em><\/strong><\/em><\/strong><\/em><\/strong><\/em><\/strong><\/em><\/strong><\/em><\/strong><\/em><\/strong><\/em><\/strong><\/em><\/strong><\/em><\/strong><\/em><\/strong><\/em><\/strong><\/em><\/strong><\/em><\/strong><\/em><\/strong><\/em><\/strong><\/em><\/strong><\/em><\/strong><\/em><\/strong><\/em><\/strong><\/em><\/strong><\/em><\/strong><\/em><\/strong><\/em><\/strong><\/em><\/strong><\/em><\/strong><\/em><\/strong><\/em><\/strong><\/em><\/strong><\/em><\/strong><\/em><\/strong><\/em><\/strong><\/em><\/strong><\/em><\/strong><\/em><\/strong><\/em><\/strong><\/em><\/strong><\/em><\/strong><\/em><\/strong><\/em><\/strong><\/em><\/strong><\/em><\/strong><\/em><\/strong><\/em><\/strong><\/em><\/strong><\/em><\/strong><\/em><\/strong><\/em><\/strong><\/em><\/strong><\/em><\/strong><\/em><\/strong><\/em><\/strong><\/em><\/strong><\/em><\/strong><\/em><\/strong><\/em><\/strong><\/em><\/strong><\/em><\/strong><\/em><\/strong><\/em><\/strong><\/em><\/strong><\/em><\/strong><\/em><\/strong><\/em><\/strong><\/em><\/strong><\/em><\/strong><\/em><\/strong><\/em><\/strong><\/em><\/strong><\/em><\/strong><\/em><\/strong><\/em><\/strong><\/em><\/strong><\/em><\/strong><\/em><\/strong><\/em><\/strong><\/em><\/strong><\/em><\/strong><\/em><\/strong><\/em><\/strong><\/em><\/strong><\/em><\/strong><\/em><\/strong><\/em><\/strong><\/em><\/strong><\/em><\/strong><\/em><\/strong><\/em><\/strong><\/em><\/strong><\/em><\/strong><\/em><\/strong><\/em><\/strong><\/em><\/strong><\/em><\/strong><\/em><\/strong><\/em><\/strong><\/em><\/strong><\/em><\/strong><\/em><\/strong><\/em><\/strong><\/em><\/strong><\/em><\/strong><\/em><\/strong><\/em><\/strong><\/em><\/strong><\/em><\/strong><\/em><\/strong><\/em><\/strong><\/em><\/strong><\/em><\/strong><\/em><\/strong><\/em><\/strong><\/em><\/strong><\/em><\/strong><\/em><\/strong><\/em><\/strong><\/em><\/strong><\/em><\/strong><\/em><\/strong><\/em><\/strong><\/em><\/strong><\/em><\/strong><\/em><\/strong><\/em><\/strong><\/em><\/strong><\/em><\/strong><\/em><\/strong><\/em><\/strong><\/em><\/strong><\/em><\/strong><\/em><\/strong><\/em><\/strong><\/em><\/strong><\/em><\/strong><\/em><\/strong><\/em><\/strong><\/em><\/strong><\/em><\/strong><\/em><\/strong><\/em><\/strong><\/em><\/strong><\/em><\/strong><\/em><\/strong><\/em><\/strong><\/em><\/strong><\/em><\/strong><\/em><\/strong><\/em><\/strong><\/em><\/strong><\/em><\/strong><\/em><\/strong><\/em><\/strong><\/em><\/strong><\/em><\/strong><\/em><\/strong><\/em><\/strong><\/em><\/strong><\/p>\n","protected":false},"excerpt":{"rendered":"<p>DE CASTILHO (SP) POR RONI PAPARAZZI\u00a0\u2013 Ara\u00e7atuba sediar\u00e1, no dia 6 de dezembro, a edi\u00e7\u00e3o do F\u00c9stival, projeto do Governo do Estado de S\u00e3o Paulo voltado \u00e0 valoriza\u00e7\u00e3o das express\u00f5es culturais crist\u00e3s. Pela primeira vez no munic\u00edpio, o evento reunir\u00e1 grandes nomes da m\u00fasica gospel nacional, como Diante do Trono e N\u00edvea Soares, al\u00e9m de &hellip;<\/p>\n","protected":false},"author":1,"featured_media":20240,"comment_status":"open","ping_status":"open","sticky":false,"template":"","format":"standard","meta":{"_jetpack_memberships_contains_paid_content":false,"footnotes":"","jetpack_publicize_message":"","jetpack_publicize_feature_enabled":true,"jetpack_social_post_already_shared":true,"jetpack_social_options":{"image_generator_settings":{"template":"highway","default_image_id":0,"enabled":false},"version":2}},"categories":[6],"tags":[],"class_list":["post-20238","post","type-post","status-publish","format-standard","has-post-thumbnail","hentry","category-entretenimento"],"jetpack_publicize_connections":[],"jetpack_featured_media_url":"https:\/\/i0.wp.com\/www.paparazzinews.com.br\/wp-content\/uploads\/2025\/11\/f0ddac04-108b-4483-ad57-29e2ec40dae2-e1763149398467.jpg?fit=1000%2C653&ssl=1","views":"804","jetpack_likes_enabled":true,"jetpack_sharing_enabled":true,"_links":{"self":[{"href":"https:\/\/www.paparazzinews.com.br\/index.php?rest_route=\/wp\/v2\/posts\/20238","targetHints":{"allow":["GET"]}}],"collection":[{"href":"https:\/\/www.paparazzinews.com.br\/index.php?rest_route=\/wp\/v2\/posts"}],"about":[{"href":"https:\/\/www.paparazzinews.com.br\/index.php?rest_route=\/wp\/v2\/types\/post"}],"author":[{"embeddable":true,"href":"https:\/\/www.paparazzinews.com.br\/index.php?rest_route=\/wp\/v2\/users\/1"}],"replies":[{"embeddable":true,"href":"https:\/\/www.paparazzinews.com.br\/index.php?rest_route=%2Fwp%2Fv2%2Fcomments&post=20238"}],"version-history":[{"count":1,"href":"https:\/\/www.paparazzinews.com.br\/index.php?rest_route=\/wp\/v2\/posts\/20238\/revisions"}],"predecessor-version":[{"id":20241,"href":"https:\/\/www.paparazzinews.com.br\/index.php?rest_route=\/wp\/v2\/posts\/20238\/revisions\/20241"}],"wp:featuredmedia":[{"embeddable":true,"href":"https:\/\/www.paparazzinews.com.br\/index.php?rest_route=\/wp\/v2\/media\/20240"}],"wp:attachment":[{"href":"https:\/\/www.paparazzinews.com.br\/index.php?rest_route=%2Fwp%2Fv2%2Fmedia&parent=20238"}],"wp:term":[{"taxonomy":"category","embeddable":true,"href":"https:\/\/www.paparazzinews.com.br\/index.php?rest_route=%2Fwp%2Fv2%2Fcategories&post=20238"},{"taxonomy":"post_tag","embeddable":true,"href":"https:\/\/www.paparazzinews.com.br\/index.php?rest_route=%2Fwp%2Fv2%2Ftags&post=20238"}],"curies":[{"name":"wp","href":"https:\/\/api.w.org\/{rel}","templated":true}]}}