{"id":2019,"date":"2023-02-17T19:34:32","date_gmt":"2023-02-17T22:34:32","guid":{"rendered":"https:\/\/www.paparazzinews.com.br\/?p=2019"},"modified":"2023-02-17T19:34:33","modified_gmt":"2023-02-17T22:34:33","slug":"presos-da-regiao-conquistam-medalhas-na-olimpiada-de-matematica","status":"publish","type":"post","link":"https:\/\/www.paparazzinews.com.br\/?p=2019","title":{"rendered":"Presos da regi\u00e3o conquistam medalhas na Olimp\u00edada de Matem\u00e1tica"},"content":{"rendered":"\n<p>J\u00e1 est\u00e3o abertas as inscri\u00e7\u00f5es para a 18\u00aa edi\u00e7\u00e3o&nbsp;da Olimp\u00edada Brasileira de Matem\u00e1tica das Escolas P\u00fablicas (Obmep) de 2023, cuja primeira fase ocorrer\u00e1 em 30 de maio. H\u00e1 poucos dias, no entanto, sa\u00edram os resultados da prova do ano passado revelando que, das tr\u00eas medalhas de bronze conquistadas por reeducandos do sistema prisional do Estado, duas foram para presos da regi\u00e3o de Ara\u00e7atuba: uma para a Penitenci\u00e1ria de Valpara\u00edso e outra para o Centro de Ressocializa\u00e7\u00e3o de Birigui. A regi\u00e3o tamb\u00e9m foi contemplada com uma Men\u00e7\u00e3o Honrosa destinada a um sentenciado da Penitenci\u00e1ria \u201cASP. Paulo Guimar\u00e3es\u201d de Lav\u00ednia III.&nbsp;&nbsp;<\/p>\n\n\n\n<p>\u201cSensa\u00e7\u00e3o incr\u00edvel. Mesmo privado de liberdade, tenho minhas qualidades e objetivos que \u00e9 terminar meus estudos e fazer uma faculdade, de prefer\u00eancia Engenharia\u201d, afirmou Camilo Faria Hornke, de 39 anos, ganhador da medalha na Penitenci\u00e1ria de Valpara\u00edso. Sentimento similar ao do reeducando Altair Pinheiro, 59 anos, do Centro de Ressocializa\u00e7\u00e3o de Birigui: \u201cCom a conquista desse degrau ol\u00edmpico, sinto-me como um menino que ganha o primeiro beijo da primeira namorada. Participei pela primeira vez e, apesar da dificuldade do exame, eu tinha plena certeza de ter me sa\u00eddo bem\u201d, pontuou.&nbsp;&nbsp;<\/p>\n\n\n\n<p>Atualmente Hornke cursa o 8\u00ba ano do Ensino Fundamental dentro do pres\u00eddio e atribui a premia\u00e7\u00e3o aos ensinamentos recebidos em sala de aula, deixando um recado para quem deseja estudar: \u201cAqueles que n\u00e3o conseguiram uma medalha continuem estudando. Aprendizado e conhecimento nunca \u00e9 demais\u201d, lembra.&nbsp;&nbsp;<\/p>\n\n\n\n<p>Para Pinheiro, que havia parado os estudos em 1978, s\u00f3 resta gratid\u00e3o e planos futuros: \u201dDevo essa conquista aos excelentes profissionais do CR de Birigui, que se esfor\u00e7aram para inscrever os alunos. Pretendo dar continuidade em meus estudos e, quem sabe, futuramente, ter na parede da minha sala de estar um diploma de bacharel\u201d, conclui.&nbsp;&nbsp;&nbsp;<\/p>\n\n\n\n<p><strong>Demais premiados&nbsp;<\/strong><\/p>\n\n\n\n<p>A terceira medalha de bronze foi para um reeducando que, \u00e0 \u00e9poca da prova, estava na&nbsp;Penitenci\u00e1ria I \u201cRodrigo dos Santos Freitas\u201d de Balbinos. Houve ainda a entrega de um total de 15 Men\u00e7\u00f5es Honrosas pelo Estado, entre elas, uma para o Centro de Ressocializa\u00e7\u00e3o \u201dASP. Gl\u00e1ucio Reinaldo Pereira\u201d de Presidente Prudente&nbsp;e outra para a Penitenci\u00e1ria de Assis.&nbsp;Houve ainda uma medalha de prata, cuja conquista ficou para um preso da&nbsp;Penitenci\u00e1ria \u201cCabo PM Marcelo Pires da Silva\u201d de Ita\u00ed, regi\u00e3o de Avar\u00e9, mesmo pres\u00eddio em que, pela primeira vez na hist\u00f3ria, um reeducando levou a medalha de ouro em 2017.&nbsp;<\/p>\n\n\n\n<p><strong>SAP&nbsp;<\/strong><\/p>\n\n\n\n<p>Com o objetivo de preparar as pessoas privadas de liberdade para o retorno \u00e0 vida em sociedade, as secretarias de estado da Administra\u00e7\u00e3o Penitenci\u00e1ria (SAP) e Educa\u00e7\u00e3o (Seduc-SP) t\u00eam estimulado, cada vez mais, reeducandos a participarem da Obmep, realizada pelo Instituto de Matem\u00e1tica Pura e Aplicada (IMPA). Ao todo, 25.811 privados de liberdade em todo o estado se inscreveram para a prova em 2022.&nbsp;&nbsp;&nbsp;<\/p>\n","protected":false},"excerpt":{"rendered":"<p>J\u00e1 est\u00e3o abertas as inscri\u00e7\u00f5es para a 18\u00aa edi\u00e7\u00e3o&nbsp;da Olimp\u00edada Brasileira de Matem\u00e1tica das Escolas P\u00fablicas (Obmep) de 2023, cuja primeira fase ocorrer\u00e1 em 30 de maio. H\u00e1 poucos dias, no entanto, sa\u00edram os resultados da prova do ano passado revelando que, das tr\u00eas medalhas de bronze conquistadas por reeducandos do sistema prisional do Estado, &hellip;<\/p>\n","protected":false},"author":1,"featured_media":2020,"comment_status":"open","ping_status":"open","sticky":false,"template":"","format":"standard","meta":{"_jetpack_memberships_contains_paid_content":false,"footnotes":"","jetpack_publicize_message":"","jetpack_publicize_feature_enabled":true,"jetpack_social_post_already_shared":false,"jetpack_social_options":{"image_generator_settings":{"template":"highway","default_image_id":0,"enabled":false},"version":2}},"categories":[4],"tags":[],"class_list":["post-2019","post","type-post","status-publish","format-standard","has-post-thumbnail","hentry","category-regiao"],"jetpack_publicize_connections":[],"jetpack_featured_media_url":"https:\/\/i0.wp.com\/www.paparazzinews.com.br\/wp-content\/uploads\/2023\/02\/As-provas-sao-aplicadas-dentro-das-unidades-prisionais-e-possuem-duas-fases-scaled-e1676673249128.jpg?fit=1000%2C750&ssl=1","views":"2411","jetpack_likes_enabled":true,"jetpack_sharing_enabled":true,"_links":{"self":[{"href":"https:\/\/www.paparazzinews.com.br\/index.php?rest_route=\/wp\/v2\/posts\/2019","targetHints":{"allow":["GET"]}}],"collection":[{"href":"https:\/\/www.paparazzinews.com.br\/index.php?rest_route=\/wp\/v2\/posts"}],"about":[{"href":"https:\/\/www.paparazzinews.com.br\/index.php?rest_route=\/wp\/v2\/types\/post"}],"author":[{"embeddable":true,"href":"https:\/\/www.paparazzinews.com.br\/index.php?rest_route=\/wp\/v2\/users\/1"}],"replies":[{"embeddable":true,"href":"https:\/\/www.paparazzinews.com.br\/index.php?rest_route=%2Fwp%2Fv2%2Fcomments&post=2019"}],"version-history":[{"count":1,"href":"https:\/\/www.paparazzinews.com.br\/index.php?rest_route=\/wp\/v2\/posts\/2019\/revisions"}],"predecessor-version":[{"id":2021,"href":"https:\/\/www.paparazzinews.com.br\/index.php?rest_route=\/wp\/v2\/posts\/2019\/revisions\/2021"}],"wp:featuredmedia":[{"embeddable":true,"href":"https:\/\/www.paparazzinews.com.br\/index.php?rest_route=\/wp\/v2\/media\/2020"}],"wp:attachment":[{"href":"https:\/\/www.paparazzinews.com.br\/index.php?rest_route=%2Fwp%2Fv2%2Fmedia&parent=2019"}],"wp:term":[{"taxonomy":"category","embeddable":true,"href":"https:\/\/www.paparazzinews.com.br\/index.php?rest_route=%2Fwp%2Fv2%2Fcategories&post=2019"},{"taxonomy":"post_tag","embeddable":true,"href":"https:\/\/www.paparazzinews.com.br\/index.php?rest_route=%2Fwp%2Fv2%2Ftags&post=2019"}],"curies":[{"name":"wp","href":"https:\/\/api.w.org\/{rel}","templated":true}]}}