{"id":20133,"date":"2025-11-06T20:56:24","date_gmt":"2025-11-06T23:56:24","guid":{"rendered":"https:\/\/www.paparazzinews.com.br\/?p=20133"},"modified":"2025-11-06T20:56:27","modified_gmt":"2025-11-06T23:56:27","slug":"disciplina-coragem-e-proposito-a-trajetoria-de-19-anos-da-cabo-que-inspira-andradina","status":"publish","type":"post","link":"https:\/\/www.paparazzinews.com.br\/?p=20133","title":{"rendered":"Disciplina, coragem e prop\u00f3sito: a trajet\u00f3ria de 19 anos da cabo que inspira Andradina"},"content":{"rendered":"\n<p><strong>DE CASTILHO (SP) POR RONI PAPARAZZI\u00a0\u2013<\/strong> Nesta quinta-feira (06), a cabo da Pol\u00edcia Militar <strong>Renata Rafael<\/strong> celebra uma marca importante: <strong>19 anos dedicados ao servi\u00e7o p\u00fablico<\/strong>, atuando com firmeza no combate ao crime e, ao mesmo tempo, conduzindo a\u00e7\u00f5es sociais que promovem acolhimento e esperan\u00e7a.<\/p>\n\n\n\n<p>Al\u00e9m de sua miss\u00e3o nas ruas, Renata tamb\u00e9m \u00e9 conhecida por liderar o <strong>Grupo das Luluzinhas<\/strong>, movimento volunt\u00e1rio que se tornou refer\u00eancia na causa do combate ao c\u00e2ncer e a\u00e7\u00f5es solid\u00e1rias em Andradina e regi\u00e3o.<\/p>\n\n\n\n<p>A seguir, a cabo Renata fala com exclusividade ao Roni Paparazzi sobre sua trajet\u00f3ria, seus desafios, sua miss\u00e3o e o impacto do trabalho social que construiu ao longo dos anos.<\/p>\n\n\n\n<hr class=\"wp-block-separator has-alpha-channel-opacity\"\/>\n\n\n\n<h3 class=\"wp-block-heading\"><strong>ENTREVISTA<\/strong><\/h3>\n\n\n\n<p><strong>1. Cabo Renata, completar 19 anos de Pol\u00edcia Militar \u00e9 uma marca importante. O que passa pela sua mente quando voc\u00ea olha para toda essa trajet\u00f3ria?<\/strong><br>\u00c9 um sentimento de gratid\u00e3o e orgulho. Foram 19 anos de muitas lutas, aprendizados e supera\u00e7\u00f5es. Olho para tr\u00e1s e vejo quantas pessoas j\u00e1 pude ajudar, quantas hist\u00f3rias vividas, e percebo que cada desafio me tornou mais forte. Servir \u00e0 sociedade \u00e9 uma miss\u00e3o que exige amor e prop\u00f3sito, e isso me motiva at\u00e9 hoje.<\/p>\n\n\n\n<p><strong>2. Como foi o seu ingresso na PM? Quais lembran\u00e7as desse in\u00edcio de carreira ainda te acompanham?<\/strong><br>Meu ingresso na PM foi um sonho realizado. Lembro da emo\u00e7\u00e3o de vestir a farda pela primeira vez. Quem mais me motivou foi minha m\u00e3e e minhas g\u00eameas, que na \u00e9poca tinham apenas quatro anos. Eu sempre quis que elas olhassem para mim e sentissem orgulho da m\u00e3e que t\u00eam.<\/p>\n\n\n<div class=\"wp-block-image\">\n<figure class=\"aligncenter size-full\"><img data-recalc-dims=\"1\" loading=\"lazy\" decoding=\"async\" width=\"378\" height=\"614\" src=\"https:\/\/i0.wp.com\/www.paparazzinews.com.br\/wp-content\/uploads\/2025\/11\/image.png?resize=378%2C614&#038;ssl=1\" alt=\"\" class=\"wp-image-20135\" srcset=\"https:\/\/i0.wp.com\/www.paparazzinews.com.br\/wp-content\/uploads\/2025\/11\/image.png?w=378&amp;ssl=1 378w, https:\/\/i0.wp.com\/www.paparazzinews.com.br\/wp-content\/uploads\/2025\/11\/image.png?resize=185%2C300&amp;ssl=1 185w\" sizes=\"auto, (max-width: 378px) 100vw, 378px\" \/><\/figure>\n<\/div>\n\n\n<p><strong>3. Ao longo desses anos, qual foi o momento mais desafiador que voc\u00ea enfrentou na linha de frente da seguran\u00e7a p\u00fablica?<\/strong><br>O lado mais desafiador \u00e9 lidar com o sofrimento das pessoas. Em muitas ocorr\u00eancias vemos dor, desespero, medo\u2026 e precisamos manter equil\u00edbrio para ajudar. Nem sempre \u00e9 f\u00e1cil, mas \u00e9 exatamente nesses momentos que entendemos a grandeza da miss\u00e3o da Pol\u00edcia Militar.<\/p>\n\n\n\n<p><strong>4. E qual foi o momento mais marcante, aquele que voc\u00ea guarda como s\u00edmbolo de orgulho pela farda que veste?<\/strong><br>Momentos em que conseguimos salvar vidas ou proteger fam\u00edlias sempre ficam marcados. A sensa\u00e7\u00e3o de ter feito a diferen\u00e7a na vida de algu\u00e9m \u00e9 algo que carrego comigo. \u00c9 algo que d\u00e1 sentido \u00e0 farda.<\/p>\n\n\n\n<p><strong>5. Paralelamente ao servi\u00e7o militar, voc\u00ea lidera o Grupo das Luluzinhas. Como surgiu essa iniciativa?<\/strong><br>O Grupo das Luluzinhas nasceu do desejo de ajudar. Come\u00e7ou com um grupo de amigas que queriam se unir em a\u00e7\u00f5es solid\u00e1rias. Aos poucos, fomos crescendo, recebendo apoio e, hoje, somos uma rede de amor que acolhe e transforma vidas.<\/p>\n\n\n\n<p><strong>6. Por que o combate ao c\u00e2ncer se tornou uma causa t\u00e3o forte para voc\u00eas?<\/strong><br>Porque o c\u00e2ncer toca muitas fam\u00edlias. Quando conhecemos hist\u00f3rias de mulheres em tratamento, percebemos que al\u00e9m do tratamento m\u00e9dico, elas precisam de carinho, for\u00e7a e esperan\u00e7a. A gente leva abra\u00e7o, palavra amiga, apoio emocional e, \u00e0s vezes, isso \u00e9 t\u00e3o importante quanto o medicamento.<\/p>\n\n\n\n<p><strong>7. Como o grupo atua na pr\u00e1tica? Quais a\u00e7\u00f5es voc\u00eas desenvolvem ao longo do ano?<\/strong><br>Realizamos campanhas de arrecada\u00e7\u00e3o, visitas, doa\u00e7\u00f5es, a\u00e7\u00f5es de preven\u00e7\u00e3o ao c\u00e2ncer, eventos de conscientiza\u00e7\u00e3o e campanhas para apoiar pacientes. Tudo \u00e9 feito com muito amor. Cada pessoa que participa coloca um pouco do cora\u00e7\u00e3o ali.<\/p>\n\n\n\n<p><strong>8. Muitas mulheres encontram for\u00e7a no grupo. Como voc\u00ea v\u00ea esse impacto emocional e comunit\u00e1rio?<\/strong><br>\u00c9 transformador. Ver uma mulher recuperar o sorriso, retomar a autoestima ou encontrar apoio em outras mulheres \u00e9 algo que n\u00e3o tem pre\u00e7o. Ali, aprendemos que ningu\u00e9m luta sozinha.<\/p>\n\n\n\n<p><strong>9. H\u00e1 alguma hist\u00f3ria dentro do grupo que te marcou?<\/strong><br>Sim, v\u00e1rias. Uma das mais marcantes \u00e9 ver mulheres que venceram o c\u00e2ncer e hoje participam das a\u00e7\u00f5es com tanta alegria. Elas inspiram, fortalecem e mostram que \u00e9 poss\u00edvel vencer. S\u00e3o exemplos de luz e resili\u00eancia.<\/p>\n\n\n\n<p><strong>10. Como voc\u00ea concilia a disciplina da farda com a sensibilidade do trabalho social?<\/strong><br>Os dois pap\u00e9is se completam. A farda me ensina disciplina e coragem. O trabalho social me ensina amor e acolhimento. No fim, ambos t\u00eam o mesmo prop\u00f3sito: cuidar de pessoas.<\/p>\n\n\n\n<p><strong>11. Qual mensagem voc\u00ea deixa \u00e0s mulheres sobre preven\u00e7\u00e3o ao c\u00e2ncer?<\/strong><br>Cuidem-se. Se amem. Fa\u00e7am os exames. Prestem aten\u00e7\u00e3o ao corpo. Preven\u00e7\u00e3o salva vidas. N\u00e3o deixem o medo falar mais alto que o cuidado.<\/p>\n\n\n\n<p><strong>12. Quem quiser participar ou apoiar o Grupo das Luluzinhas, como faz?<\/strong><br>Estamos sempre de portas abertas. Temos nossas redes sociais e estamos presentes em eventos pela cidade. Quem quiser somar \u00e9 bem-vindo. O importante \u00e9 espalhar amor.<\/p>\n\n\n\n<p><strong>E para finalizar, o que significam para voc\u00ea estes 19 anos de Pol\u00edcia Militar? O que voc\u00ea ainda deseja realizar daqui para frente, seja na corpora\u00e7\u00e3o ou nas causas sociais? <\/strong><\/p>\n\n\n\n<p>Esses 19 anos representam uma vida dedicada ao servi\u00e7o e ao amor pelo pr\u00f3ximo. Cada conquista e cada desafio me moldaram como mulher e profissional. Daqui pra frente, quero continuar servindo com o mesmo entusiasmo e ampliar ainda mais o trabalho social das Luluzinhas. Porque acredito que quando a gente planta o bem, colhe esperan\u00e7a.<\/p>\n\n\n\n<p><strong><em><strong><em><strong><em><strong><em><strong><em><strong><em><strong><em><strong><em><strong><em><strong><em><strong><em><strong><em><strong><em><strong><em><strong><em><strong><em><strong><em><strong><em><strong><em><strong><em><strong><em><strong><em><strong><em><strong><em><strong><em><strong><em><strong><em><strong><em><strong><em><strong><em><strong><em><strong><em><strong><em><strong><em><strong><em><strong><em><strong><em><strong><em><strong><em><strong><em><strong><em><strong><em><strong><em><strong><em><strong><em><strong><em><strong><em><strong><em><strong><em><strong><em><strong><em><strong><em><strong><em><strong><em><strong><em><strong><em><strong><em><strong><em><strong><em><strong><em><strong><em><strong><em><strong><em><strong><em><strong><em><strong><em><strong><em><strong><em><strong><em><strong><em><strong><em><strong><em><strong><em><strong><em><strong><em><strong><em><strong><em><strong><em><strong><em><strong><em><strong><em><strong><em><strong><em><strong><em><strong><em><strong><em><strong><em><strong><em><strong><em><strong><em><strong><em><strong><em><strong><em><strong><em><strong><em><strong><em><strong><em><strong><em><strong><em><strong><em><strong><em><strong><em><strong><em><strong><em><strong><em><strong><em><strong><em><strong><em><strong><em><strong><em><strong><em><strong><em><strong><em><strong><em><strong><em><strong><em><strong><em><strong><em><strong><em><strong><em><strong><em><strong><em><strong><em><strong><em><strong><em><strong><em><strong><em><strong><em><strong><em><strong><em><strong><em><strong><em><strong><em><strong><em><strong><em><strong><em><strong><em><strong><em><strong><em><strong><em><strong><em><strong><em><strong><em><strong><em><strong><em><strong><em><strong><em><strong><em><strong><em><strong><em><strong><em><strong><em><strong><em><strong><em><strong><em><strong><em><strong><em><strong><em><strong><em><strong><em><strong><em><strong><em><strong><em><strong><em><strong><em><strong><em><strong><em><strong><em><strong><em><strong><em><strong><em><strong><em><strong><em><strong><em><strong><em><strong><em><strong><em><strong><em><strong><em><strong><em><strong><em><strong><em><strong><em><strong><em><strong><em><strong><em><strong><em><strong><em><strong><em><strong><em><strong><em><strong><em><strong><em><strong><em><strong><em><strong><em><strong><em><strong><em><strong><em><strong><em><strong><em><strong><em><strong><em><strong><em><strong><em><strong><em><strong><em><strong><em><strong><em><strong><em><strong><em><strong><em><strong><em><strong><em><strong><em><strong><em><strong><em><strong><em><strong><em><strong><em><strong><em><strong><em><strong><em><strong><em><strong><em><strong><em><strong><em><strong><em><strong><em><strong><em><strong><em><strong><em><strong><em><strong><em><strong><em><strong><em><strong><em><strong><em><strong><em><strong><em><strong><em><strong><em><strong><em><strong><em><strong><em><strong><em><strong><em><strong><em><strong><em><strong><em><strong>Siga nossas redes sociais e&nbsp;participe da nossa comunidade do Canal de noticias do Roni Paparazzi no Whatsapp e receba as principais not\u00edcias da regi\u00e3o de Ara\u00e7atuba do dia direto no seu celular siga nosso &nbsp;<a href=\"https:\/\/www.instagram.com\/ronipaparazzi\/\">Instagram e&nbsp;<\/a><a href=\"https:\/\/www.facebook.com\/ronipaparazzicomvoce\">Facebook<\/a><a href=\"https:\/\/chat.whatsapp.com\/GsG1XKo0jPOEfjzudWQcml\" target=\"_blank\" rel=\"noreferrer noopener\">&nbsp;Clique aqui e se inscreva.<\/a><\/strong><\/em><\/strong><\/em><\/strong><\/em><\/strong><\/em><\/strong><\/em><\/strong><\/em><\/strong><\/em><\/strong><\/em><\/strong><\/em><\/strong><\/em><\/strong><\/em><\/strong><\/em><\/strong><\/em><\/strong><\/em><\/strong><\/em><\/strong><\/em><\/strong><\/em><\/strong><\/em><\/strong><\/em><\/strong><\/em><\/strong><\/em><\/strong><\/em><\/strong><\/em><\/strong><\/em><\/strong><\/em><\/strong><\/em><\/strong><\/em><\/strong><\/em><\/strong><\/em><\/strong><\/em><\/strong><\/em><\/strong><\/em><\/strong><\/em><\/strong><\/em><\/strong><\/em><\/strong><\/em><\/strong><\/em><\/strong><\/em><\/strong><\/em><\/strong><\/em><\/strong><\/em><\/strong><\/em><\/strong><\/em><\/strong><\/em><\/strong><\/em><\/strong><\/em><\/strong><\/em><\/strong><\/em><\/strong><\/em><\/strong><\/em><\/strong><\/em><\/strong><\/em><\/strong><\/em><\/strong><\/em><\/strong><\/em><\/strong><\/em><\/strong><\/em><\/strong><\/em><\/strong><\/em><\/strong><\/em><\/strong><\/em><\/strong><\/em><\/strong><\/em><\/strong><\/em><\/strong><\/em><\/strong><\/em><\/strong><\/em><\/strong><\/em><\/strong><\/em><\/strong><\/em><\/strong><\/em><\/strong><\/em><\/strong><\/em><\/strong><\/em><\/strong><\/em><\/strong><\/em><\/strong><\/em><\/strong><\/em><\/strong><\/em><\/strong><\/em><\/strong><\/em><\/strong><\/em><\/strong><\/em><\/strong><\/em><\/strong><\/em><\/strong><\/em><\/strong><\/em><\/strong><\/em><\/strong><\/em><\/strong><\/em><\/strong><\/em><\/strong><\/em><\/strong><\/em><\/strong><\/em><\/strong><\/em><\/strong><\/em><\/strong><\/em><\/strong><\/em><\/strong><\/em><\/strong><\/em><\/strong><\/em><\/strong><\/em><\/strong><\/em><\/strong><\/em><\/strong><\/em><\/strong><\/em><\/strong><\/em><\/strong><\/em><\/strong><\/em><\/strong><\/em><\/strong><\/em><\/strong><\/em><\/strong><\/em><\/strong><\/em><\/strong><\/em><\/strong><\/em><\/strong><\/em><\/strong><\/em><\/strong><\/em><\/strong><\/em><\/strong><\/em><\/strong><\/em><\/strong><\/em><\/strong><\/em><\/strong><\/em><\/strong><\/em><\/strong><\/em><\/strong><\/em><\/strong><\/em><\/strong><\/em><\/strong><\/em><\/strong><\/em><\/strong><\/em><\/strong><\/em><\/strong><\/em><\/strong><\/em><\/strong><\/em><\/strong><\/em><\/strong><\/em><\/strong><\/em><\/strong><\/em><\/strong><\/em><\/strong><\/em><\/strong><\/em><\/strong><\/em><\/strong><\/em><\/strong><\/em><\/strong><\/em><\/strong><\/em><\/strong><\/em><\/strong><\/em><\/strong><\/em><\/strong><\/em><\/strong><\/em><\/strong><\/em><\/strong><\/em><\/strong><\/em><\/strong><\/em><\/strong><\/em><\/strong><\/em><\/strong><\/em><\/strong><\/em><\/strong><\/em><\/strong><\/em><\/strong><\/em><\/strong><\/em><\/strong><\/em><\/strong><\/em><\/strong><\/em><\/strong><\/em><\/strong><\/em><\/strong><\/em><\/strong><\/em><\/strong><\/em><\/strong><\/em><\/strong><\/em><\/strong><\/em><\/strong><\/em><\/strong><\/em><\/strong><\/em><\/strong><\/em><\/strong><\/em><\/strong><\/em><\/strong><\/em><\/strong><\/em><\/strong><\/em><\/strong><\/em><\/strong><\/em><\/strong><\/em><\/strong><\/em><\/strong><\/em><\/strong><\/em><\/strong><\/em><\/strong><\/em><\/strong><\/em><\/strong><\/em><\/strong><\/em><\/strong><\/em><\/strong><\/em><\/strong><\/em><\/strong><\/em><\/strong><\/em><\/strong><\/em><\/strong><\/em><\/strong><\/em><\/strong><\/em><\/strong><\/em><\/strong><\/em><\/strong><\/em><\/strong><\/em><\/strong><\/em><\/strong><\/em><\/strong><\/em><\/strong><\/em><\/strong><\/em><\/strong><\/em><\/strong><\/em><\/strong><\/em><\/strong><\/em><\/strong><\/em><\/strong><\/em><\/strong><\/em><\/strong><\/em><\/strong><\/em><\/strong><\/em><\/strong><\/em><\/strong><\/em><\/strong><\/em><\/strong><\/em><\/strong><\/em><\/strong><\/em><\/strong><\/em><\/strong><\/em><\/strong><\/em><\/strong><\/em><\/strong><\/em><\/strong><\/em><\/strong><\/em><\/strong><\/em><\/strong><\/em><\/strong><\/em><\/strong><\/em><\/strong><\/em><\/strong><\/em><\/strong><\/em><\/strong><\/em><\/strong><\/em><\/strong><\/em><\/strong><\/em><\/strong><\/em><\/strong><\/p>\n","protected":false},"excerpt":{"rendered":"<p>DE CASTILHO (SP) POR RONI PAPARAZZI\u00a0\u2013 Nesta quinta-feira (06), a cabo da Pol\u00edcia Militar Renata Rafael celebra uma marca importante: 19 anos dedicados ao servi\u00e7o p\u00fablico, atuando com firmeza no combate ao crime e, ao mesmo tempo, conduzindo a\u00e7\u00f5es sociais que promovem acolhimento e esperan\u00e7a. Al\u00e9m de sua miss\u00e3o nas ruas, Renata tamb\u00e9m \u00e9 conhecida &hellip;<\/p>\n","protected":false},"author":1,"featured_media":20134,"comment_status":"open","ping_status":"open","sticky":false,"template":"","format":"standard","meta":{"_jetpack_memberships_contains_paid_content":false,"footnotes":"","jetpack_publicize_message":"","jetpack_publicize_feature_enabled":true,"jetpack_social_post_already_shared":true,"jetpack_social_options":{"image_generator_settings":{"template":"highway","default_image_id":0,"enabled":false},"version":2}},"categories":[11],"tags":[],"class_list":["post-20133","post","type-post","status-publish","format-standard","has-post-thumbnail","hentry","category-historias-da-nossa-gente"],"jetpack_publicize_connections":[],"jetpack_featured_media_url":"https:\/\/i0.wp.com\/www.paparazzinews.com.br\/wp-content\/uploads\/2025\/11\/e6650a11-863e-4eca-9a76-d1052d357150.jpeg?fit=576%2C1280&ssl=1","views":"2367","jetpack_likes_enabled":true,"jetpack_sharing_enabled":true,"_links":{"self":[{"href":"https:\/\/www.paparazzinews.com.br\/index.php?rest_route=\/wp\/v2\/posts\/20133","targetHints":{"allow":["GET"]}}],"collection":[{"href":"https:\/\/www.paparazzinews.com.br\/index.php?rest_route=\/wp\/v2\/posts"}],"about":[{"href":"https:\/\/www.paparazzinews.com.br\/index.php?rest_route=\/wp\/v2\/types\/post"}],"author":[{"embeddable":true,"href":"https:\/\/www.paparazzinews.com.br\/index.php?rest_route=\/wp\/v2\/users\/1"}],"replies":[{"embeddable":true,"href":"https:\/\/www.paparazzinews.com.br\/index.php?rest_route=%2Fwp%2Fv2%2Fcomments&post=20133"}],"version-history":[{"count":1,"href":"https:\/\/www.paparazzinews.com.br\/index.php?rest_route=\/wp\/v2\/posts\/20133\/revisions"}],"predecessor-version":[{"id":20136,"href":"https:\/\/www.paparazzinews.com.br\/index.php?rest_route=\/wp\/v2\/posts\/20133\/revisions\/20136"}],"wp:featuredmedia":[{"embeddable":true,"href":"https:\/\/www.paparazzinews.com.br\/index.php?rest_route=\/wp\/v2\/media\/20134"}],"wp:attachment":[{"href":"https:\/\/www.paparazzinews.com.br\/index.php?rest_route=%2Fwp%2Fv2%2Fmedia&parent=20133"}],"wp:term":[{"taxonomy":"category","embeddable":true,"href":"https:\/\/www.paparazzinews.com.br\/index.php?rest_route=%2Fwp%2Fv2%2Fcategories&post=20133"},{"taxonomy":"post_tag","embeddable":true,"href":"https:\/\/www.paparazzinews.com.br\/index.php?rest_route=%2Fwp%2Fv2%2Ftags&post=20133"}],"curies":[{"name":"wp","href":"https:\/\/api.w.org\/{rel}","templated":true}]}}