{"id":20102,"date":"2025-11-05T14:56:44","date_gmt":"2025-11-05T17:56:44","guid":{"rendered":"https:\/\/www.paparazzinews.com.br\/?p=20102"},"modified":"2025-11-05T14:58:52","modified_gmt":"2025-11-05T17:58:52","slug":"design-com-proposito-a-essencia-criativa-de-fernando-weine","status":"publish","type":"post","link":"https:\/\/www.paparazzinews.com.br\/?p=20102","title":{"rendered":"Design com Prop\u00f3sito: A ess\u00eancia criativa de Fernando Weine"},"content":{"rendered":"\n<p><strong>DE CASTILHO (SP) POR RONI PAPARAZZI\u00a0\u2013<\/strong>\u00a0No Dia Nacional do Design, comemorado nesta quarta-feira 05, celebramos os profissionais que transformam conceitos, mensagens e emo\u00e7\u00f5es em imagens que marcam e comunicam. Entre eles, o castilhense <strong>Fernando Weine<\/strong> <a href=\"http:\/\/www.instagram.com\/weinedesign\" data-type=\"link\" data-id=\"www.instagram.com\/weinedesign\">www.instagram.com\/weinedesign<\/a> se destaca pelo olhar sens\u00edvel, pela t\u00e9cnica refinada e pela ess\u00eancia art\u00edstica que carrega em cada projeto. Nesta entrevista exclusiva ao Roni Paparazzi, ele fala sobre inspira\u00e7\u00e3o, desafios, prop\u00f3sito e o impacto do design na sociedade contempor\u00e2nea.<\/p>\n\n\n\n<hr class=\"wp-block-separator has-alpha-channel-opacity\"\/>\n\n\n\n<h3 class=\"wp-block-heading\"><strong>Entrevista<\/strong><\/h3>\n\n\n\n<p><strong>1. O que te motivou a escolher o Design Gr\u00e1fico como profiss\u00e3o?<\/strong><br>Atrav\u00e9s de um incentivo do meu irm\u00e3o mais velho, consegui perceber que o design gr\u00e1fico unia duas coisas que eu amava: arte e comunica\u00e7\u00e3o. Escolher essa profiss\u00e3o foi a forma que eu tinha de transformar ideias em algo visualmente impactante e que pudesse tocar as pessoas.<\/p>\n\n\n\n<p><strong>2. Como voc\u00ea define o papel do designer gr\u00e1fico na sociedade atual?<\/strong><br>Hoje o designer \u00e9 um tradutor visual. A gente pega conceitos, emo\u00e7\u00f5es, informa\u00e7\u00f5es e transforma tudo isso em algo que o p\u00fablico consegue compreender, se identificar e at\u00e9 se emocionar. Vivemos num mundo visual, ent\u00e3o o design tem um papel enorme em como as pessoas percebem marcas, causas e at\u00e9 comportamentos.<\/p>\n\n\n\n<p><strong>3. O que mais te inspira na hora de criar um novo projeto visual?<\/strong><br>Depende muito do projeto, mas geralmente me inspiro nas pessoas e nas hist\u00f3rias por tr\u00e1s dele. Gosto de entender o prop\u00f3sito, o \u201cporqu\u00ea\u201d daquilo existir. \u00c0s vezes, uma boa conversa com o cliente, uma m\u00fasica ou at\u00e9 uma caminhada me trazem as ideias certas.<\/p>\n\n\n\n<p><strong>4. Quais s\u00e3o os principais desafios que um designer enfrenta hoje em dia, com tantas mudan\u00e7as tecnol\u00f3gicas?<\/strong><br>O maior desafio \u00e9 acompanhar o ritmo. A tecnologia muda r\u00e1pido, e surgem ferramentas novas o tempo todo. IA, automa\u00e7\u00e3o, novos programas&#8230; \u00e9 incr\u00edvel, mas tamb\u00e9m exige adapta\u00e7\u00e3o constante. O risco \u00e9 deixar que a ferramenta dite o processo, e n\u00e3o o contr\u00e1rio.<\/p>\n\n\n\n<p><strong>5. Na sua opini\u00e3o, o que diferencia um bom design de um design excepcional?<\/strong><br>Um bom design cumpre sua fun\u00e7\u00e3o. Um design excepcional, al\u00e9m disso, emociona. Ele causa conex\u00e3o, gera lembran\u00e7a, desperta sentimento. \u00c9 quando a est\u00e9tica e o prop\u00f3sito se encontram de forma t\u00e3o harm\u00f4nica que voc\u00ea sente que aquilo \u201cfaz sentido\u201d. Resumindo\u2026 <strong>tem que ter DOM.<\/strong><\/p>\n\n\n\n<p><strong>6. Como voc\u00ea equilibra criatividade e t\u00e9cnica no seu processo de cria\u00e7\u00e3o?<\/strong><br>Eu costumo come\u00e7ar livre, sem pensar em limita\u00e7\u00f5es t\u00e9cnicas. Pensar fora da caixa. S\u00f3 depois que as ideias est\u00e3o fluindo \u00e9 que come\u00e7o a pensar na execu\u00e7\u00e3o. Primeiro a emo\u00e7\u00e3o, depois a estrutura. A t\u00e9cnica vem para dar vida \u00e0 ideia, n\u00e3o para limit\u00e1-la.<\/p>\n\n\n\n<p><strong>7. Quais ferramentas ou softwares voc\u00ea considera indispens\u00e1veis no seu dia a dia de trabalho?<\/strong><br>Os cl\u00e1ssicos ainda s\u00e3o indispens\u00e1veis: Adobe e Corel, entre outros. A ferramenta \u00e9 s\u00f3 um meio. O mais importante \u00e9 saber o que voc\u00ea quer expressar e qual ferramenta serve para desenvolver cada projeto.<\/p>\n\n\n\n<p><strong>8. Pode compartilhar um projeto marcante da sua carreira e o que ele representou para voc\u00ea?<\/strong><br>Na verdade, n\u00e3o teve s\u00f3 um projeto marcante \u2014 cada projeto \u00e9 \u00fanico. Todos me renderam experi\u00eancias incr\u00edveis, nacionais e internacionais. Cada conquista dessas foi uma confirma\u00e7\u00e3o de que esfor\u00e7o, dedica\u00e7\u00e3o e amor pelo design realmente valem a pena.<\/p>\n\n\n\n<p><strong>9. O que voc\u00ea acha que as pessoas ainda n\u00e3o entendem sobre o trabalho de um designer gr\u00e1fico?<\/strong><br>Muita gente ainda acha que design \u00e9 \u201cs\u00f3 deixar bonito\u201d, mas o design \u00e9 estrat\u00e9gia, \u00e9 comunica\u00e7\u00e3o, \u00e9 entender o p\u00fablico, o contexto, a mensagem. Por tr\u00e1s de cada cor, tipografia e layout existe uma inten\u00e7\u00e3o e um estudo.<\/p>\n\n\n\n<p><strong>10. Como o p\u00fablico e as empresas podem valorizar mais o trabalho dos profissionais de design?<\/strong><br>Valorizando o processo, n\u00e3o s\u00f3 o resultado. O design exige tempo, pesquisa, sensibilidade. Quando as empresas entendem que o design \u00e9 investimento e n\u00e3o custo, os resultados s\u00e3o muito mais significativos.<\/p>\n\n\n\n<p><strong>11. Qual conselho voc\u00ea daria para quem est\u00e1 come\u00e7ando na \u00e1rea de Design Gr\u00e1fico?<\/strong><br>Estude muito, observe tudo e nunca pare de aprender. Busque refer\u00eancias, mas crie sua pr\u00f3pria identidade. E acima de tudo, tenha prop\u00f3sito \u2014 \u00e9 isso que te sustenta nos momentos desafiadores.<\/p>\n\n\n\n<p><strong>12. Para encerrar, o que o Dia Nacional do Design representa para voc\u00ea pessoalmente?<\/strong><br>\u00c9 um momento de celebrar a criatividade e refletir sobre o impacto que temos no mundo. O design est\u00e1 em tudo. Poder contribuir para que o mundo seja mais funcional, comunicativo, belo e emp\u00e1tico atrav\u00e9s do meu trabalho \u00e9 um privil\u00e9gio.<\/p>\n\n\n\n<p><strong><em><strong><em><strong><em><strong><em><strong><em><strong><em><strong><em><strong><em><strong><em><strong><em><strong><em><strong><em><strong><em><strong><em><strong><em><strong><em><strong><em><strong><em><strong><em><strong><em><strong><em><strong><em><strong><em><strong><em><strong><em><strong><em><strong><em><strong><em><strong><em><strong><em><strong><em><strong><em><strong><em><strong><em><strong><em><strong><em><strong><em><strong><em><strong><em><strong><em><strong><em><strong><em><strong><em><strong><em><strong><em><strong><em><strong><em><strong><em><strong><em><strong><em><strong><em><strong><em><strong><em><strong><em><strong><em><strong><em><strong><em><strong><em><strong><em><strong><em><strong><em><strong><em><strong><em><strong><em><strong><em><strong><em><strong><em><strong><em><strong><em><strong><em><strong><em><strong><em><strong><em><strong><em><strong><em><strong><em><strong><em><strong><em><strong><em><strong><em><strong><em><strong><em><strong><em><strong><em><strong><em><strong><em><strong><em><strong><em><strong><em><strong><em><strong><em><strong><em><strong><em><strong><em><strong><em><strong><em><strong><em><strong><em><strong><em><strong><em><strong><em><strong><em><strong><em><strong><em><strong><em><strong><em><strong><em><strong><em><strong><em><strong><em><strong><em><strong><em><strong><em><strong><em><strong><em><strong><em><strong><em><strong><em><strong><em><strong><em><strong><em><strong><em><strong><em><strong><em><strong><em><strong><em><strong><em><strong><em><strong><em><strong><em><strong><em><strong><em><strong><em><strong><em><strong><em><strong><em><strong><em><strong><em><strong><em><strong><em><strong><em><strong><em><strong><em><strong><em><strong><em><strong><em><strong><em><strong><em><strong><em><strong><em><strong><em><strong><em><strong><em><strong><em><strong><em><strong><em><strong><em><strong><em><strong><em><strong><em><strong><em><strong><em><strong><em><strong><em><strong><em><strong><em><strong><em><strong><em><strong><em><strong><em><strong><em><strong><em><strong><em><strong><em><strong><em><strong><em><strong><em><strong><em><strong><em><strong><em><strong><em><strong><em><strong><em><strong><em><strong><em><strong><em><strong><em><strong><em><strong><em><strong><em><strong><em><strong><em><strong><em><strong><em><strong><em><strong><em><strong><em><strong><em><strong><em><strong><em><strong><em><strong><em><strong><em><strong><em><strong><em><strong><em><strong><em><strong><em><strong><em><strong><em><strong><em><strong><em><strong><em><strong><em><strong><em><strong><em><strong><em><strong><em><strong><em><strong><em><strong><em><strong><em><strong><em><strong><em><strong><em><strong><em><strong><em><strong><em><strong><em><strong><em><strong><em><strong><em><strong><em><strong><em><strong><em><strong><em><strong><em><strong><em><strong><em><strong><em><strong><em><strong><em><strong><em><strong><em><strong><em><strong><em><strong><em><strong><em><strong><em><strong><em><strong>Siga nossas redes sociais e&nbsp;participe da nossa comunidade do Canal de noticias do Roni Paparazzi no Whatsapp e receba as principais not\u00edcias da regi\u00e3o de Ara\u00e7atuba do dia direto no seu celular siga nosso &nbsp;<a href=\"https:\/\/www.instagram.com\/ronipaparazzi\/\">Instagram e&nbsp;<\/a><a href=\"https:\/\/www.facebook.com\/ronipaparazzicomvoce\">Facebook<\/a><a href=\"https:\/\/chat.whatsapp.com\/GsG1XKo0jPOEfjzudWQcml\" target=\"_blank\" rel=\"noreferrer noopener\">&nbsp;Clique aqui e se inscreva.<\/a><\/strong><\/em><\/strong><\/em><\/strong><\/em><\/strong><\/em><\/strong><\/em><\/strong><\/em><\/strong><\/em><\/strong><\/em><\/strong><\/em><\/strong><\/em><\/strong><\/em><\/strong><\/em><\/strong><\/em><\/strong><\/em><\/strong><\/em><\/strong><\/em><\/strong><\/em><\/strong><\/em><\/strong><\/em><\/strong><\/em><\/strong><\/em><\/strong><\/em><\/strong><\/em><\/strong><\/em><\/strong><\/em><\/strong><\/em><\/strong><\/em><\/strong><\/em><\/strong><\/em><\/strong><\/em><\/strong><\/em><\/strong><\/em><\/strong><\/em><\/strong><\/em><\/strong><\/em><\/strong><\/em><\/strong><\/em><\/strong><\/em><\/strong><\/em><\/strong><\/em><\/strong><\/em><\/strong><\/em><\/strong><\/em><\/strong><\/em><\/strong><\/em><\/strong><\/em><\/strong><\/em><\/strong><\/em><\/strong><\/em><\/strong><\/em><\/strong><\/em><\/strong><\/em><\/strong><\/em><\/strong><\/em><\/strong><\/em><\/strong><\/em><\/strong><\/em><\/strong><\/em><\/strong><\/em><\/strong><\/em><\/strong><\/em><\/strong><\/em><\/strong><\/em><\/strong><\/em><\/strong><\/em><\/strong><\/em><\/strong><\/em><\/strong><\/em><\/strong><\/em><\/strong><\/em><\/strong><\/em><\/strong><\/em><\/strong><\/em><\/strong><\/em><\/strong><\/em><\/strong><\/em><\/strong><\/em><\/strong><\/em><\/strong><\/em><\/strong><\/em><\/strong><\/em><\/strong><\/em><\/strong><\/em><\/strong><\/em><\/strong><\/em><\/strong><\/em><\/strong><\/em><\/strong><\/em><\/strong><\/em><\/strong><\/em><\/strong><\/em><\/strong><\/em><\/strong><\/em><\/strong><\/em><\/strong><\/em><\/strong><\/em><\/strong><\/em><\/strong><\/em><\/strong><\/em><\/strong><\/em><\/strong><\/em><\/strong><\/em><\/strong><\/em><\/strong><\/em><\/strong><\/em><\/strong><\/em><\/strong><\/em><\/strong><\/em><\/strong><\/em><\/strong><\/em><\/strong><\/em><\/strong><\/em><\/strong><\/em><\/strong><\/em><\/strong><\/em><\/strong><\/em><\/strong><\/em><\/strong><\/em><\/strong><\/em><\/strong><\/em><\/strong><\/em><\/strong><\/em><\/strong><\/em><\/strong><\/em><\/strong><\/em><\/strong><\/em><\/strong><\/em><\/strong><\/em><\/strong><\/em><\/strong><\/em><\/strong><\/em><\/strong><\/em><\/strong><\/em><\/strong><\/em><\/strong><\/em><\/strong><\/em><\/strong><\/em><\/strong><\/em><\/strong><\/em><\/strong><\/em><\/strong><\/em><\/strong><\/em><\/strong><\/em><\/strong><\/em><\/strong><\/em><\/strong><\/em><\/strong><\/em><\/strong><\/em><\/strong><\/em><\/strong><\/em><\/strong><\/em><\/strong><\/em><\/strong><\/em><\/strong><\/em><\/strong><\/em><\/strong><\/em><\/strong><\/em><\/strong><\/em><\/strong><\/em><\/strong><\/em><\/strong><\/em><\/strong><\/em><\/strong><\/em><\/strong><\/em><\/strong><\/em><\/strong><\/em><\/strong><\/em><\/strong><\/em><\/strong><\/em><\/strong><\/em><\/strong><\/em><\/strong><\/em><\/strong><\/em><\/strong><\/em><\/strong><\/em><\/strong><\/em><\/strong><\/em><\/strong><\/em><\/strong><\/em><\/strong><\/em><\/strong><\/em><\/strong><\/em><\/strong><\/em><\/strong><\/em><\/strong><\/em><\/strong><\/em><\/strong><\/em><\/strong><\/em><\/strong><\/em><\/strong><\/em><\/strong><\/em><\/strong><\/em><\/strong><\/em><\/strong><\/em><\/strong><\/em><\/strong><\/em><\/strong><\/em><\/strong><\/em><\/strong><\/em><\/strong><\/em><\/strong><\/em><\/strong><\/em><\/strong><\/em><\/strong><\/em><\/strong><\/em><\/strong><\/em><\/strong><\/em><\/strong><\/em><\/strong><\/em><\/strong><\/em><\/strong><\/em><\/strong><\/em><\/strong><\/em><\/strong><\/em><\/strong><\/em><\/strong><\/em><\/strong><\/em><\/strong><\/em><\/strong><\/em><\/strong><\/em><\/strong><\/em><\/strong><\/em><\/strong><\/em><\/strong><\/em><\/strong><\/em><\/strong><\/em><\/strong><\/em><\/strong><\/em><\/strong><\/em><\/strong><\/em><\/strong><\/em><\/strong><\/em><\/strong><\/em><\/strong><\/em><\/strong><\/em><\/strong><\/em><\/strong><\/em><\/strong><\/em><\/strong><\/em><\/strong><\/em><\/strong><\/em><\/strong><\/em><\/strong><\/em><\/strong><\/em><\/strong><\/em><\/strong><\/em><\/strong><\/em><\/strong><\/em><\/strong><\/em><\/strong><\/em><\/strong><\/p>\n","protected":false},"excerpt":{"rendered":"<p>DE CASTILHO (SP) POR RONI PAPARAZZI\u00a0\u2013\u00a0No Dia Nacional do Design, comemorado nesta quarta-feira 05, celebramos os profissionais que transformam conceitos, mensagens e emo\u00e7\u00f5es em imagens que marcam e comunicam. Entre eles, o castilhense Fernando Weine www.instagram.com\/weinedesign se destaca pelo olhar sens\u00edvel, pela t\u00e9cnica refinada e pela ess\u00eancia art\u00edstica que carrega em cada projeto. Nesta entrevista &hellip;<\/p>\n","protected":false},"author":1,"featured_media":20088,"comment_status":"open","ping_status":"open","sticky":false,"template":"","format":"standard","meta":{"_jetpack_memberships_contains_paid_content":false,"footnotes":"","jetpack_publicize_message":"","jetpack_publicize_feature_enabled":true,"jetpack_social_post_already_shared":true,"jetpack_social_options":{"image_generator_settings":{"template":"highway","default_image_id":0,"enabled":false},"version":2}},"categories":[11],"tags":[],"class_list":["post-20102","post","type-post","status-publish","format-standard","has-post-thumbnail","hentry","category-historias-da-nossa-gente"],"jetpack_publicize_connections":[],"jetpack_featured_media_url":"https:\/\/i0.wp.com\/www.paparazzinews.com.br\/wp-content\/uploads\/2025\/11\/2e393654-948e-4ba2-a740-01e7fb1fbbdb.jpeg?fit=1280%2C960&ssl=1","views":"651","jetpack_likes_enabled":true,"jetpack_sharing_enabled":true,"_links":{"self":[{"href":"https:\/\/www.paparazzinews.com.br\/index.php?rest_route=\/wp\/v2\/posts\/20102","targetHints":{"allow":["GET"]}}],"collection":[{"href":"https:\/\/www.paparazzinews.com.br\/index.php?rest_route=\/wp\/v2\/posts"}],"about":[{"href":"https:\/\/www.paparazzinews.com.br\/index.php?rest_route=\/wp\/v2\/types\/post"}],"author":[{"embeddable":true,"href":"https:\/\/www.paparazzinews.com.br\/index.php?rest_route=\/wp\/v2\/users\/1"}],"replies":[{"embeddable":true,"href":"https:\/\/www.paparazzinews.com.br\/index.php?rest_route=%2Fwp%2Fv2%2Fcomments&post=20102"}],"version-history":[{"count":3,"href":"https:\/\/www.paparazzinews.com.br\/index.php?rest_route=\/wp\/v2\/posts\/20102\/revisions"}],"predecessor-version":[{"id":20107,"href":"https:\/\/www.paparazzinews.com.br\/index.php?rest_route=\/wp\/v2\/posts\/20102\/revisions\/20107"}],"wp:featuredmedia":[{"embeddable":true,"href":"https:\/\/www.paparazzinews.com.br\/index.php?rest_route=\/wp\/v2\/media\/20088"}],"wp:attachment":[{"href":"https:\/\/www.paparazzinews.com.br\/index.php?rest_route=%2Fwp%2Fv2%2Fmedia&parent=20102"}],"wp:term":[{"taxonomy":"category","embeddable":true,"href":"https:\/\/www.paparazzinews.com.br\/index.php?rest_route=%2Fwp%2Fv2%2Fcategories&post=20102"},{"taxonomy":"post_tag","embeddable":true,"href":"https:\/\/www.paparazzinews.com.br\/index.php?rest_route=%2Fwp%2Fv2%2Ftags&post=20102"}],"curies":[{"name":"wp","href":"https:\/\/api.w.org\/{rel}","templated":true}]}}