{"id":20097,"date":"2025-11-05T14:30:59","date_gmt":"2025-11-05T17:30:59","guid":{"rendered":"https:\/\/www.paparazzinews.com.br\/?p=20097"},"modified":"2025-11-05T14:31:02","modified_gmt":"2025-11-05T17:31:02","slug":"a-voz-que-nunca-silencia-entrevista-com-lucas-py2tel-radioamador-coordenador-regional-da-reer-sp-e-cabo-da-pm-em-andradina","status":"publish","type":"post","link":"https:\/\/www.paparazzinews.com.br\/?p=20097","title":{"rendered":"A Voz que Nunca Silencia: Entrevista com Lucas (PY2TEL), Radioamador, Coordenador Regional da REER-SP e Cabo da PM em Andradina"},"content":{"rendered":"\n<p><strong>DE CASTILHO (SP) POR RONI PAPARAZZI\u00a0\u2013<\/strong>\u00a0No Dia do Radioamador, celebrado em 5 de novembro, homenageamos homens e mulheres que dedicam tempo, conhecimento t\u00e9cnico e solidariedade para manter viva uma rede de comunica\u00e7\u00e3o essencial \u2014 especialmente quando tudo a mais falha. Em Andradina e em toda nossa regi\u00e3o, o radioamadorismo tem um representante atuante, incans\u00e1vel e respeitado: <strong>Lucas<\/strong>, radioamador <strong>PY2TEL<\/strong>, Coordenador Regional da <strong>REER-SP (Rede Estadual de Emerg\u00eancia de Radioamadores da Defesa Civil)<\/strong> nas regi\u00f5es <strong>Ara\u00e7atuba (I-9)<\/strong> e <strong>Mar\u00edlia (I-11)<\/strong>, e tamb\u00e9m Cabo da Pol\u00edcia Militar, onde atua como t\u00e9cnico de telecomunica\u00e7\u00f5es no <strong>28\u00b0 BPM\/I<\/strong>.<\/p>\n\n\n\n<p>Nesta entrevista exclusiva ao Roni Paparazzi, ele compartilha sua trajet\u00f3ria, explica a import\u00e2ncia estrat\u00e9gica do radioamadorismo e relembra uma opera\u00e7\u00e3o hist\u00f3rica que salvou vidas.<\/p>\n\n\n\n<hr class=\"wp-block-separator has-alpha-channel-opacity\"\/>\n\n\n\n<h3 class=\"wp-block-heading\"><strong>Entrevista \u2014 Dia do Radioamador<\/strong><\/h3>\n\n\n\n<p><strong>Lucas, como come\u00e7ou sua rela\u00e7\u00e3o com o radioamadorismo e o que despertou seu interesse por essa \u00e1rea?<\/strong><br>Come\u00e7ou bem cedo, ainda na inf\u00e2ncia, quando eu via os equipamentos de r\u00e1dio da minha fam\u00edlia e me encantava com aquele aparelho que permitia ouvir algu\u00e9m do outro lado do mundo. Quando fui para a fazenda onde meu irm\u00e3o morava, por volta de 1996, deparei-me com transceptores que estabeleciam contato com o escrit\u00f3rio em Ara\u00e7atuba, a mais de 200 km dali. Foi ent\u00e3o que descobri essa tecnologia \u2014 e desde l\u00e1 vem sendo uma grande aventura aprender e me aprimorar no radioamadorismo.<\/p>\n\n\n\n<p><strong>Qual \u00e9 o papel do Radioamador volunt\u00e1rio dentro das opera\u00e7\u00f5es e da Defesa Civil na nossa regi\u00e3o?<\/strong><br>Atrav\u00e9s da REER-SP, iniciamos um trabalho em parceria com a LABRE-SP. Instalamos repetidoras em Andradina (PY2KDT) e Ara\u00e7atuba (PY2KLF), e a pr\u00f3xima ser\u00e1 em Mirand\u00f3polis (PY2LMI). Todas elas t\u00eam como objetivo atender \u00f3rg\u00e3os de socorro e resgate, criando uma rede cr\u00edtica de comunica\u00e7\u00f5es de emerg\u00eancia, contribuindo diretamente para a prote\u00e7\u00e3o de vidas.<\/p>\n\n\n\n<p><strong>De que forma o radioamadorismo contribui em situa\u00e7\u00f5es de emerg\u00eancia e calamidade p\u00fablica?<\/strong><br>Quando sistemas convencionais colapsam \u2014 como telefonia e internet \u2014 o radioamador garante uma comunica\u00e7\u00e3o independente, aut\u00f4noma e eficaz. Podemos operar em locais isolados, usando energia pr\u00f3pria, levando informa\u00e7\u00f5es vitais para coordena\u00e7\u00e3o de resgate e log\u00edstica. \u00c9 uma ponte de comunica\u00e7\u00e3o quando o restante do mundo fica em sil\u00eancio.<\/p>\n\n\n\n<p><strong>Voc\u00ea poderia citar um exemplo em que o r\u00e1dio foi essencial para salvar vidas ou agilizar o atendimento de uma ocorr\u00eancia?<\/strong><br>Sim. No desastre clim\u00e1tico no Litoral Norte, em fevereiro de 2023, quando deslizamentos destru\u00edram rodovias e o sistema de comunica\u00e7\u00e3o entrou em colapso, a REER-SP e a ARRA entraram em a\u00e7\u00e3o. Equipes volunt\u00e1rias instalaram repetidoras, restabelecendo contatos entre equipes de resgate e coordena\u00e7\u00e3o. Houve apoio t\u00e9cnico, humanit\u00e1rio e operacional. Essa atua\u00e7\u00e3o garantiu salvamento, suporte e reorganiza\u00e7\u00e3o da resposta emergencial \u2014 e formou quase 90 novos radioamadores na regi\u00e3o posteriormente.<\/p>\n\n\n\n<p><strong>Quais s\u00e3o os principais desafios para manter uma rede de comunica\u00e7\u00e3o eficiente entre as cidades da regi\u00e3o?<\/strong><br>Cobertura territorial, manuten\u00e7\u00e3o de repetidoras, interfer\u00eancias, recursos e forma\u00e7\u00e3o de operadores. Tudo isso, muitas vezes, \u00e9 feito por volunt\u00e1rios. Deixo meu agradecimento especial ao Jo\u00e3o Vitor (PU2PXY) e ao Coordenador Regional Aedner (PY2AOK), que s\u00e3o apoio fundamental nessa miss\u00e3o.<\/p>\n\n\n\n<p><strong>Como funciona, na pr\u00e1tica, a integra\u00e7\u00e3o entre os radioamadores e as for\u00e7as de seguran\u00e7a?<\/strong><br>Quando h\u00e1 crise, \u00e9 criado um Posto de Comando. Cada institui\u00e7\u00e3o atua com um representante. Assim, as a\u00e7\u00f5es de resgate, policiamento, log\u00edstica e comunica\u00e7\u00e3o acontecem de forma coordenada, r\u00e1pida e assertiva.<\/p>\n\n\n\n<p><strong>A tecnologia moderna mudou a atua\u00e7\u00e3o dos radioamadores?<\/strong><br>Sim, mudou \u2014 e para melhor. Modos digitais, EchoLink, sat\u00e9lites e sistemas h\u00edbridos ampliaram nossa capacidade. Mas o r\u00e1dio tradicional continua sendo o n\u00facleo essencial, principalmente quando tudo o mais falha.<\/p>\n\n\n\n<p><strong>Que tipo de preparo t\u00e9cnico e \u00e9tico \u00e9 necess\u00e1rio para se tornar radioamador?<\/strong><br>\u00c9 preciso realizar avalia\u00e7\u00e3o da Anatel, obter o COER e a licen\u00e7a de esta\u00e7\u00e3o. H\u00e1 classes, normas e protocolos. H\u00e1 tamb\u00e9m valores: respeito, responsabilidade, neutralidade e solidariedade.<\/p>\n\n\n\n<p><strong>Qual \u00e9 a import\u00e2ncia do Dia do Radioamador?<\/strong><br>\u00c9 reconhecer volunt\u00e1rios que entregam o bem sem esperar retorno. Na maior parte das vezes, essas a\u00e7\u00f5es s\u00e3o invis\u00edveis, mas s\u00e3o fundamentais.<\/p>\n\n\n\n<p><strong>Como a popula\u00e7\u00e3o pode colaborar?<\/strong><br>Apoiando, respeitando e valorizando. O radioamadorismo \u00e9 um ato de servi\u00e7o. Cada antena representa uma vida que pode ser salva.<\/p>\n\n\n\n<p><strong>Para encerrar, qual mensagem voc\u00ea deixa neste Dia do Radioamador?<\/strong><br>Desejo um excelente dia a todos os radioamadores! Lembro com carinho dos nossos \u201cSilent Keys\u201d, que nos ensinaram tanto e hoje descansam. Que sigamos unidos, fortes e sempre prontos. <strong>Mantenha o sinal forte! Nos vemos na frequ\u00eancia! 73!<\/strong><\/p>\n\n\n\n<p><strong><em><strong><em><strong><em><strong><em><strong><em><strong><em><strong><em><strong><em><strong><em><strong><em><strong><em><strong><em><strong><em><strong><em><strong><em><strong><em><strong><em><strong><em><strong><em><strong><em><strong><em><strong><em><strong><em><strong><em><strong><em><strong><em><strong><em><strong><em><strong><em><strong><em><strong><em><strong><em><strong><em><strong><em><strong><em><strong><em><strong><em><strong><em><strong><em><strong><em><strong><em><strong><em><strong><em><strong><em><strong><em><strong><em><strong><em><strong><em><strong><em><strong><em><strong><em><strong><em><strong><em><strong><em><strong><em><strong><em><strong><em><strong><em><strong><em><strong><em><strong><em><strong><em><strong><em><strong><em><strong><em><strong><em><strong><em><strong><em><strong><em><strong><em><strong><em><strong><em><strong><em><strong><em><strong><em><strong><em><strong><em><strong><em><strong><em><strong><em><strong><em><strong><em><strong><em><strong><em><strong><em><strong><em><strong><em><strong><em><strong><em><strong><em><strong><em><strong><em><strong><em><strong><em><strong><em><strong><em><strong><em><strong><em><strong><em><strong><em><strong><em><strong><em><strong><em><strong><em><strong><em><strong><em><strong><em><strong><em><strong><em><strong><em><strong><em><strong><em><strong><em><strong><em><strong><em><strong><em><strong><em><strong><em><strong><em><strong><em><strong><em><strong><em><strong><em><strong><em><strong><em><strong><em><strong><em><strong><em><strong><em><strong><em><strong><em><strong><em><strong><em><strong><em><strong><em><strong><em><strong><em><strong><em><strong><em><strong><em><strong><em><strong><em><strong><em><strong><em><strong><em><strong><em><strong><em><strong><em><strong><em><strong><em><strong><em><strong><em><strong><em><strong><em><strong><em><strong><em><strong><em><strong><em><strong><em><strong><em><strong><em><strong><em><strong><em><strong><em><strong><em><strong><em><strong><em><strong><em><strong><em><strong><em><strong><em><strong><em><strong><em><strong><em><strong><em><strong><em><strong><em><strong><em><strong><em><strong><em><strong><em><strong><em><strong><em><strong><em><strong><em><strong><em><strong><em><strong><em><strong><em><strong><em><strong><em><strong><em><strong><em><strong><em><strong><em><strong><em><strong><em><strong><em><strong><em><strong><em><strong><em><strong><em><strong><em><strong><em><strong><em><strong><em><strong><em><strong><em><strong><em><strong><em><strong><em><strong><em><strong><em><strong><em><strong><em><strong><em><strong><em><strong><em><strong><em><strong><em><strong><em><strong><em><strong><em><strong><em><strong><em><strong><em><strong><em><strong><em><strong><em><strong><em><strong><em><strong><em><strong><em><strong><em><strong><em><strong><em><strong><em><strong><em><strong><em><strong><em><strong><em><strong><em><strong><em><strong><em><strong><em><strong><em><strong><em><strong><em><strong><em><strong><em><strong>Siga nossas redes sociais e\u00a0participe da nossa comunidade do Canal de noticias do Roni Paparazzi no Whatsapp e receba as principais not\u00edcias da regi\u00e3o de Ara\u00e7atuba do dia direto no seu celular siga nosso \u00a0<a href=\"https:\/\/www.instagram.com\/ronipaparazzi\/\">Instagram e\u00a0<\/a><a href=\"https:\/\/www.facebook.com\/ronipaparazzicomvoce\">Facebook<\/a><a href=\"https:\/\/chat.whatsapp.com\/GsG1XKo0jPOEfjzudWQcml\" target=\"_blank\" rel=\"noreferrer noopener\">\u00a0Clique aqui e se inscreva.<\/a><\/strong><\/em><\/strong><\/em><\/strong><\/em><\/strong><\/em><\/strong><\/em><\/strong><\/em><\/strong><\/em><\/strong><\/em><\/strong><\/em><\/strong><\/em><\/strong><\/em><\/strong><\/em><\/strong><\/em><\/strong><\/em><\/strong><\/em><\/strong><\/em><\/strong><\/em><\/strong><\/em><\/strong><\/em><\/strong><\/em><\/strong><\/em><\/strong><\/em><\/strong><\/em><\/strong><\/em><\/strong><\/em><\/strong><\/em><\/strong><\/em><\/strong><\/em><\/strong><\/em><\/strong><\/em><\/strong><\/em><\/strong><\/em><\/strong><\/em><\/strong><\/em><\/strong><\/em><\/strong><\/em><\/strong><\/em><\/strong><\/em><\/strong><\/em><\/strong><\/em><\/strong><\/em><\/strong><\/em><\/strong><\/em><\/strong><\/em><\/strong><\/em><\/strong><\/em><\/strong><\/em><\/strong><\/em><\/strong><\/em><\/strong><\/em><\/strong><\/em><\/strong><\/em><\/strong><\/em><\/strong><\/em><\/strong><\/em><\/strong><\/em><\/strong><\/em><\/strong><\/em><\/strong><\/em><\/strong><\/em><\/strong><\/em><\/strong><\/em><\/strong><\/em><\/strong><\/em><\/strong><\/em><\/strong><\/em><\/strong><\/em><\/strong><\/em><\/strong><\/em><\/strong><\/em><\/strong><\/em><\/strong><\/em><\/strong><\/em><\/strong><\/em><\/strong><\/em><\/strong><\/em><\/strong><\/em><\/strong><\/em><\/strong><\/em><\/strong><\/em><\/strong><\/em><\/strong><\/em><\/strong><\/em><\/strong><\/em><\/strong><\/em><\/strong><\/em><\/strong><\/em><\/strong><\/em><\/strong><\/em><\/strong><\/em><\/strong><\/em><\/strong><\/em><\/strong><\/em><\/strong><\/em><\/strong><\/em><\/strong><\/em><\/strong><\/em><\/strong><\/em><\/strong><\/em><\/strong><\/em><\/strong><\/em><\/strong><\/em><\/strong><\/em><\/strong><\/em><\/strong><\/em><\/strong><\/em><\/strong><\/em><\/strong><\/em><\/strong><\/em><\/strong><\/em><\/strong><\/em><\/strong><\/em><\/strong><\/em><\/strong><\/em><\/strong><\/em><\/strong><\/em><\/strong><\/em><\/strong><\/em><\/strong><\/em><\/strong><\/em><\/strong><\/em><\/strong><\/em><\/strong><\/em><\/strong><\/em><\/strong><\/em><\/strong><\/em><\/strong><\/em><\/strong><\/em><\/strong><\/em><\/strong><\/em><\/strong><\/em><\/strong><\/em><\/strong><\/em><\/strong><\/em><\/strong><\/em><\/strong><\/em><\/strong><\/em><\/strong><\/em><\/strong><\/em><\/strong><\/em><\/strong><\/em><\/strong><\/em><\/strong><\/em><\/strong><\/em><\/strong><\/em><\/strong><\/em><\/strong><\/em><\/strong><\/em><\/strong><\/em><\/strong><\/em><\/strong><\/em><\/strong><\/em><\/strong><\/em><\/strong><\/em><\/strong><\/em><\/strong><\/em><\/strong><\/em><\/strong><\/em><\/strong><\/em><\/strong><\/em><\/strong><\/em><\/strong><\/em><\/strong><\/em><\/strong><\/em><\/strong><\/em><\/strong><\/em><\/strong><\/em><\/strong><\/em><\/strong><\/em><\/strong><\/em><\/strong><\/em><\/strong><\/em><\/strong><\/em><\/strong><\/em><\/strong><\/em><\/strong><\/em><\/strong><\/em><\/strong><\/em><\/strong><\/em><\/strong><\/em><\/strong><\/em><\/strong><\/em><\/strong><\/em><\/strong><\/em><\/strong><\/em><\/strong><\/em><\/strong><\/em><\/strong><\/em><\/strong><\/em><\/strong><\/em><\/strong><\/em><\/strong><\/em><\/strong><\/em><\/strong><\/em><\/strong><\/em><\/strong><\/em><\/strong><\/em><\/strong><\/em><\/strong><\/em><\/strong><\/em><\/strong><\/em><\/strong><\/em><\/strong><\/em><\/strong><\/em><\/strong><\/em><\/strong><\/em><\/strong><\/em><\/strong><\/em><\/strong><\/em><\/strong><\/em><\/strong><\/em><\/strong><\/em><\/strong><\/em><\/strong><\/em><\/strong><\/em><\/strong><\/em><\/strong><\/em><\/strong><\/em><\/strong><\/em><\/strong><\/em><\/strong><\/em><\/strong><\/em><\/strong><\/em><\/strong><\/em><\/strong><\/em><\/strong><\/em><\/strong><\/em><\/strong><\/em><\/strong><\/em><\/strong><\/em><\/strong><\/em><\/strong><\/em><\/strong><\/em><\/strong><\/em><\/strong><\/em><\/strong><\/em><\/strong><\/em><\/strong><\/em><\/strong><\/em><\/strong><\/em><\/strong><\/em><\/strong><\/em><\/strong><\/em><\/strong><\/em><\/strong><\/em><\/strong><\/em><\/strong><\/em><\/strong><\/em><\/strong><\/em><\/strong><\/em><\/strong><\/p>\n","protected":false},"excerpt":{"rendered":"<p>DE CASTILHO (SP) POR RONI PAPARAZZI\u00a0\u2013\u00a0No Dia do Radioamador, celebrado em 5 de novembro, homenageamos homens e mulheres que dedicam tempo, conhecimento t\u00e9cnico e solidariedade para manter viva uma rede de comunica\u00e7\u00e3o essencial \u2014 especialmente quando tudo a mais falha. Em Andradina e em toda nossa regi\u00e3o, o radioamadorismo tem um representante atuante, incans\u00e1vel e &hellip;<\/p>\n","protected":false},"author":1,"featured_media":20087,"comment_status":"open","ping_status":"open","sticky":false,"template":"","format":"standard","meta":{"_jetpack_memberships_contains_paid_content":false,"footnotes":"","jetpack_publicize_message":"","jetpack_publicize_feature_enabled":true,"jetpack_social_post_already_shared":true,"jetpack_social_options":{"image_generator_settings":{"template":"highway","default_image_id":0,"enabled":false},"version":2}},"categories":[11],"tags":[],"class_list":["post-20097","post","type-post","status-publish","format-standard","has-post-thumbnail","hentry","category-historias-da-nossa-gente"],"jetpack_publicize_connections":[],"jetpack_featured_media_url":"https:\/\/i0.wp.com\/www.paparazzinews.com.br\/wp-content\/uploads\/2025\/11\/8b2ecc1d-2b7b-4237-a7c1-39442d55f44f-scaled-e1762363853741.jpeg?fit=1000%2C1088&ssl=1","views":"765","jetpack_likes_enabled":true,"jetpack_sharing_enabled":true,"_links":{"self":[{"href":"https:\/\/www.paparazzinews.com.br\/index.php?rest_route=\/wp\/v2\/posts\/20097","targetHints":{"allow":["GET"]}}],"collection":[{"href":"https:\/\/www.paparazzinews.com.br\/index.php?rest_route=\/wp\/v2\/posts"}],"about":[{"href":"https:\/\/www.paparazzinews.com.br\/index.php?rest_route=\/wp\/v2\/types\/post"}],"author":[{"embeddable":true,"href":"https:\/\/www.paparazzinews.com.br\/index.php?rest_route=\/wp\/v2\/users\/1"}],"replies":[{"embeddable":true,"href":"https:\/\/www.paparazzinews.com.br\/index.php?rest_route=%2Fwp%2Fv2%2Fcomments&post=20097"}],"version-history":[{"count":1,"href":"https:\/\/www.paparazzinews.com.br\/index.php?rest_route=\/wp\/v2\/posts\/20097\/revisions"}],"predecessor-version":[{"id":20098,"href":"https:\/\/www.paparazzinews.com.br\/index.php?rest_route=\/wp\/v2\/posts\/20097\/revisions\/20098"}],"wp:featuredmedia":[{"embeddable":true,"href":"https:\/\/www.paparazzinews.com.br\/index.php?rest_route=\/wp\/v2\/media\/20087"}],"wp:attachment":[{"href":"https:\/\/www.paparazzinews.com.br\/index.php?rest_route=%2Fwp%2Fv2%2Fmedia&parent=20097"}],"wp:term":[{"taxonomy":"category","embeddable":true,"href":"https:\/\/www.paparazzinews.com.br\/index.php?rest_route=%2Fwp%2Fv2%2Fcategories&post=20097"},{"taxonomy":"post_tag","embeddable":true,"href":"https:\/\/www.paparazzinews.com.br\/index.php?rest_route=%2Fwp%2Fv2%2Ftags&post=20097"}],"curies":[{"name":"wp","href":"https:\/\/api.w.org\/{rel}","templated":true}]}}