{"id":20081,"date":"2025-11-05T13:55:32","date_gmt":"2025-11-05T16:55:32","guid":{"rendered":"https:\/\/www.paparazzinews.com.br\/?p=20081"},"modified":"2025-11-05T13:57:40","modified_gmt":"2025-11-05T16:57:40","slug":"somos-raros-marcos-visual-homenageia-a-categoria-no-dia-do-designer-grafico","status":"publish","type":"post","link":"https:\/\/www.paparazzinews.com.br\/?p=20081","title":{"rendered":"Somos Raros: Marcos Visual homenageia a categoria no Dia do Designer Gr\u00e1fico"},"content":{"rendered":"\n<p><strong>DE CASTILHO (SP) POR RONI PAPARAZZI\u00a0\u2013<\/strong> No Dia Nacional do Design, celebrado em 5 de novembro, prestamos homenagem aos profissionais que d\u00e3o vida \u00e0s ideias, transformam conceitos em imagem e entregam ao mundo a comunica\u00e7\u00e3o visual que sentimos antes mesmo de compreender. Em Castilho, o designer gr\u00e1fico <strong>Marcos Visual<\/strong> \u00e9 uma dessas refer\u00eancias \u2014 algu\u00e9m que viu o design evoluir, se reinventou com o tempo e hoje inspira outros criadores na regi\u00e3o. Nesta entrevista exclusiva ao Roni Paparazzi, ele compartilha sua hist\u00f3ria, vis\u00e3o de mercado e o orgulho de pertencer a uma categoria que ele define com firmeza: <strong>\u201csomos raros\u201d.<\/strong> Foto: Ricardo Peixoto &#8211; Grupo Portal.<\/p>\n\n\n\n<hr class=\"wp-block-separator has-alpha-channel-opacity\"\/>\n\n\n\n<p><strong>Marcos, como foi o seu primeiro contato com o mundo do design gr\u00e1fico?<\/strong><br><em>Foi incr\u00edvel, at\u00e9 porque vim da era do pincel, e quando me deparei com esta ferramenta incr\u00edvel, que com a criatividade voc\u00ea cria coisas incr\u00edveis, que mudam a vida das pessoas.<\/em><\/p>\n\n\n\n<p><strong>O que o design representa para voc\u00ea al\u00e9m da est\u00e9tica?<\/strong><br><em>Representa um mundo de criatividades e um mercado incr\u00edvel de oportunidades.<\/em><\/p>\n\n\n\n<p><strong>Quais mudan\u00e7as voc\u00ea percebe no mercado de design nos \u00faltimos anos?<\/strong><br><em>Cada ano que passa \u00e9 muitas novidades, hoje o mercado est\u00e1 muito acelerado at\u00e9 por conta da IA<br>e o 3D. Ent\u00e3o temos que estar todo dia buscando aprender.<\/em><\/p>\n\n\n\n<p><strong>Voc\u00ea acredita que o design tem o poder de transformar a forma como as pessoas enxergam uma marca?<\/strong><br><em>Sim totalmente, atrav\u00e9s da criatividade de um designer gr\u00e1fico que vemos todos os dias grandes embalagens e marcas que os designers renovam a cada dia.<\/em><\/p>\n\n\n\n<p><strong>Existe algum estilo visual ou tend\u00eancia que te identifique mais como profissional?<\/strong><br><em>Eu particularmente gosto muito da \u00e1rea da comunica\u00e7\u00e3o visual e gr\u00e1fica, que abrange hoje um grande mercado onde n\u00e3o falta oportunidade de trabalho.<\/em><\/p>\n\n\n\n<p><strong>Como voc\u00ea lida com prazos curtos e a press\u00e3o por resultados criativos?<\/strong><br><em>Olha isso \u00e9 bem complicado, pois tudo \u00e9 pra ontem e cada servi\u00e7o \u00e9 \u00fanico. Temos que criar, esperar aprova\u00e7\u00e3o do cliente e depois p\u00f4r pra produzir, e isso leva tempo\u2026 mas vamos tentando ajustar isso, mas nunca muda. (risos)<\/em><\/p>\n\n\n\n<p><strong>O que mais te orgulha na trajet\u00f3ria que voc\u00ea construiu at\u00e9 aqui no design?<\/strong><br><em>Meu maior orgulho \u00e9 ver minha empresa hoje com esta estrutura, nossos funcion\u00e1rios aprendendo e se tornando profissionais, e sendo reconhecido pela minha cidade e pela regi\u00e3o.<\/em><\/p>\n\n\n\n<p><strong>Que import\u00e2ncia voc\u00ea d\u00e1 \u00e0 identidade visual na constru\u00e7\u00e3o da credibilidade de uma empresa?<\/strong><br><em>Acredito que toda empresa deveria manter sempre sua fachada bonita, pintada sempre com visual moderno, pois \u00e9 o cart\u00e3o de visita da empresa. Isso atrai mais a aten\u00e7\u00e3o do cliente e aumenta as vendas.<\/em><\/p>\n\n\n\n<p><strong>Qual foi o projeto mais desafiador que voc\u00ea j\u00e1 desenvolveu e por qu\u00ea?<\/strong><br><em>Nossa, foram tantos, mas envelopar uma mega ba\u00fa corrugado foi um deles. Todo em adesivo com imagem, pintar o abacaxi da entrada de Guara\u00e7a\u00ed, fazer uma fachada de 15 metros esticando a lona perfeitamente.<\/em><\/p>\n\n\n\n<p><strong>Em sua vis\u00e3o, o que o designer precisa fazer para se manter relevante em meio \u00e0 intelig\u00eancia artificial e \u00e0s novas tecnologias?<\/strong><br><em>O designer gr\u00e1fico sempre vai superar a IA, porque pego \u00e0s vezes essas imagens criadas, mas nunca d\u00e3o certo pra finalizar o servi\u00e7o e temos que refazer.<\/em><\/p>\n\n\n\n<p><strong>Como voc\u00ea enxerga o futuro do design gr\u00e1fico no Brasil?<\/strong><br><em>Um futuro promissor. Hoje falta esse profissional no mercado e \u00e9 uma grande oportunidade, pois nesta \u00e1rea n\u00e3o fica desempregado.<\/em><\/p>\n\n\n\n<p><strong>Para fechar, qual mensagem deixaria aos colegas de profiss\u00e3o neste Dia Nacional do Design?<\/strong><br><em>Quero aqui parabenizar todos os designers gr\u00e1ficos. Sei como \u00e9 fazer parte deste time. Somos raros, pois se trata de criar e desenvolver sempre com prazo curto e entregar aquela imagem que faz os olhos brilharem das pessoas. Isso merece aplausos. Um abra\u00e7o a todos, meus parceiros designers, contem comigo sempre.<\/em><\/p>\n\n\n\n<p><strong><em><strong><em><strong><em><strong><em><strong><em><strong><em><strong><em><strong><em><strong><em><strong><em><strong><em><strong><em><strong><em><strong><em><strong><em><strong><em><strong><em><strong><em><strong><em><strong><em><strong><em><strong><em><strong><em><strong><em><strong><em><strong><em><strong><em><strong><em><strong><em><strong><em><strong><em><strong><em><strong><em><strong><em><strong><em><strong><em><strong><em><strong><em><strong><em><strong><em><strong><em><strong><em><strong><em><strong><em><strong><em><strong><em><strong><em><strong><em><strong><em><strong><em><strong><em><strong><em><strong><em><strong><em><strong><em><strong><em><strong><em><strong><em><strong><em><strong><em><strong><em><strong><em><strong><em><strong><em><strong><em><strong><em><strong><em><strong><em><strong><em><strong><em><strong><em><strong><em><strong><em><strong><em><strong><em><strong><em><strong><em><strong><em><strong><em><strong><em><strong><em><strong><em><strong><em><strong><em><strong><em><strong><em><strong><em><strong><em><strong><em><strong><em><strong><em><strong><em><strong><em><strong><em><strong><em><strong><em><strong><em><strong><em><strong><em><strong><em><strong><em><strong><em><strong><em><strong><em><strong><em><strong><em><strong><em><strong><em><strong><em><strong><em><strong><em><strong><em><strong><em><strong><em><strong><em><strong><em><strong><em><strong><em><strong><em><strong><em><strong><em><strong><em><strong><em><strong><em><strong><em><strong><em><strong><em><strong><em><strong><em><strong><em><strong><em><strong><em><strong><em><strong><em><strong><em><strong><em><strong><em><strong><em><strong><em><strong><em><strong><em><strong><em><strong><em><strong><em><strong><em><strong><em><strong><em><strong><em><strong><em><strong><em><strong><em><strong><em><strong><em><strong><em><strong><em><strong><em><strong><em><strong><em><strong><em><strong><em><strong><em><strong><em><strong><em><strong><em><strong><em><strong><em><strong><em><strong><em><strong><em><strong><em><strong><em><strong><em><strong><em><strong><em><strong><em><strong><em><strong><em><strong><em><strong><em><strong><em><strong><em><strong><em><strong><em><strong><em><strong><em><strong><em><strong><em><strong><em><strong><em><strong><em><strong><em><strong><em><strong><em><strong><em><strong><em><strong><em><strong><em><strong><em><strong><em><strong><em><strong><em><strong><em><strong><em><strong><em><strong><em><strong><em><strong><em><strong><em><strong><em><strong><em><strong><em><strong><em><strong><em><strong><em><strong><em><strong><em><strong><em><strong><em><strong><em><strong><em><strong><em><strong><em><strong><em><strong><em><strong><em><strong><em><strong><em><strong><em><strong><em><strong><em><strong><em><strong><em><strong><em><strong><em><strong><em><strong><em><strong><em><strong><em><strong><em><strong><em><strong><em><strong><em><strong><em><strong><em><strong><em><strong><em><strong><em><strong><em><strong><em><strong><em><strong>Siga nossas redes sociais e&nbsp;participe da nossa comunidade do Canal de noticias do Roni Paparazzi no Whatsapp e receba as principais not\u00edcias da regi\u00e3o de Ara\u00e7atuba do dia direto no seu celular siga nosso &nbsp;<a href=\"https:\/\/www.instagram.com\/ronipaparazzi\/\">Instagram e&nbsp;<\/a><a href=\"https:\/\/www.facebook.com\/ronipaparazzicomvoce\">Facebook<\/a><a href=\"https:\/\/chat.whatsapp.com\/GsG1XKo0jPOEfjzudWQcml\" target=\"_blank\" rel=\"noreferrer noopener\">&nbsp;Clique aqui e se inscreva.<\/a><\/strong><\/em><\/strong><\/em><\/strong><\/em><\/strong><\/em><\/strong><\/em><\/strong><\/em><\/strong><\/em><\/strong><\/em><\/strong><\/em><\/strong><\/em><\/strong><\/em><\/strong><\/em><\/strong><\/em><\/strong><\/em><\/strong><\/em><\/strong><\/em><\/strong><\/em><\/strong><\/em><\/strong><\/em><\/strong><\/em><\/strong><\/em><\/strong><\/em><\/strong><\/em><\/strong><\/em><\/strong><\/em><\/strong><\/em><\/strong><\/em><\/strong><\/em><\/strong><\/em><\/strong><\/em><\/strong><\/em><\/strong><\/em><\/strong><\/em><\/strong><\/em><\/strong><\/em><\/strong><\/em><\/strong><\/em><\/strong><\/em><\/strong><\/em><\/strong><\/em><\/strong><\/em><\/strong><\/em><\/strong><\/em><\/strong><\/em><\/strong><\/em><\/strong><\/em><\/strong><\/em><\/strong><\/em><\/strong><\/em><\/strong><\/em><\/strong><\/em><\/strong><\/em><\/strong><\/em><\/strong><\/em><\/strong><\/em><\/strong><\/em><\/strong><\/em><\/strong><\/em><\/strong><\/em><\/strong><\/em><\/strong><\/em><\/strong><\/em><\/strong><\/em><\/strong><\/em><\/strong><\/em><\/strong><\/em><\/strong><\/em><\/strong><\/em><\/strong><\/em><\/strong><\/em><\/strong><\/em><\/strong><\/em><\/strong><\/em><\/strong><\/em><\/strong><\/em><\/strong><\/em><\/strong><\/em><\/strong><\/em><\/strong><\/em><\/strong><\/em><\/strong><\/em><\/strong><\/em><\/strong><\/em><\/strong><\/em><\/strong><\/em><\/strong><\/em><\/strong><\/em><\/strong><\/em><\/strong><\/em><\/strong><\/em><\/strong><\/em><\/strong><\/em><\/strong><\/em><\/strong><\/em><\/strong><\/em><\/strong><\/em><\/strong><\/em><\/strong><\/em><\/strong><\/em><\/strong><\/em><\/strong><\/em><\/strong><\/em><\/strong><\/em><\/strong><\/em><\/strong><\/em><\/strong><\/em><\/strong><\/em><\/strong><\/em><\/strong><\/em><\/strong><\/em><\/strong><\/em><\/strong><\/em><\/strong><\/em><\/strong><\/em><\/strong><\/em><\/strong><\/em><\/strong><\/em><\/strong><\/em><\/strong><\/em><\/strong><\/em><\/strong><\/em><\/strong><\/em><\/strong><\/em><\/strong><\/em><\/strong><\/em><\/strong><\/em><\/strong><\/em><\/strong><\/em><\/strong><\/em><\/strong><\/em><\/strong><\/em><\/strong><\/em><\/strong><\/em><\/strong><\/em><\/strong><\/em><\/strong><\/em><\/strong><\/em><\/strong><\/em><\/strong><\/em><\/strong><\/em><\/strong><\/em><\/strong><\/em><\/strong><\/em><\/strong><\/em><\/strong><\/em><\/strong><\/em><\/strong><\/em><\/strong><\/em><\/strong><\/em><\/strong><\/em><\/strong><\/em><\/strong><\/em><\/strong><\/em><\/strong><\/em><\/strong><\/em><\/strong><\/em><\/strong><\/em><\/strong><\/em><\/strong><\/em><\/strong><\/em><\/strong><\/em><\/strong><\/em><\/strong><\/em><\/strong><\/em><\/strong><\/em><\/strong><\/em><\/strong><\/em><\/strong><\/em><\/strong><\/em><\/strong><\/em><\/strong><\/em><\/strong><\/em><\/strong><\/em><\/strong><\/em><\/strong><\/em><\/strong><\/em><\/strong><\/em><\/strong><\/em><\/strong><\/em><\/strong><\/em><\/strong><\/em><\/strong><\/em><\/strong><\/em><\/strong><\/em><\/strong><\/em><\/strong><\/em><\/strong><\/em><\/strong><\/em><\/strong><\/em><\/strong><\/em><\/strong><\/em><\/strong><\/em><\/strong><\/em><\/strong><\/em><\/strong><\/em><\/strong><\/em><\/strong><\/em><\/strong><\/em><\/strong><\/em><\/strong><\/em><\/strong><\/em><\/strong><\/em><\/strong><\/em><\/strong><\/em><\/strong><\/em><\/strong><\/em><\/strong><\/em><\/strong><\/em><\/strong><\/em><\/strong><\/em><\/strong><\/em><\/strong><\/em><\/strong><\/em><\/strong><\/em><\/strong><\/em><\/strong><\/em><\/strong><\/em><\/strong><\/em><\/strong><\/em><\/strong><\/em><\/strong><\/em><\/strong><\/em><\/strong><\/em><\/strong><\/em><\/strong><\/em><\/strong><\/em><\/strong><\/em><\/strong><\/em><\/strong><\/em><\/strong><\/em><\/strong><\/em><\/strong><\/em><\/strong><\/em><\/strong><\/em><\/strong><\/em><\/strong><\/em><\/strong><\/em><\/strong><\/em><\/strong><\/em><\/strong><\/em><\/strong><\/em><\/strong><\/em><\/strong><\/em><\/strong><\/em><\/strong><\/em><\/strong><\/em><\/strong><\/em><\/strong><\/em><\/strong><\/em><\/strong><\/em><\/strong><\/p>\n","protected":false},"excerpt":{"rendered":"<p>DE CASTILHO (SP) POR RONI PAPARAZZI\u00a0\u2013 No Dia Nacional do Design, celebrado em 5 de novembro, prestamos homenagem aos profissionais que d\u00e3o vida \u00e0s ideias, transformam conceitos em imagem e entregam ao mundo a comunica\u00e7\u00e3o visual que sentimos antes mesmo de compreender. Em Castilho, o designer gr\u00e1fico Marcos Visual \u00e9 uma dessas refer\u00eancias \u2014 algu\u00e9m &hellip;<\/p>\n","protected":false},"author":1,"featured_media":20092,"comment_status":"open","ping_status":"open","sticky":false,"template":"","format":"standard","meta":{"_jetpack_memberships_contains_paid_content":false,"footnotes":"","jetpack_publicize_message":"","jetpack_publicize_feature_enabled":true,"jetpack_social_post_already_shared":true,"jetpack_social_options":{"image_generator_settings":{"template":"highway","default_image_id":0,"enabled":false},"version":2}},"categories":[11],"tags":[],"class_list":["post-20081","post","type-post","status-publish","format-standard","has-post-thumbnail","hentry","category-historias-da-nossa-gente"],"jetpack_publicize_connections":[],"jetpack_featured_media_url":"https:\/\/i0.wp.com\/www.paparazzinews.com.br\/wp-content\/uploads\/2025\/11\/fd509292-26cc-4823-ad6c-4c23dda53a29-1-e1762361681605.jpeg?fit=1000%2C666&ssl=1","views":"715","jetpack_likes_enabled":true,"jetpack_sharing_enabled":true,"_links":{"self":[{"href":"https:\/\/www.paparazzinews.com.br\/index.php?rest_route=\/wp\/v2\/posts\/20081","targetHints":{"allow":["GET"]}}],"collection":[{"href":"https:\/\/www.paparazzinews.com.br\/index.php?rest_route=\/wp\/v2\/posts"}],"about":[{"href":"https:\/\/www.paparazzinews.com.br\/index.php?rest_route=\/wp\/v2\/types\/post"}],"author":[{"embeddable":true,"href":"https:\/\/www.paparazzinews.com.br\/index.php?rest_route=\/wp\/v2\/users\/1"}],"replies":[{"embeddable":true,"href":"https:\/\/www.paparazzinews.com.br\/index.php?rest_route=%2Fwp%2Fv2%2Fcomments&post=20081"}],"version-history":[{"count":2,"href":"https:\/\/www.paparazzinews.com.br\/index.php?rest_route=\/wp\/v2\/posts\/20081\/revisions"}],"predecessor-version":[{"id":20094,"href":"https:\/\/www.paparazzinews.com.br\/index.php?rest_route=\/wp\/v2\/posts\/20081\/revisions\/20094"}],"wp:featuredmedia":[{"embeddable":true,"href":"https:\/\/www.paparazzinews.com.br\/index.php?rest_route=\/wp\/v2\/media\/20092"}],"wp:attachment":[{"href":"https:\/\/www.paparazzinews.com.br\/index.php?rest_route=%2Fwp%2Fv2%2Fmedia&parent=20081"}],"wp:term":[{"taxonomy":"category","embeddable":true,"href":"https:\/\/www.paparazzinews.com.br\/index.php?rest_route=%2Fwp%2Fv2%2Fcategories&post=20081"},{"taxonomy":"post_tag","embeddable":true,"href":"https:\/\/www.paparazzinews.com.br\/index.php?rest_route=%2Fwp%2Fv2%2Ftags&post=20081"}],"curies":[{"name":"wp","href":"https:\/\/api.w.org\/{rel}","templated":true}]}}