{"id":20059,"date":"2025-11-04T15:18:14","date_gmt":"2025-11-04T18:18:14","guid":{"rendered":"https:\/\/www.paparazzinews.com.br\/?p=20059"},"modified":"2025-11-04T15:18:17","modified_gmt":"2025-11-04T18:18:17","slug":"sindicato-dos-delegados-cobra-tarcisio-por-promessas-nao-cumpridas-e-alerta-para-crise-na-policia-civil-paulista","status":"publish","type":"post","link":"https:\/\/www.paparazzinews.com.br\/?p=20059","title":{"rendered":"Sindicato dos Delegados cobra Tarc\u00edsio por promessas n\u00e3o cumpridas e alerta para crise na Pol\u00edcia Civil paulista"},"content":{"rendered":"\n<p><strong>DE CASTILHO (SP) POR RONI PAPARAZZI\u00a0\u2013<\/strong>\u00a0O <strong>Sindicato dos Delegados de Pol\u00edcia do Estado de S\u00e3o Paulo (Sindpesp)<\/strong> emitiu um alerta contundente sobre a <strong>falta de di\u00e1logo do governo estadual<\/strong> e a <strong>aus\u00eancia de valoriza\u00e7\u00e3o<\/strong> dos profissionais da Pol\u00edcia Civil. A entidade afirma que, a <strong>um ano e dois meses do fim do mandato<\/strong>, o governador <strong>Tarc\u00edsio de Freitas (Republicanos)<\/strong> ainda n\u00e3o cumpriu as <strong>cinco promessas feitas \u00e0 categoria durante a campanha eleitoral de 2022<\/strong>.<\/p>\n\n\n\n<p>Segundo o Sindpesp, as promessas \u2014 feitas pessoalmente pelo ent\u00e3o candidato \u2014 foram registradas em v\u00eddeo e inclu\u00edam:<\/p>\n\n\n\n<ul class=\"wp-block-list\">\n<li>Uma <strong>nova Lei Org\u00e2nica<\/strong> da Pol\u00edcia Civil;<\/li>\n\n\n\n<li><strong>Plano de carreira<\/strong> com progress\u00e3o por m\u00e9rito e tempo de servi\u00e7o;<\/li>\n\n\n\n<li><strong>Valoriza\u00e7\u00e3o salarial<\/strong>;<\/li>\n\n\n\n<li><strong>Recomposi\u00e7\u00e3o do efetivo<\/strong>;<\/li>\n\n\n\n<li>E <strong>melhoria da estrutura de trabalho<\/strong>.<\/li>\n<\/ul>\n\n\n\n<p>Entretanto, o cen\u00e1rio atual \u00e9 considerado cr\u00edtico.<\/p>\n\n\n\n<h3 class=\"wp-block-heading\">\ud83d\udcb0 4\u00ba pior sal\u00e1rio do Brasil<\/h3>\n\n\n\n<p>A presidente do Sindpesp, <strong>delegada Jacqueline Valadares<\/strong>, destacou que, embora Tarc\u00edsio tenha concedido reajuste de 20% em 2023, os anos seguintes foram marcados por <strong>perdas salariais reais<\/strong>, j\u00e1 que a infla\u00e7\u00e3o superou o \u00fanico reajuste de 5% concedido em 2025.<\/p>\n\n\n\n<blockquote class=\"wp-block-quote is-layout-flow wp-block-quote-is-layout-flow\">\n<p>\u201cO delegado de Pol\u00edcia de S\u00e3o Paulo hoje tem a <strong>4\u00aa pior remunera\u00e7\u00e3o do Pa\u00eds<\/strong>, mesmo em um dos estados mais ricos do Brasil\u201d, ressaltou.<\/p>\n<\/blockquote>\n\n\n\n<h3 class=\"wp-block-heading\">\ud83d\udc6e\u200d\u2642\ufe0f D\u00e9ficit de 15 mil policiais civis<\/h3>\n\n\n\n<p>Outro ponto alarmante \u00e9 a <strong>falta de efetivo<\/strong>. Apesar de concursos e nomea\u00e7\u00f5es, o d\u00e9ficit voltou a crescer e hoje ultrapassa <strong>15 mil profissionais<\/strong>, entre delegados, investigadores, escriv\u00e3es e peritos criminais.<br>A evas\u00e3o, segundo o sindicato, \u00e9 consequ\u00eancia direta dos baixos sal\u00e1rios e das prec\u00e1rias condi\u00e7\u00f5es de trabalho.<\/p>\n\n\n\n<h3 class=\"wp-block-heading\">\ud83d\udcdc Lei Org\u00e2nica parada e promessas esquecidas<\/h3>\n\n\n\n<p>O projeto da nova <strong>Lei Org\u00e2nica da Pol\u00edcia Civil<\/strong>, anunciado em fevereiro de 2025, segue sem conclus\u00e3o ap\u00f3s duas prorroga\u00e7\u00f5es e sem di\u00e1logo com representantes da classe.<\/p>\n\n\n\n<blockquote class=\"wp-block-quote is-layout-flow wp-block-quote-is-layout-flow\">\n<p>\u201cSem essa lei, o governo tamb\u00e9m n\u00e3o cumpre o prometido plano de carreira nem garante direitos b\u00e1sicos, como hora extra, adicional noturno e aux\u00edlio-sa\u00fade\u201d, afirmou a presidente.<\/p>\n<\/blockquote>\n\n\n\n<p>A dirigente tamb\u00e9m criticou a <strong>falta de investimentos estruturais nas delegacias<\/strong> e o <strong>sil\u00eancio do governo diante das reivindica\u00e7\u00f5es<\/strong>.<\/p>\n\n\n\n<blockquote class=\"wp-block-quote is-layout-flow wp-block-quote-is-layout-flow\">\n<p>\u201cA categoria aguarda respostas desde o in\u00edcio do mandato. Ser\u00e1 que essas promessas ser\u00e3o repetidas na pr\u00f3xima campanha?\u201d, questionou Jacqueline.<\/p>\n<\/blockquote>\n\n\n\n<p><strong><em><strong><em><strong><em><strong><em><strong><em><strong><em><strong><em><strong><em><strong><em><strong><em><strong><em><strong><em><strong><em><strong><em><strong><em><strong><em><strong><em><strong><em><strong><em><strong><em><strong><em><strong><em><strong><em><strong><em><strong><em><strong><em><strong><em><strong><em><strong><em><strong><em><strong><em><strong><em><strong><em><strong><em><strong><em><strong><em><strong><em><strong><em><strong><em><strong><em><strong><em><strong><em><strong><em><strong><em><strong><em><strong><em><strong><em><strong><em><strong><em><strong><em><strong><em><strong><em><strong><em><strong><em><strong><em><strong><em><strong><em><strong><em><strong><em><strong><em><strong><em><strong><em><strong><em><strong><em><strong><em><strong><em><strong><em><strong><em><strong><em><strong><em><strong><em><strong><em><strong><em><strong><em><strong><em><strong><em><strong><em><strong><em><strong><em><strong><em><strong><em><strong><em><strong><em><strong><em><strong><em><strong><em><strong><em><strong><em><strong><em><strong><em><strong><em><strong><em><strong><em><strong><em><strong><em><strong><em><strong><em><strong><em><strong><em><strong><em><strong><em><strong><em><strong><em><strong><em><strong><em><strong><em><strong><em><strong><em><strong><em><strong><em><strong><em><strong><em><strong><em><strong><em><strong><em><strong><em><strong><em><strong><em><strong><em><strong><em><strong><em><strong><em><strong><em><strong><em><strong><em><strong><em><strong><em><strong><em><strong><em><strong><em><strong><em><strong><em><strong><em><strong><em><strong><em><strong><em><strong><em><strong><em><strong><em><strong><em><strong><em><strong><em><strong><em><strong><em><strong><em><strong><em><strong><em><strong><em><strong><em><strong><em><strong><em><strong><em><strong><em><strong><em><strong><em><strong><em><strong><em><strong><em><strong><em><strong><em><strong><em><strong><em><strong><em><strong><em><strong><em><strong><em><strong><em><strong><em><strong><em><strong><em><strong><em><strong><em><strong><em><strong><em><strong><em><strong><em><strong><em><strong><em><strong><em><strong><em><strong><em><strong><em><strong><em><strong><em><strong><em><strong><em><strong><em><strong><em><strong><em><strong><em><strong><em><strong><em><strong><em><strong><em><strong><em><strong><em><strong><em><strong><em><strong><em><strong><em><strong><em><strong><em><strong><em><strong><em><strong><em><strong><em><strong><em><strong><em><strong><em><strong><em><strong><em><strong><em><strong><em><strong><em><strong><em><strong><em><strong><em><strong><em><strong><em><strong><em><strong><em><strong><em><strong><em><strong><em><strong><em><strong><em><strong><em><strong><em><strong><em><strong><em><strong><em><strong><em><strong><em><strong><em><strong><em><strong><em><strong><em><strong><em><strong><em><strong><em><strong><em><strong><em><strong><em><strong><em><strong><em><strong><em><strong><em><strong><em><strong><em><strong><em><strong>Siga nossas redes sociais e\u00a0participe da nossa comunidade do Canal de noticias do Roni Paparazzi no Whatsapp e receba as principais not\u00edcias da regi\u00e3o de Ara\u00e7atuba do dia direto no seu celular siga nosso \u00a0<a href=\"https:\/\/www.instagram.com\/ronipaparazzi\/\">Instagram e\u00a0<\/a><a href=\"https:\/\/www.facebook.com\/ronipaparazzicomvoce\">Facebook<\/a><a href=\"https:\/\/chat.whatsapp.com\/GsG1XKo0jPOEfjzudWQcml\" target=\"_blank\" rel=\"noreferrer noopener\">\u00a0Clique aqui e se inscreva.<\/a><\/strong><\/em><\/strong><\/em><\/strong><\/em><\/strong><\/em><\/strong><\/em><\/strong><\/em><\/strong><\/em><\/strong><\/em><\/strong><\/em><\/strong><\/em><\/strong><\/em><\/strong><\/em><\/strong><\/em><\/strong><\/em><\/strong><\/em><\/strong><\/em><\/strong><\/em><\/strong><\/em><\/strong><\/em><\/strong><\/em><\/strong><\/em><\/strong><\/em><\/strong><\/em><\/strong><\/em><\/strong><\/em><\/strong><\/em><\/strong><\/em><\/strong><\/em><\/strong><\/em><\/strong><\/em><\/strong><\/em><\/strong><\/em><\/strong><\/em><\/strong><\/em><\/strong><\/em><\/strong><\/em><\/strong><\/em><\/strong><\/em><\/strong><\/em><\/strong><\/em><\/strong><\/em><\/strong><\/em><\/strong><\/em><\/strong><\/em><\/strong><\/em><\/strong><\/em><\/strong><\/em><\/strong><\/em><\/strong><\/em><\/strong><\/em><\/strong><\/em><\/strong><\/em><\/strong><\/em><\/strong><\/em><\/strong><\/em><\/strong><\/em><\/strong><\/em><\/strong><\/em><\/strong><\/em><\/strong><\/em><\/strong><\/em><\/strong><\/em><\/strong><\/em><\/strong><\/em><\/strong><\/em><\/strong><\/em><\/strong><\/em><\/strong><\/em><\/strong><\/em><\/strong><\/em><\/strong><\/em><\/strong><\/em><\/strong><\/em><\/strong><\/em><\/strong><\/em><\/strong><\/em><\/strong><\/em><\/strong><\/em><\/strong><\/em><\/strong><\/em><\/strong><\/em><\/strong><\/em><\/strong><\/em><\/strong><\/em><\/strong><\/em><\/strong><\/em><\/strong><\/em><\/strong><\/em><\/strong><\/em><\/strong><\/em><\/strong><\/em><\/strong><\/em><\/strong><\/em><\/strong><\/em><\/strong><\/em><\/strong><\/em><\/strong><\/em><\/strong><\/em><\/strong><\/em><\/strong><\/em><\/strong><\/em><\/strong><\/em><\/strong><\/em><\/strong><\/em><\/strong><\/em><\/strong><\/em><\/strong><\/em><\/strong><\/em><\/strong><\/em><\/strong><\/em><\/strong><\/em><\/strong><\/em><\/strong><\/em><\/strong><\/em><\/strong><\/em><\/strong><\/em><\/strong><\/em><\/strong><\/em><\/strong><\/em><\/strong><\/em><\/strong><\/em><\/strong><\/em><\/strong><\/em><\/strong><\/em><\/strong><\/em><\/strong><\/em><\/strong><\/em><\/strong><\/em><\/strong><\/em><\/strong><\/em><\/strong><\/em><\/strong><\/em><\/strong><\/em><\/strong><\/em><\/strong><\/em><\/strong><\/em><\/strong><\/em><\/strong><\/em><\/strong><\/em><\/strong><\/em><\/strong><\/em><\/strong><\/em><\/strong><\/em><\/strong><\/em><\/strong><\/em><\/strong><\/em><\/strong><\/em><\/strong><\/em><\/strong><\/em><\/strong><\/em><\/strong><\/em><\/strong><\/em><\/strong><\/em><\/strong><\/em><\/strong><\/em><\/strong><\/em><\/strong><\/em><\/strong><\/em><\/strong><\/em><\/strong><\/em><\/strong><\/em><\/strong><\/em><\/strong><\/em><\/strong><\/em><\/strong><\/em><\/strong><\/em><\/strong><\/em><\/strong><\/em><\/strong><\/em><\/strong><\/em><\/strong><\/em><\/strong><\/em><\/strong><\/em><\/strong><\/em><\/strong><\/em><\/strong><\/em><\/strong><\/em><\/strong><\/em><\/strong><\/em><\/strong><\/em><\/strong><\/em><\/strong><\/em><\/strong><\/em><\/strong><\/em><\/strong><\/em><\/strong><\/em><\/strong><\/em><\/strong><\/em><\/strong><\/em><\/strong><\/em><\/strong><\/em><\/strong><\/em><\/strong><\/em><\/strong><\/em><\/strong><\/em><\/strong><\/em><\/strong><\/em><\/strong><\/em><\/strong><\/em><\/strong><\/em><\/strong><\/em><\/strong><\/em><\/strong><\/em><\/strong><\/em><\/strong><\/em><\/strong><\/em><\/strong><\/em><\/strong><\/em><\/strong><\/em><\/strong><\/em><\/strong><\/em><\/strong><\/em><\/strong><\/em><\/strong><\/em><\/strong><\/em><\/strong><\/em><\/strong><\/em><\/strong><\/em><\/strong><\/em><\/strong><\/em><\/strong><\/em><\/strong><\/em><\/strong><\/em><\/strong><\/em><\/strong><\/em><\/strong><\/em><\/strong><\/em><\/strong><\/em><\/strong><\/em><\/strong><\/em><\/strong><\/em><\/strong><\/em><\/strong><\/em><\/strong><\/em><\/strong><\/em><\/strong><\/em><\/strong><\/em><\/strong><\/em><\/strong><\/em><\/strong><\/em><\/strong><\/em><\/strong><\/em><\/strong><\/em><\/strong><\/em><\/strong><\/em><\/strong><\/em><\/strong><\/em><\/strong><\/em><\/strong><\/em><\/strong><\/em><\/strong><\/p>\n","protected":false},"excerpt":{"rendered":"<p>DE CASTILHO (SP) POR RONI PAPARAZZI\u00a0\u2013\u00a0O Sindicato dos Delegados de Pol\u00edcia do Estado de S\u00e3o Paulo (Sindpesp) emitiu um alerta contundente sobre a falta de di\u00e1logo do governo estadual e a aus\u00eancia de valoriza\u00e7\u00e3o dos profissionais da Pol\u00edcia Civil. A entidade afirma que, a um ano e dois meses do fim do mandato, o governador &hellip;<\/p>\n","protected":false},"author":1,"featured_media":20060,"comment_status":"open","ping_status":"open","sticky":false,"template":"","format":"standard","meta":{"_jetpack_memberships_contains_paid_content":false,"footnotes":"","jetpack_publicize_message":"","jetpack_publicize_feature_enabled":true,"jetpack_social_post_already_shared":true,"jetpack_social_options":{"image_generator_settings":{"template":"highway","default_image_id":0,"enabled":false},"version":2}},"categories":[3],"tags":[],"class_list":["post-20059","post","type-post","status-publish","format-standard","has-post-thumbnail","hentry","category-policial"],"jetpack_publicize_connections":[],"jetpack_featured_media_url":"https:\/\/i0.wp.com\/www.paparazzinews.com.br\/wp-content\/uploads\/2025\/11\/7dd12944-b46a-4f54-91e9-4b1ca09e10c5-e1762280277825.jpeg?fit=1000%2C449&ssl=1","views":"807","jetpack_likes_enabled":true,"jetpack_sharing_enabled":true,"_links":{"self":[{"href":"https:\/\/www.paparazzinews.com.br\/index.php?rest_route=\/wp\/v2\/posts\/20059","targetHints":{"allow":["GET"]}}],"collection":[{"href":"https:\/\/www.paparazzinews.com.br\/index.php?rest_route=\/wp\/v2\/posts"}],"about":[{"href":"https:\/\/www.paparazzinews.com.br\/index.php?rest_route=\/wp\/v2\/types\/post"}],"author":[{"embeddable":true,"href":"https:\/\/www.paparazzinews.com.br\/index.php?rest_route=\/wp\/v2\/users\/1"}],"replies":[{"embeddable":true,"href":"https:\/\/www.paparazzinews.com.br\/index.php?rest_route=%2Fwp%2Fv2%2Fcomments&post=20059"}],"version-history":[{"count":1,"href":"https:\/\/www.paparazzinews.com.br\/index.php?rest_route=\/wp\/v2\/posts\/20059\/revisions"}],"predecessor-version":[{"id":20061,"href":"https:\/\/www.paparazzinews.com.br\/index.php?rest_route=\/wp\/v2\/posts\/20059\/revisions\/20061"}],"wp:featuredmedia":[{"embeddable":true,"href":"https:\/\/www.paparazzinews.com.br\/index.php?rest_route=\/wp\/v2\/media\/20060"}],"wp:attachment":[{"href":"https:\/\/www.paparazzinews.com.br\/index.php?rest_route=%2Fwp%2Fv2%2Fmedia&parent=20059"}],"wp:term":[{"taxonomy":"category","embeddable":true,"href":"https:\/\/www.paparazzinews.com.br\/index.php?rest_route=%2Fwp%2Fv2%2Fcategories&post=20059"},{"taxonomy":"post_tag","embeddable":true,"href":"https:\/\/www.paparazzinews.com.br\/index.php?rest_route=%2Fwp%2Fv2%2Ftags&post=20059"}],"curies":[{"name":"wp","href":"https:\/\/api.w.org\/{rel}","templated":true}]}}