{"id":20024,"date":"2025-10-30T15:56:52","date_gmt":"2025-10-30T18:56:52","guid":{"rendered":"https:\/\/www.paparazzinews.com.br\/?p=20024"},"modified":"2025-10-30T15:56:54","modified_gmt":"2025-10-30T18:56:54","slug":"guiada-por-deus-e-movida-pelo-amor-professora-fabiana-lameu-encerra-29-anos-de-missao-na-educacao-infantil-de-castilho","status":"publish","type":"post","link":"https:\/\/www.paparazzinews.com.br\/?p=20024","title":{"rendered":"Guiada por Deus e movida pelo amor: professora Fabiana Lameu encerra 29 anos de miss\u00e3o na Educa\u00e7\u00e3o Infantil de Castilho"},"content":{"rendered":"\n<p><strong>DE CASTILHO (SP) POR RONI PAPARAZZI\u00a0\u2013<\/strong> No m\u00eas em que se celebra o Dia do Professor, a Prefeitura de Castilho (SP) publicou a Portaria n\u00ba 408\/2025, oficializando a aposentadoria da professora Fabiana Menini Abbud Lameu, servidora efetiva da rede municipal desde 1996. A decis\u00e3o, assinada pelo prefeito Paulo Duarte Boaventura, marca o encerramento de uma trajet\u00f3ria que uniu voca\u00e7\u00e3o, f\u00e9 e amor pela educa\u00e7\u00e3o.<\/p>\n\n\n\n<p>Em entrevista exclusiva ao Roni Paparazzi News, Fabiana abriu o cora\u00e7\u00e3o e contou como sua hist\u00f3ria na sala de aula come\u00e7ou de forma inesperada \u2014 e guiada por um prop\u00f3sito maior:<\/p>\n\n\n\n<p>\u2728 <strong>\u201cEu falo que tem o dedo de Deus, a m\u00e3o do nosso Senhor\u201d<\/strong><\/p>\n\n\n\n<p>\u201cNunca pensei em ser professora. Meu sonho era ser engenheira de alimentos. Mas a vida \u2014 ou melhor, Deus \u2014 tinha outro plano pra mim. Eu estava no terceiro colegial, j\u00e1 namorava o Marcos Lameu, e quando engravidei percebi que n\u00e3o dava mais pra sair da cidade pra estudar fora. Decidi que seria eu quem cuidaria do meu filho, e n\u00e3o minha m\u00e3e ou outra pessoa&#8221;.<\/p>\n\n\n\n<p>Mas eu tamb\u00e9m queria uma profiss\u00e3o. Pensei em fazer Letras na UFMS, em Tr\u00eas Lagoas. Fiz meio per\u00edodo, mas era dif\u00edcil \u2014 eu viajava muito e o Matheus ainda era pequeno, ent\u00e3o tranquei a matr\u00edcula. Foi ent\u00e3o que apareceu o magist\u00e9rio \u2014 e junto dele, um chamado. Na \u00e9poca, a Mel, que j\u00e1 era professora de Educa\u00e7\u00e3o Infantil, me chamou pra trabalhar com ela. E foi assim que tudo come\u00e7ou. Fiz o magist\u00e9rio, me formei e logo no ano seguinte saiu o concurso da prefeitura.<\/p>\n\n\n\n<p>Muita gente passou junto comigo: a Adriana (irm\u00e3 da primeira-dama Edileuza Boaventura). Fiquei com receio e pensei em n\u00e3o assumir, pois existiam alguns boatos de que o concurso seria anulado. Foi quando a Adriana veio at\u00e9 minha casa e disse: \u2018Mas por que voc\u00ea n\u00e3o vai? Mesmo que a gente trabalhe uma semana, um m\u00eas\u2026 j\u00e1 \u00e9 uma experi\u00eancia, j\u00e1 \u00e9 um passo.\u2019<\/p>\n\n\n\n<p>Ela tinha raz\u00e3o. No fundo, acho que foi Deus falando por ela. Assumi no dia 24 de dezembro de 1996 \u2014 e foram s\u00f3 b\u00ean\u00e7\u00e3os. E \u00e9 por isso que eu digo: quando \u00e9 pra ser, o destino d\u00e1 um jeito. E Deus abre as portas certas, no tempo certo.\u201d<\/p>\n\n\n\n<p>\ud83d\udcd8 <strong>Roni Paparazzi News: Fabiana, como foi receber a not\u00edcia oficial da aposentadoria?<\/strong><\/p>\n\n\n\n<p>Fabiana: Receber a not\u00edcia oficial da aposentadoria foi muito gratificante! Uma sensa\u00e7\u00e3o de dever cumprido. Ao mesmo tempo, j\u00e1 bate uma saudade de tudo o que vivi nesses quase 29 anos de servi\u00e7o prestado na Educa\u00e7\u00e3o Infantil do munic\u00edpio de Castilho, minha cidade t\u00e3o querida.<\/p>\n\n\n\n<p>\ud83d\udcab <strong>Roni Paparazzi News: Qual lembran\u00e7a mais marcou sua trajet\u00f3ria na educa\u00e7\u00e3o?<\/strong><\/p>\n\n\n\n<p>Fabiana: N\u00e3o existe uma lembran\u00e7a espec\u00edfica. O que tenho s\u00e3o muitas mem\u00f3rias de amor e carinho recebidos das crian\u00e7as, das fam\u00edlias e dos colegas de trabalho. Cada abra\u00e7o, cada sorriso e cada descoberta compartilhada me ensinaram algo. Aprendi com todos eles, e isso \u00e9 o que mais me marcou.<\/p>\n\n\n\n<p>\ud83c\udf31 <strong>Roni Paparazzi News: Como voc\u00ea avalia o papel do professor na forma\u00e7\u00e3o do ser humano?<\/strong><\/p>\n\n\n\n<p>Fabiana: O papel do professor \u00e9 profundamente transformador. Ele vai al\u00e9m do conhecimento: desperta sonhos, valores e sentidos. O professor v\u00ea potencial onde outros veem limites, acredita antes que o aluno acredite em si. Com gestos, palavras e olhares, ajudamos a moldar mentes e cora\u00e7\u00f5es. Formamos cidad\u00e3os conscientes, sens\u00edveis e emp\u00e1ticos. Ser professor \u00e9 ter um grande cora\u00e7\u00e3o para formar grandes pessoas e deixar marcas que o tempo n\u00e3o apaga \u2014 marcas de amor, n\u00e3o de trauma.<\/p>\n\n\n\n<p>\ud83c\udfa8 <strong>Roni Paparazzi News: Quais foram os maiores desafios enfrentados nessa trajet\u00f3ria?<\/strong><\/p>\n\n\n\n<p>Fabiana: Ser professora da Educa\u00e7\u00e3o Infantil \u00e9 se desafiar todos os dias. \u00c9 ensinar com o cora\u00e7\u00e3o, respeitando o tempo de cada crian\u00e7a. \u00c9 equilibrar o cuidar e o educar, unir afeto e intencionalidade, estimular a autonomia e a curiosidade, criar experi\u00eancias l\u00fadicas e significativas. Tamb\u00e9m \u00e9 lidar com emo\u00e7\u00f5es, comportamentos, envolver as fam\u00edlias e, muitas vezes, enfrentar a falta de reconhecimento \u2014 sem perder a esperan\u00e7a.<\/p>\n\n\n\n<p>\ud83d\udc95<strong> Roni Paparazzi News: E quais s\u00e3o seus planos agora, nessa nova fase da vida?<\/strong><\/p>\n\n\n\n<p>Fabiana: Quero continuar ativa, mas de outra forma. Pretendo me dedicar \u00e0 Starnet Telecom, empresa da nossa fam\u00edlia, e tamb\u00e9m cuidar mais de mim e dos meus. \u00c9 um novo ciclo \u2014 de calma, de gratid\u00e3o e de presen\u00e7a.<\/p>\n\n\n\n<p>\ud83c\udf3b<strong> Roni Paparazzi News: Que mensagem voc\u00ea deixaria para os colegas e alunos que acompanharam sua jornada?<\/strong><\/p>\n\n\n\n<p>Fabiana: Deixo uma mensagem de profunda gratid\u00e3o e amor. Com cada colega, amigo, fam\u00edlia e aluno, me tornei um ser humano melhor. Recebi e doei amor, comprometimento e dedica\u00e7\u00e3o. Guardarei todos no meu cora\u00e7\u00e3o e na minha alma, para sempre.<br><br><strong><em><strong><em><strong><em><strong><em><strong><em><strong><em><strong><em><strong><em><strong><em><strong><em><strong><em><strong><em><strong><em><strong><em><strong><em><strong><em><strong><em><strong><em><strong><em><strong><em><strong><em><strong><em><strong><em><strong><em><strong><em><strong><em><strong><em><strong><em><strong><em><strong><em><strong><em><strong><em><strong><em><strong><em><strong><em><strong><em><strong><em><strong><em><strong><em><strong><em><strong><em><strong><em><strong><em><strong><em><strong><em><strong><em><strong><em><strong><em><strong><em><strong><em><strong><em><strong><em><strong><em><strong><em><strong><em><strong><em><strong><em><strong><em><strong><em><strong><em><strong><em><strong><em><strong><em><strong><em><strong><em><strong><em><strong><em><strong><em><strong><em><strong><em><strong><em><strong><em><strong><em><strong><em><strong><em><strong><em><strong><em><strong><em><strong><em><strong><em><strong><em><strong><em><strong><em><strong><em><strong><em><strong><em><strong><em><strong><em><strong><em><strong><em><strong><em><strong><em><strong><em><strong><em><strong><em><strong><em><strong><em><strong><em><strong><em><strong><em><strong><em><strong><em><strong><em><strong><em><strong><em><strong><em><strong><em><strong><em><strong><em><strong><em><strong><em><strong><em><strong><em><strong><em><strong><em><strong><em><strong><em><strong><em><strong><em><strong><em><strong><em><strong><em><strong><em><strong><em><strong><em><strong><em><strong><em><strong><em><strong><em><strong><em><strong><em><strong><em><strong><em><strong><em><strong><em><strong><em><strong><em><strong><em><strong><em><strong><em><strong><em><strong><em><strong><em><strong><em><strong><em><strong><em><strong><em><strong><em><strong><em><strong><em><strong><em><strong><em><strong><em><strong><em><strong><em><strong><em><strong><em><strong><em><strong><em><strong><em><strong><em><strong><em><strong><em><strong><em><strong><em><strong><em><strong><em><strong><em><strong><em><strong><em><strong><em><strong><em><strong><em><strong><em><strong><em><strong><em><strong><em><strong><em><strong><em><strong><em><strong><em><strong><em><strong><em><strong><em><strong><em><strong><em><strong><em><strong><em><strong><em><strong><em><strong><em><strong><em><strong><em><strong><em><strong><em><strong><em><strong><em><strong><em><strong><em><strong><em><strong><em><strong><em><strong><em><strong><em><strong><em><strong><em><strong><em><strong><em><strong><em><strong><em><strong><em><strong><em><strong><em><strong><em><strong><em><strong><em><strong><em><strong><em><strong><em><strong><em><strong><em><strong><em><strong><em><strong><em><strong><em><strong><em><strong><em><strong><em><strong><em><strong><em><strong><em><strong><em><strong><em><strong><em><strong><em><strong><em><strong><em><strong><em><strong><em><strong><em><strong><em><strong><em><strong><em><strong><em><strong><em><strong><em><strong><em><strong><em><strong><em><strong><em><strong>Siga nossas redes sociais e\u00a0participe da nossa comunidade do Canal de noticias do Roni Paparazzi no Whatsapp e receba as principais not\u00edcias da regi\u00e3o de Ara\u00e7atuba do dia direto no seu celular siga nosso \u00a0<a href=\"https:\/\/www.instagram.com\/ronipaparazzi\/\">Instagram e\u00a0<\/a><a href=\"https:\/\/www.facebook.com\/ronipaparazzicomvoce\">Facebook<\/a><a href=\"https:\/\/chat.whatsapp.com\/GsG1XKo0jPOEfjzudWQcml\" target=\"_blank\" rel=\"noreferrer noopener\">\u00a0Clique aqui e se inscreva.<\/a><\/strong><\/em><\/strong><\/em><\/strong><\/em><\/strong><\/em><\/strong><\/em><\/strong><\/em><\/strong><\/em><\/strong><\/em><\/strong><\/em><\/strong><\/em><\/strong><\/em><\/strong><\/em><\/strong><\/em><\/strong><\/em><\/strong><\/em><\/strong><\/em><\/strong><\/em><\/strong><\/em><\/strong><\/em><\/strong><\/em><\/strong><\/em><\/strong><\/em><\/strong><\/em><\/strong><\/em><\/strong><\/em><\/strong><\/em><\/strong><\/em><\/strong><\/em><\/strong><\/em><\/strong><\/em><\/strong><\/em><\/strong><\/em><\/strong><\/em><\/strong><\/em><\/strong><\/em><\/strong><\/em><\/strong><\/em><\/strong><\/em><\/strong><\/em><\/strong><\/em><\/strong><\/em><\/strong><\/em><\/strong><\/em><\/strong><\/em><\/strong><\/em><\/strong><\/em><\/strong><\/em><\/strong><\/em><\/strong><\/em><\/strong><\/em><\/strong><\/em><\/strong><\/em><\/strong><\/em><\/strong><\/em><\/strong><\/em><\/strong><\/em><\/strong><\/em><\/strong><\/em><\/strong><\/em><\/strong><\/em><\/strong><\/em><\/strong><\/em><\/strong><\/em><\/strong><\/em><\/strong><\/em><\/strong><\/em><\/strong><\/em><\/strong><\/em><\/strong><\/em><\/strong><\/em><\/strong><\/em><\/strong><\/em><\/strong><\/em><\/strong><\/em><\/strong><\/em><\/strong><\/em><\/strong><\/em><\/strong><\/em><\/strong><\/em><\/strong><\/em><\/strong><\/em><\/strong><\/em><\/strong><\/em><\/strong><\/em><\/strong><\/em><\/strong><\/em><\/strong><\/em><\/strong><\/em><\/strong><\/em><\/strong><\/em><\/strong><\/em><\/strong><\/em><\/strong><\/em><\/strong><\/em><\/strong><\/em><\/strong><\/em><\/strong><\/em><\/strong><\/em><\/strong><\/em><\/strong><\/em><\/strong><\/em><\/strong><\/em><\/strong><\/em><\/strong><\/em><\/strong><\/em><\/strong><\/em><\/strong><\/em><\/strong><\/em><\/strong><\/em><\/strong><\/em><\/strong><\/em><\/strong><\/em><\/strong><\/em><\/strong><\/em><\/strong><\/em><\/strong><\/em><\/strong><\/em><\/strong><\/em><\/strong><\/em><\/strong><\/em><\/strong><\/em><\/strong><\/em><\/strong><\/em><\/strong><\/em><\/strong><\/em><\/strong><\/em><\/strong><\/em><\/strong><\/em><\/strong><\/em><\/strong><\/em><\/strong><\/em><\/strong><\/em><\/strong><\/em><\/strong><\/em><\/strong><\/em><\/strong><\/em><\/strong><\/em><\/strong><\/em><\/strong><\/em><\/strong><\/em><\/strong><\/em><\/strong><\/em><\/strong><\/em><\/strong><\/em><\/strong><\/em><\/strong><\/em><\/strong><\/em><\/strong><\/em><\/strong><\/em><\/strong><\/em><\/strong><\/em><\/strong><\/em><\/strong><\/em><\/strong><\/em><\/strong><\/em><\/strong><\/em><\/strong><\/em><\/strong><\/em><\/strong><\/em><\/strong><\/em><\/strong><\/em><\/strong><\/em><\/strong><\/em><\/strong><\/em><\/strong><\/em><\/strong><\/em><\/strong><\/em><\/strong><\/em><\/strong><\/em><\/strong><\/em><\/strong><\/em><\/strong><\/em><\/strong><\/em><\/strong><\/em><\/strong><\/em><\/strong><\/em><\/strong><\/em><\/strong><\/em><\/strong><\/em><\/strong><\/em><\/strong><\/em><\/strong><\/em><\/strong><\/em><\/strong><\/em><\/strong><\/em><\/strong><\/em><\/strong><\/em><\/strong><\/em><\/strong><\/em><\/strong><\/em><\/strong><\/em><\/strong><\/em><\/strong><\/em><\/strong><\/em><\/strong><\/em><\/strong><\/em><\/strong><\/em><\/strong><\/em><\/strong><\/em><\/strong><\/em><\/strong><\/em><\/strong><\/em><\/strong><\/em><\/strong><\/em><\/strong><\/em><\/strong><\/em><\/strong><\/em><\/strong><\/em><\/strong><\/em><\/strong><\/em><\/strong><\/em><\/strong><\/em><\/strong><\/em><\/strong><\/em><\/strong><\/em><\/strong><\/em><\/strong><\/em><\/strong><\/em><\/strong><\/em><\/strong><\/em><\/strong><\/em><\/strong><\/em><\/strong><\/em><\/strong><\/em><\/strong><\/em><\/strong><\/em><\/strong><\/em><\/strong><\/em><\/strong><\/em><\/strong><\/em><\/strong><\/em><\/strong><\/em><\/strong><\/em><\/strong><\/em><\/strong><\/em><\/strong><\/em><\/strong><\/em><\/strong><\/em><\/strong><\/em><\/strong><\/em><\/strong><\/em><\/strong><\/em><\/strong><\/em><\/strong><\/em><\/strong><\/em><\/strong><\/em><\/strong><\/em><\/strong><\/em><\/strong><\/em><\/strong><\/em><\/strong><\/p>\n","protected":false},"excerpt":{"rendered":"<p>DE CASTILHO (SP) POR RONI PAPARAZZI\u00a0\u2013 No m\u00eas em que se celebra o Dia do Professor, a Prefeitura de Castilho (SP) publicou a Portaria n\u00ba 408\/2025, oficializando a aposentadoria da professora Fabiana Menini Abbud Lameu, servidora efetiva da rede municipal desde 1996. A decis\u00e3o, assinada pelo prefeito Paulo Duarte Boaventura, marca o encerramento de uma &hellip;<\/p>\n","protected":false},"author":1,"featured_media":20025,"comment_status":"open","ping_status":"open","sticky":false,"template":"","format":"standard","meta":{"_jetpack_memberships_contains_paid_content":false,"footnotes":"","jetpack_publicize_message":"","jetpack_publicize_feature_enabled":true,"jetpack_social_post_already_shared":true,"jetpack_social_options":{"image_generator_settings":{"template":"highway","default_image_id":0,"enabled":false},"version":2}},"categories":[6],"tags":[],"class_list":["post-20024","post","type-post","status-publish","format-standard","has-post-thumbnail","hentry","category-entretenimento"],"jetpack_publicize_connections":[],"jetpack_featured_media_url":"https:\/\/i0.wp.com\/www.paparazzinews.com.br\/wp-content\/uploads\/2025\/10\/SaveClip.App_572866114_18539850319051484_3053067410439002497_n.jpg?fit=1080%2C690&ssl=1","views":"1530","jetpack_likes_enabled":true,"jetpack_sharing_enabled":true,"_links":{"self":[{"href":"https:\/\/www.paparazzinews.com.br\/index.php?rest_route=\/wp\/v2\/posts\/20024","targetHints":{"allow":["GET"]}}],"collection":[{"href":"https:\/\/www.paparazzinews.com.br\/index.php?rest_route=\/wp\/v2\/posts"}],"about":[{"href":"https:\/\/www.paparazzinews.com.br\/index.php?rest_route=\/wp\/v2\/types\/post"}],"author":[{"embeddable":true,"href":"https:\/\/www.paparazzinews.com.br\/index.php?rest_route=\/wp\/v2\/users\/1"}],"replies":[{"embeddable":true,"href":"https:\/\/www.paparazzinews.com.br\/index.php?rest_route=%2Fwp%2Fv2%2Fcomments&post=20024"}],"version-history":[{"count":1,"href":"https:\/\/www.paparazzinews.com.br\/index.php?rest_route=\/wp\/v2\/posts\/20024\/revisions"}],"predecessor-version":[{"id":20026,"href":"https:\/\/www.paparazzinews.com.br\/index.php?rest_route=\/wp\/v2\/posts\/20024\/revisions\/20026"}],"wp:featuredmedia":[{"embeddable":true,"href":"https:\/\/www.paparazzinews.com.br\/index.php?rest_route=\/wp\/v2\/media\/20025"}],"wp:attachment":[{"href":"https:\/\/www.paparazzinews.com.br\/index.php?rest_route=%2Fwp%2Fv2%2Fmedia&parent=20024"}],"wp:term":[{"taxonomy":"category","embeddable":true,"href":"https:\/\/www.paparazzinews.com.br\/index.php?rest_route=%2Fwp%2Fv2%2Fcategories&post=20024"},{"taxonomy":"post_tag","embeddable":true,"href":"https:\/\/www.paparazzinews.com.br\/index.php?rest_route=%2Fwp%2Fv2%2Ftags&post=20024"}],"curies":[{"name":"wp","href":"https:\/\/api.w.org\/{rel}","templated":true}]}}