{"id":20017,"date":"2025-10-30T12:10:00","date_gmt":"2025-10-30T15:10:00","guid":{"rendered":"https:\/\/www.paparazzinews.com.br\/?p=20017"},"modified":"2025-10-30T12:12:14","modified_gmt":"2025-10-30T15:12:14","slug":"escola-do-parlamento-de-andradina-passa-a-se-chamar-jornalista-antonio-jose-do-carmo-em-homenagem-ao-icone-da-imprensa-regional","status":"publish","type":"post","link":"https:\/\/www.paparazzinews.com.br\/?p=20017","title":{"rendered":"Escola do Parlamento de Andradina passa a se chamar \u201cJornalista Ant\u00f4nio Jos\u00e9 do Carmo\u201d em homenagem ao \u00edcone da imprensa regional"},"content":{"rendered":"\n<p><strong>DE CASTILHO (SP) POR RONI PAPARAZZI&nbsp;\u2013<\/strong> A <strong>Prefeitura de Andradina (SP)<\/strong> sancionou a <strong>Lei n\u00ba 4.318\/2025<\/strong>, que d\u00e1 o nome de <strong>\u201cJornalista Ant\u00f4nio Jos\u00e9 do Carmo\u201d<\/strong> \u00e0 <strong>Escola do Parlamento<\/strong>, institu\u00edda pela <strong>Lei Ordin\u00e1ria n\u00ba 4.007\/2022<\/strong>, no \u00e2mbito da <strong>C\u00e2mara Municipal de Andradina<\/strong>.<\/p>\n\n\n\n<p>O projeto, aprovado por unanimidade pelos vereadores, presta uma <strong>homenagem p\u00f3stuma ao jornalista Ant\u00f4nio Jos\u00e9 do Carmo<\/strong>, conhecido carinhosamente como <strong>Toninho do Carmo<\/strong>, falecido em <strong>31 de julho de 2024<\/strong>, aos 64 anos, v\u00edtima de complica\u00e7\u00f5es card\u00edacas.<\/p>\n\n\n\n<hr class=\"wp-block-separator has-alpha-channel-opacity\"\/>\n\n\n\n<h3 class=\"wp-block-heading\">\ud83d\udd8b\ufe0f <strong>Trajet\u00f3ria de um comunicador que marcou gera\u00e7\u00f5es<\/strong><\/h3>\n\n\n\n<p>Toninho iniciou sua carreira em <strong>\u201cO Jornal da Regi\u00e3o\u201d<\/strong>, sob a mentoria do jornalista <strong>Isael Soares Fernandes<\/strong>, e logo destacou-se pelo <strong>estilo cr\u00edtico, investigativo e comprometido com a verdade<\/strong>.<br>Foi correspondente do <strong>\u201cO Estado de S\u00e3o Paulo\u201d (Estad\u00e3o)<\/strong>, onde produziu <strong>reportagens de grande repercuss\u00e3o estadual e nacional<\/strong>, algumas delas premiadas, como a investiga\u00e7\u00e3o sobre o trajeto do \u00e1lcool produzido nas usinas da regi\u00e3o at\u00e9 seu retorno \u00e0s bombas, j\u00e1 com pre\u00e7os multiplicados.<\/p>\n\n\n\n<p>Atuou tamb\u00e9m como <strong>chefe de jornalismo da TV Noroeste Paulista (atual TV TEM)<\/strong> e coordenou jornalistas da <strong>Ag\u00eancia Estado<\/strong>, que na \u00e9poca contava com centenas de correspondentes em todo o Brasil.<\/p>\n\n\n\n<p>Com o passar dos anos, Toninho fundou o <strong>jornal \u201cO Debate\u201d<\/strong>, tabloide regional inovador, e posteriormente o <strong>portal Noroeste Rural<\/strong>, um ve\u00edculo digital de credibilidade que conquistou milhares de leitores.<\/p>\n\n\n\n<p>Sua morte gerou grande como\u00e7\u00e3o em Andradina e regi\u00e3o. Era casado com <strong>M\u00e1rcia Medeiros do Carmo<\/strong> e pai de <strong>G\u00eanesis e Naiane<\/strong>, al\u00e9m de av\u00f4 dedicado.<\/p>\n\n\n\n<h3 class=\"wp-block-heading\">\ud83c\udfdb\ufe0f <strong>Reconhecimento oficial<\/strong><\/h3>\n\n\n\n<p>A homenagem foi sancionada pelo prefeito <strong>M\u00e1rio Celso Lopes<\/strong>, com publica\u00e7\u00e3o assinada tamb\u00e9m pelo secret\u00e1rio <strong>Ernesto Ant\u00f4nio da Silva J\u00fanior<\/strong>, destacando o <strong>legado intelectual e o compromisso de Toninho com o jornalismo \u00e9tico e cidad\u00e3o<\/strong>.<\/p>\n\n\n\n<p>A <strong>Escola do Parlamento \u201cJornalista Ant\u00f4nio Jos\u00e9 do Carmo\u201d<\/strong> refor\u00e7a agora o compromisso do Legislativo andradinense com a <strong>forma\u00e7\u00e3o pol\u00edtica, \u00e9tica e democr\u00e1tica<\/strong>, inspirando novas gera\u00e7\u00f5es a seguirem os passos de quem fez da informa\u00e7\u00e3o um instrumento de transforma\u00e7\u00e3o.<\/p>\n\n\n\n<p><strong><em><strong><em><strong><em><strong><em><strong><em><strong><em><strong><em><strong><em><strong><em><strong><em><strong><em><strong><em><strong><em><strong><em><strong><em><strong><em><strong><em><strong><em><strong><em><strong><em><strong><em><strong><em><strong><em><strong><em><strong><em><strong><em><strong><em><strong><em><strong><em><strong><em><strong><em><strong><em><strong><em><strong><em><strong><em><strong><em><strong><em><strong><em><strong><em><strong><em><strong><em><strong><em><strong><em><strong><em><strong><em><strong><em><strong><em><strong><em><strong><em><strong><em><strong><em><strong><em><strong><em><strong><em><strong><em><strong><em><strong><em><strong><em><strong><em><strong><em><strong><em><strong><em><strong><em><strong><em><strong><em><strong><em><strong><em><strong><em><strong><em><strong><em><strong><em><strong><em><strong><em><strong><em><strong><em><strong><em><strong><em><strong><em><strong><em><strong><em><strong><em><strong><em><strong><em><strong><em><strong><em><strong><em><strong><em><strong><em><strong><em><strong><em><strong><em><strong><em><strong><em><strong><em><strong><em><strong><em><strong><em><strong><em><strong><em><strong><em><strong><em><strong><em><strong><em><strong><em><strong><em><strong><em><strong><em><strong><em><strong><em><strong><em><strong><em><strong><em><strong><em><strong><em><strong><em><strong><em><strong><em><strong><em><strong><em><strong><em><strong><em><strong><em><strong><em><strong><em><strong><em><strong><em><strong><em><strong><em><strong><em><strong><em><strong><em><strong><em><strong><em><strong><em><strong><em><strong><em><strong><em><strong><em><strong><em><strong><em><strong><em><strong><em><strong><em><strong><em><strong><em><strong><em><strong><em><strong><em><strong><em><strong><em><strong><em><strong><em><strong><em><strong><em><strong><em><strong><em><strong><em><strong><em><strong><em><strong><em><strong><em><strong><em><strong><em><strong><em><strong><em><strong><em><strong><em><strong><em><strong><em><strong><em><strong><em><strong><em><strong><em><strong><em><strong><em><strong><em><strong><em><strong><em><strong><em><strong><em><strong><em><strong><em><strong><em><strong><em><strong><em><strong><em><strong><em><strong><em><strong><em><strong><em><strong><em><strong><em><strong><em><strong><em><strong><em><strong><em><strong><em><strong><em><strong><em><strong><em><strong><em><strong><em><strong><em><strong><em><strong><em><strong><em><strong><em><strong><em><strong><em><strong><em><strong><em><strong><em><strong><em><strong><em><strong><em><strong><em><strong><em><strong><em><strong><em><strong><em><strong><em><strong><em><strong><em><strong><em><strong><em><strong><em><strong><em><strong><em><strong><em><strong><em><strong><em><strong><em><strong><em><strong><em><strong><em><strong><em><strong><em><strong><em><strong><em><strong><em><strong><em><strong><em><strong><em><strong><em><strong><em><strong><em><strong><em><strong><em><strong><em><strong><em><strong>Siga nossas redes sociais e&nbsp;participe da nossa comunidade do Canal de noticias do Roni Paparazzi no Whatsapp e receba as principais not\u00edcias da regi\u00e3o de Ara\u00e7atuba do dia direto no seu celular siga nosso &nbsp;<a href=\"https:\/\/www.instagram.com\/ronipaparazzi\/\">Instagram e&nbsp;<\/a><a href=\"https:\/\/www.facebook.com\/ronipaparazzicomvoce\">Facebook<\/a><a href=\"https:\/\/chat.whatsapp.com\/GsG1XKo0jPOEfjzudWQcml\" target=\"_blank\" rel=\"noreferrer noopener\">&nbsp;Clique aqui e se inscreva.<\/a><\/strong><\/em><\/strong><\/em><\/strong><\/em><\/strong><\/em><\/strong><\/em><\/strong><\/em><\/strong><\/em><\/strong><\/em><\/strong><\/em><\/strong><\/em><\/strong><\/em><\/strong><\/em><\/strong><\/em><\/strong><\/em><\/strong><\/em><\/strong><\/em><\/strong><\/em><\/strong><\/em><\/strong><\/em><\/strong><\/em><\/strong><\/em><\/strong><\/em><\/strong><\/em><\/strong><\/em><\/strong><\/em><\/strong><\/em><\/strong><\/em><\/strong><\/em><\/strong><\/em><\/strong><\/em><\/strong><\/em><\/strong><\/em><\/strong><\/em><\/strong><\/em><\/strong><\/em><\/strong><\/em><\/strong><\/em><\/strong><\/em><\/strong><\/em><\/strong><\/em><\/strong><\/em><\/strong><\/em><\/strong><\/em><\/strong><\/em><\/strong><\/em><\/strong><\/em><\/strong><\/em><\/strong><\/em><\/strong><\/em><\/strong><\/em><\/strong><\/em><\/strong><\/em><\/strong><\/em><\/strong><\/em><\/strong><\/em><\/strong><\/em><\/strong><\/em><\/strong><\/em><\/strong><\/em><\/strong><\/em><\/strong><\/em><\/strong><\/em><\/strong><\/em><\/strong><\/em><\/strong><\/em><\/strong><\/em><\/strong><\/em><\/strong><\/em><\/strong><\/em><\/strong><\/em><\/strong><\/em><\/strong><\/em><\/strong><\/em><\/strong><\/em><\/strong><\/em><\/strong><\/em><\/strong><\/em><\/strong><\/em><\/strong><\/em><\/strong><\/em><\/strong><\/em><\/strong><\/em><\/strong><\/em><\/strong><\/em><\/strong><\/em><\/strong><\/em><\/strong><\/em><\/strong><\/em><\/strong><\/em><\/strong><\/em><\/strong><\/em><\/strong><\/em><\/strong><\/em><\/strong><\/em><\/strong><\/em><\/strong><\/em><\/strong><\/em><\/strong><\/em><\/strong><\/em><\/strong><\/em><\/strong><\/em><\/strong><\/em><\/strong><\/em><\/strong><\/em><\/strong><\/em><\/strong><\/em><\/strong><\/em><\/strong><\/em><\/strong><\/em><\/strong><\/em><\/strong><\/em><\/strong><\/em><\/strong><\/em><\/strong><\/em><\/strong><\/em><\/strong><\/em><\/strong><\/em><\/strong><\/em><\/strong><\/em><\/strong><\/em><\/strong><\/em><\/strong><\/em><\/strong><\/em><\/strong><\/em><\/strong><\/em><\/strong><\/em><\/strong><\/em><\/strong><\/em><\/strong><\/em><\/strong><\/em><\/strong><\/em><\/strong><\/em><\/strong><\/em><\/strong><\/em><\/strong><\/em><\/strong><\/em><\/strong><\/em><\/strong><\/em><\/strong><\/em><\/strong><\/em><\/strong><\/em><\/strong><\/em><\/strong><\/em><\/strong><\/em><\/strong><\/em><\/strong><\/em><\/strong><\/em><\/strong><\/em><\/strong><\/em><\/strong><\/em><\/strong><\/em><\/strong><\/em><\/strong><\/em><\/strong><\/em><\/strong><\/em><\/strong><\/em><\/strong><\/em><\/strong><\/em><\/strong><\/em><\/strong><\/em><\/strong><\/em><\/strong><\/em><\/strong><\/em><\/strong><\/em><\/strong><\/em><\/strong><\/em><\/strong><\/em><\/strong><\/em><\/strong><\/em><\/strong><\/em><\/strong><\/em><\/strong><\/em><\/strong><\/em><\/strong><\/em><\/strong><\/em><\/strong><\/em><\/strong><\/em><\/strong><\/em><\/strong><\/em><\/strong><\/em><\/strong><\/em><\/strong><\/em><\/strong><\/em><\/strong><\/em><\/strong><\/em><\/strong><\/em><\/strong><\/em><\/strong><\/em><\/strong><\/em><\/strong><\/em><\/strong><\/em><\/strong><\/em><\/strong><\/em><\/strong><\/em><\/strong><\/em><\/strong><\/em><\/strong><\/em><\/strong><\/em><\/strong><\/em><\/strong><\/em><\/strong><\/em><\/strong><\/em><\/strong><\/em><\/strong><\/em><\/strong><\/em><\/strong><\/em><\/strong><\/em><\/strong><\/em><\/strong><\/em><\/strong><\/em><\/strong><\/em><\/strong><\/em><\/strong><\/em><\/strong><\/em><\/strong><\/em><\/strong><\/em><\/strong><\/em><\/strong><\/em><\/strong><\/em><\/strong><\/em><\/strong><\/em><\/strong><\/em><\/strong><\/em><\/strong><\/em><\/strong><\/em><\/strong><\/em><\/strong><\/em><\/strong><\/em><\/strong><\/em><\/strong><\/em><\/strong><\/em><\/strong><\/em><\/strong><\/em><\/strong><\/em><\/strong><\/em><\/strong><\/em><\/strong><\/em><\/strong><\/em><\/strong><\/em><\/strong><\/em><\/strong><\/em><\/strong><\/em><\/strong><\/em><\/strong><\/em><\/strong><\/em><\/strong><\/em><\/strong><\/em><\/strong><\/em><\/strong><\/em><\/strong><\/em><\/strong><\/p>\n","protected":false},"excerpt":{"rendered":"<p>DE CASTILHO (SP) POR RONI PAPARAZZI&nbsp;\u2013 A Prefeitura de Andradina (SP) sancionou a Lei n\u00ba 4.318\/2025, que d\u00e1 o nome de \u201cJornalista Ant\u00f4nio Jos\u00e9 do Carmo\u201d \u00e0 Escola do Parlamento, institu\u00edda pela Lei Ordin\u00e1ria n\u00ba 4.007\/2022, no \u00e2mbito da C\u00e2mara Municipal de Andradina. O projeto, aprovado por unanimidade pelos vereadores, presta uma homenagem p\u00f3stuma ao &hellip;<\/p>\n","protected":false},"author":1,"featured_media":20018,"comment_status":"open","ping_status":"open","sticky":false,"template":"","format":"standard","meta":{"_jetpack_memberships_contains_paid_content":false,"footnotes":"","jetpack_publicize_message":"","jetpack_publicize_feature_enabled":true,"jetpack_social_post_already_shared":true,"jetpack_social_options":{"image_generator_settings":{"template":"highway","default_image_id":0,"enabled":false},"version":2}},"categories":[7],"tags":[],"class_list":["post-20017","post","type-post","status-publish","format-standard","has-post-thumbnail","hentry","category-politica"],"jetpack_publicize_connections":[],"jetpack_featured_media_url":"https:\/\/i0.wp.com\/www.paparazzinews.com.br\/wp-content\/uploads\/2025\/10\/A4-TONINHO.jpg?fit=1024%2C623&ssl=1","views":"1576","jetpack_likes_enabled":true,"jetpack_sharing_enabled":true,"_links":{"self":[{"href":"https:\/\/www.paparazzinews.com.br\/index.php?rest_route=\/wp\/v2\/posts\/20017","targetHints":{"allow":["GET"]}}],"collection":[{"href":"https:\/\/www.paparazzinews.com.br\/index.php?rest_route=\/wp\/v2\/posts"}],"about":[{"href":"https:\/\/www.paparazzinews.com.br\/index.php?rest_route=\/wp\/v2\/types\/post"}],"author":[{"embeddable":true,"href":"https:\/\/www.paparazzinews.com.br\/index.php?rest_route=\/wp\/v2\/users\/1"}],"replies":[{"embeddable":true,"href":"https:\/\/www.paparazzinews.com.br\/index.php?rest_route=%2Fwp%2Fv2%2Fcomments&post=20017"}],"version-history":[{"count":2,"href":"https:\/\/www.paparazzinews.com.br\/index.php?rest_route=\/wp\/v2\/posts\/20017\/revisions"}],"predecessor-version":[{"id":20021,"href":"https:\/\/www.paparazzinews.com.br\/index.php?rest_route=\/wp\/v2\/posts\/20017\/revisions\/20021"}],"wp:featuredmedia":[{"embeddable":true,"href":"https:\/\/www.paparazzinews.com.br\/index.php?rest_route=\/wp\/v2\/media\/20018"}],"wp:attachment":[{"href":"https:\/\/www.paparazzinews.com.br\/index.php?rest_route=%2Fwp%2Fv2%2Fmedia&parent=20017"}],"wp:term":[{"taxonomy":"category","embeddable":true,"href":"https:\/\/www.paparazzinews.com.br\/index.php?rest_route=%2Fwp%2Fv2%2Fcategories&post=20017"},{"taxonomy":"post_tag","embeddable":true,"href":"https:\/\/www.paparazzinews.com.br\/index.php?rest_route=%2Fwp%2Fv2%2Ftags&post=20017"}],"curies":[{"name":"wp","href":"https:\/\/api.w.org\/{rel}","templated":true}]}}