{"id":19808,"date":"2025-10-17T14:35:39","date_gmt":"2025-10-17T17:35:39","guid":{"rendered":"https:\/\/www.paparazzinews.com.br\/?p=19808"},"modified":"2025-10-17T14:35:42","modified_gmt":"2025-10-17T17:35:42","slug":"prefeitura-de-castilho-abre-concurso-publico-com-22-vagas-e-salarios-de-ate-r-58-mil-na-gestao-paulo-boaventura","status":"publish","type":"post","link":"https:\/\/www.paparazzinews.com.br\/?p=19808","title":{"rendered":"Prefeitura de Castilho abre concurso p\u00fablico com 22 vagas e sal\u00e1rios de at\u00e9 R$ 5,8 mil na gest\u00e3o Paulo Boaventura"},"content":{"rendered":"\n<p><strong>DE CASTILHO (SP) POR RONI PAPARAZZI\u00a0\u2013<\/strong>\u00a0A <strong>Prefeitura Municipal de Castilho (SP)<\/strong> publicou o edital do <strong>novo Concurso P\u00fablico 2025<\/strong>, oferecendo <strong>22 vagas imediatas + cadastro de reserva<\/strong> em diversas \u00e1reas do servi\u00e7o p\u00fablico. Os sal\u00e1rios variam de <strong>R$ 1.980,63 a R$ 5.892,89<\/strong>, conforme o cargo e n\u00edvel de escolaridade.<\/p>\n\n\n\n<p>O certame \u00e9 organizado pela <strong>empresa VALESPE Concursos<\/strong>, sob supervis\u00e3o da <strong>Comiss\u00e3o Especial de Concurso P\u00fablico<\/strong>, e assinado pelo <strong>prefeito Paulo Duarte Boaventura<\/strong>, reafirmando o compromisso da atual gest\u00e3o com <strong>a transpar\u00eancia e a valoriza\u00e7\u00e3o do funcionalismo p\u00fablico municipal<\/strong>.<\/p>\n\n\n\n<hr class=\"wp-block-separator has-alpha-channel-opacity\"\/>\n\n\n\n<h3 class=\"wp-block-heading\">\ud83e\uddfe <strong>Lista completa de cargos, vagas e sal\u00e1rios<\/strong><\/h3>\n\n\n\n<figure class=\"wp-block-table\"><table class=\"has-fixed-layout\"><thead><tr><th><strong>Cargo<\/strong><\/th><th><strong>Vagas + CR<\/strong><\/th><th><strong>Sal\u00e1rio (R$)<\/strong><\/th><\/tr><\/thead><tbody><tr><td>Agente Administrativo I<\/td><td>2 + CR<\/td><td>2.815,14<\/td><\/tr><tr><td>Agente Comunit\u00e1rio de Sa\u00fade (Rural)<\/td><td>2 + CR<\/td><td>3.036,00<\/td><\/tr><tr><td>Agente Comunit\u00e1rio de Sa\u00fade (Urbano)<\/td><td>2 + CR<\/td><td>3.036,00<\/td><\/tr><tr><td>Agente de Endemias<\/td><td>2 + CR<\/td><td>3.036,00<\/td><\/tr><tr><td>Analista Jur\u00eddico da Procuradoria Jur\u00eddica<\/td><td>1 + CR<\/td><td>5.241,00<\/td><\/tr><tr><td>Assistente Social<\/td><td>1 + CR<\/td><td>4.040,00<\/td><\/tr><tr><td>Atendente de Consult\u00f3rio Dent\u00e1rio<\/td><td>1 + CR<\/td><td>2.262,98<\/td><\/tr><tr><td>Atendente de Farm\u00e1cia<\/td><td>2 + CR<\/td><td>2.262,98<\/td><\/tr><tr><td>Controlador Interno<\/td><td>1 + CR<\/td><td>5.241,99<\/td><\/tr><tr><td>Fonoaudi\u00f3logo<\/td><td>2 + CR<\/td><td>5.892,89<\/td><\/tr><tr><td>Inspetor de Alunos<\/td><td>1 + CR<\/td><td>2.072,86<\/td><\/tr><tr><td>Merendeiro<\/td><td>1 + CR<\/td><td>1.980,63<\/td><\/tr><tr><td>Psic\u00f3logo<\/td><td>1 + CR<\/td><td>4.319,81<\/td><\/tr><tr><td>T\u00e9cnico em Seguran\u00e7a do Trabalho<\/td><td>1 + CR<\/td><td>4.145,12<\/td><\/tr><tr><td>Terapeuta Ocupacional<\/td><td>2 + CR<\/td><td>5.892,89<\/td><\/tr><\/tbody><\/table><\/figure>\n\n\n\n<p>\ud83d\udca1 <em>CR = Cadastro Reserva. Todas as vagas possuem carga hor\u00e1ria entre 30h e 44h semanais, conforme o cargo.<\/em><\/p>\n\n\n\n<hr class=\"wp-block-separator has-alpha-channel-opacity\"\/>\n\n\n\n<h3 class=\"wp-block-heading\">\ud83d\udcc5 <strong>Cronograma oficial<\/strong><\/h3>\n\n\n\n<ul class=\"wp-block-list\">\n<li><strong>Publica\u00e7\u00e3o do edital:<\/strong> 17\/10\/2025<\/li>\n\n\n\n<li><strong>Per\u00edodo de inscri\u00e7\u00f5es:<\/strong> 20\/10 a 03\/11\/2025<\/li>\n\n\n\n<li><strong>Pagamento da taxa:<\/strong> at\u00e9 04\/11\/2025<\/li>\n\n\n\n<li><strong>Prova objetiva:<\/strong> 14\/12\/2025<\/li>\n\n\n\n<li><strong>Resultado final:<\/strong> 12\/01\/2026<\/li>\n<\/ul>\n\n\n\n<p>\ud83d\udda5\ufe0f As inscri\u00e7\u00f5es devem ser feitas exclusivamente pelo site: <strong><a href=\"http:\/\/www.valespe.com.br\">www.valespe.com.br<\/a><\/strong><\/p>\n\n\n\n<hr class=\"wp-block-separator has-alpha-channel-opacity\"\/>\n\n\n\n<h3 class=\"wp-block-heading\">\ud83d\udcb0 <strong>Taxas de inscri\u00e7\u00e3o<\/strong><\/h3>\n\n\n\n<ul class=\"wp-block-list\">\n<li><strong>Ensino Fundamental:<\/strong> R$ 50,00<\/li>\n\n\n\n<li><strong>Ensino M\u00e9dio:<\/strong> R$ 70,00<\/li>\n\n\n\n<li><strong>Ensino Superior:<\/strong> R$ 120,00<\/li>\n<\/ul>\n\n\n\n<hr class=\"wp-block-separator has-alpha-channel-opacity\"\/>\n\n\n\n<h3 class=\"wp-block-heading\">\ud83c\udfdb\ufe0f <strong>Comiss\u00e3o Organizadora<\/strong><\/h3>\n\n\n\n<p>O concurso \u00e9 fiscalizado pela <strong>Comiss\u00e3o Especial de Concurso P\u00fablico de Castilho<\/strong>, respons\u00e1vel por acompanhar todas as etapas do processo seletivo. A coordena\u00e7\u00e3o do certame \u00e9 feita pela <strong>VALESPE Concursos<\/strong>, empresa especializada na aplica\u00e7\u00e3o de provas em todo o estado de S\u00e3o Paulo.<\/p>\n\n\n\n<p>O <strong>prefeito Paulo Duarte Boaventura<\/strong> destacou que o concurso \u00e9 uma a\u00e7\u00e3o de fortalecimento da estrutura municipal:<\/p>\n\n\n\n<blockquote class=\"wp-block-quote is-layout-flow wp-block-quote-is-layout-flow\">\n<p>\u201cNosso objetivo \u00e9 dar oportunidade aos moradores de Castilho de ingressarem no servi\u00e7o p\u00fablico de forma justa, transparente e com valoriza\u00e7\u00e3o profissional.\u201d<\/p>\n<\/blockquote>\n\n\n\n<hr class=\"wp-block-separator has-alpha-channel-opacity\"\/>\n\n\n\n<h3 class=\"wp-block-heading\">\ud83d\udce2 <strong>Informa\u00e7\u00f5es adicionais<\/strong><\/h3>\n\n\n\n<p>O edital completo, anexos e cronograma detalhado est\u00e3o dispon\u00edveis no portal da organizadora e no site oficial da Prefeitura:<br>\ud83c\udf10 <a href=\"https:\/\/www.castilho.sp.gov.br\">www.castilho.sp.gov.br<\/a><\/p>\n\n\n\n<p>O concurso ter\u00e1 <strong>validade de 2 anos<\/strong>, podendo ser <strong>prorrogado por igual per\u00edodo<\/strong>, conforme necessidade da administra\u00e7\u00e3o municipal.<\/p>\n\n\n\n<p><strong><em><strong><em><strong><em><strong><em><strong><em><strong><em><strong><em><strong><em><strong><em><strong><em><strong><em><strong><em><strong><em><strong><em><strong><em><strong><em><strong><em><strong><em><strong><em><strong><em><strong><em><strong><em><strong><em><strong><em><strong><em><strong><em><strong><em><strong><em><strong><em><strong><em><strong><em><strong><em><strong><em><strong><em><strong><em><strong><em><strong><em><strong><em><strong><em><strong><em><strong><em><strong><em><strong><em><strong><em><strong><em><strong><em><strong><em><strong><em><strong><em><strong><em><strong><em><strong><em><strong><em><strong><em><strong><em><strong><em><strong><em><strong><em><strong><em><strong><em><strong><em><strong><em><strong><em><strong><em><strong><em><strong><em><strong><em><strong><em><strong><em><strong><em><strong><em><strong><em><strong><em><strong><em><strong><em><strong><em><strong><em><strong><em><strong><em><strong><em><strong><em><strong><em><strong><em><strong><em><strong><em><strong><em><strong><em><strong><em><strong><em><strong><em><strong><em><strong><em><strong><em><strong><em><strong><em><strong><em><strong><em><strong><em><strong><em><strong><em><strong><em><strong><em><strong><em><strong><em><strong><em><strong><em><strong><em><strong><em><strong><em><strong><em><strong><em><strong><em><strong><em><strong><em><strong><em><strong><em><strong><em><strong><em><strong><em><strong><em><strong><em><strong><em><strong><em><strong><em><strong><em><strong><em><strong><em><strong><em><strong><em><strong><em><strong><em><strong><em><strong><em><strong><em><strong><em><strong><em><strong><em><strong><em><strong><em><strong><em><strong><em><strong><em><strong><em><strong><em><strong><em><strong><em><strong><em><strong><em><strong><em><strong><em><strong><em><strong><em><strong><em><strong><em><strong><em><strong><em><strong><em><strong><em><strong><em><strong><em><strong><em><strong><em><strong><em><strong><em><strong><em><strong><em><strong><em><strong><em><strong><em><strong><em><strong><em><strong><em><strong><em><strong><em><strong><em><strong><em><strong><em><strong><em><strong><em><strong><em><strong><em><strong><em><strong><em><strong><em><strong><em><strong><em><strong><em><strong><em><strong><em><strong><em><strong><em><strong><em><strong><em><strong><em><strong><em><strong><em><strong><em><strong><em><strong><em><strong><em><strong><em><strong><em><strong><em><strong><em><strong><em><strong><em><strong><em><strong><em><strong><em><strong><em><strong><em><strong><em><strong><em><strong><em><strong><em><strong><em><strong><em><strong><em><strong><em><strong><em><strong><em><strong><em><strong><em><strong><em><strong><em><strong><em><strong><em><strong><em><strong><em><strong><em><strong><em><strong><em><strong><em><strong><em><strong><em><strong><em><strong><em><strong><em><strong><em><strong><em><strong><em><strong><em><strong><em><strong><em><strong><em><strong><em><strong><em><strong><em><strong><em><strong><em><strong><em><strong><em><strong><em><strong><em><strong><em><strong>Siga nossas redes sociais e\u00a0participe da nossa comunidade do Canal de noticias do Roni Paparazzi no Whatsapp e receba as principais not\u00edcias da regi\u00e3o de Ara\u00e7atuba do dia direto no seu celular siga nosso \u00a0<\/strong><a href=\"https:\/\/www.instagram.com\/ronipaparazzi\/\">Instagram e\u00a0<\/a><a href=\"https:\/\/www.facebook.com\/ronipaparazzicomvoce\">Facebook<\/a><a href=\"https:\/\/chat.whatsapp.com\/GsG1XKo0jPOEfjzudWQcml\" target=\"_blank\" rel=\"noreferrer noopener\">\u00a0Clique aqui e se inscreva.<\/a><\/em><\/strong><\/em><\/strong><\/em><\/strong><\/em><\/strong><\/em><\/strong><\/em><\/strong><\/em><\/strong><\/em><\/strong><\/em><\/strong><\/em><\/strong><\/em><\/strong><\/em><\/strong><\/em><\/strong><\/em><\/strong><\/em><\/strong><\/em><\/strong><\/em><\/strong><\/em><\/strong><\/em><\/strong><\/em><\/strong><\/em><\/strong><\/em><\/strong><\/em><\/strong><\/em><\/strong><\/em><\/strong><\/em><\/strong><\/em><\/strong><\/em><\/strong><\/em><\/strong><\/em><\/strong><\/em><\/strong><\/em><\/strong><\/em><\/strong><\/em><\/strong><\/em><\/strong><\/em><\/strong><\/em><\/strong><\/em><\/strong><\/em><\/strong><\/em><\/strong><\/em><\/strong><\/em><\/strong><\/em><\/strong><\/em><\/strong><\/em><\/strong><\/em><\/strong><\/em><\/strong><\/em><\/strong><\/em><\/strong><\/em><\/strong><\/em><\/strong><\/em><\/strong><\/em><\/strong><\/em><\/strong><\/em><\/strong><\/em><\/strong><\/em><\/strong><\/em><\/strong><\/em><\/strong><\/em><\/strong><\/em><\/strong><\/em><\/strong><\/em><\/strong><\/em><\/strong><\/em><\/strong><\/em><\/strong><\/em><\/strong><\/em><\/strong><\/em><\/strong><\/em><\/strong><\/em><\/strong><\/em><\/strong><\/em><\/strong><\/em><\/strong><\/em><\/strong><\/em><\/strong><\/em><\/strong><\/em><\/strong><\/em><\/strong><\/em><\/strong><\/em><\/strong><\/em><\/strong><\/em><\/strong><\/em><\/strong><\/em><\/strong><\/em><\/strong><\/em><\/strong><\/em><\/strong><\/em><\/strong><\/em><\/strong><\/em><\/strong><\/em><\/strong><\/em><\/strong><\/em><\/strong><\/em><\/strong><\/em><\/strong><\/em><\/strong><\/em><\/strong><\/em><\/strong><\/em><\/strong><\/em><\/strong><\/em><\/strong><\/em><\/strong><\/em><\/strong><\/em><\/strong><\/em><\/strong><\/em><\/strong><\/em><\/strong><\/em><\/strong><\/em><\/strong><\/em><\/strong><\/em><\/strong><\/em><\/strong><\/em><\/strong><\/em><\/strong><\/em><\/strong><\/em><\/strong><\/em><\/strong><\/em><\/strong><\/em><\/strong><\/em><\/strong><\/em><\/strong><\/em><\/strong><\/em><\/strong><\/em><\/strong><\/em><\/strong><\/em><\/strong><\/em><\/strong><\/em><\/strong><\/em><\/strong><\/em><\/strong><\/em><\/strong><\/em><\/strong><\/em><\/strong><\/em><\/strong><\/em><\/strong><\/em><\/strong><\/em><\/strong><\/em><\/strong><\/em><\/strong><\/em><\/strong><\/em><\/strong><\/em><\/strong><\/em><\/strong><\/em><\/strong><\/em><\/strong><\/em><\/strong><\/em><\/strong><\/em><\/strong><\/em><\/strong><\/em><\/strong><\/em><\/strong><\/em><\/strong><\/em><\/strong><\/em><\/strong><\/em><\/strong><\/em><\/strong><\/em><\/strong><\/em><\/strong><\/em><\/strong><\/em><\/strong><\/em><\/strong><\/em><\/strong><\/em><\/strong><\/em><\/strong><\/em><\/strong><\/em><\/strong><\/em><\/strong><\/em><\/strong><\/em><\/strong><\/em><\/strong><\/em><\/strong><\/em><\/strong><\/em><\/strong><\/em><\/strong><\/em><\/strong><\/em><\/strong><\/em><\/strong><\/em><\/strong><\/em><\/strong><\/em><\/strong><\/em><\/strong><\/em><\/strong><\/em><\/strong><\/em><\/strong><\/em><\/strong><\/em><\/strong><\/em><\/strong><\/em><\/strong><\/em><\/strong><\/em><\/strong><\/em><\/strong><\/em><\/strong><\/em><\/strong><\/em><\/strong><\/em><\/strong><\/em><\/strong><\/em><\/strong><\/em><\/strong><\/em><\/strong><\/em><\/strong><\/em><\/strong><\/em><\/strong><\/em><\/strong><\/em><\/strong><\/em><\/strong><\/em><\/strong><\/em><\/strong><\/em><\/strong><\/em><\/strong><\/em><\/strong><\/em><\/strong><\/em><\/strong><\/em><\/strong><\/em><\/strong><\/em><\/strong><\/em><\/strong><\/em><\/strong><\/em><\/strong><\/em><\/strong><\/em><\/strong><\/em><\/strong><\/em><\/strong><\/em><\/strong><\/em><\/strong><\/em><\/strong><\/em><\/strong><\/em><\/strong><\/em><\/strong><\/em><\/strong><\/em><\/strong><\/em><\/strong><\/em><\/strong><\/em><\/strong><\/em><\/strong><\/em><\/strong><\/em><\/strong><\/em><\/strong><\/em><\/strong><\/em><\/strong><\/em><\/strong><\/em><\/strong><\/em><\/strong><\/em><\/strong><\/em><\/strong><\/em><\/strong><\/em><\/strong><\/em><\/strong><\/em><\/strong><\/em><\/strong><\/em><\/strong><\/em><\/strong><\/em><\/strong><\/em><\/strong><\/em><\/strong><\/p>\n","protected":false},"excerpt":{"rendered":"<p>DE CASTILHO (SP) POR RONI PAPARAZZI\u00a0\u2013\u00a0A Prefeitura Municipal de Castilho (SP) publicou o edital do novo Concurso P\u00fablico 2025, oferecendo 22 vagas imediatas + cadastro de reserva em diversas \u00e1reas do servi\u00e7o p\u00fablico. Os sal\u00e1rios variam de R$ 1.980,63 a R$ 5.892,89, conforme o cargo e n\u00edvel de escolaridade. O certame \u00e9 organizado pela empresa &hellip;<\/p>\n","protected":false},"author":1,"featured_media":19809,"comment_status":"open","ping_status":"open","sticky":false,"template":"","format":"standard","meta":{"_jetpack_memberships_contains_paid_content":false,"footnotes":"","jetpack_publicize_message":"","jetpack_publicize_feature_enabled":true,"jetpack_social_post_already_shared":true,"jetpack_social_options":{"image_generator_settings":{"template":"highway","default_image_id":0,"enabled":false},"version":2}},"categories":[4],"tags":[],"class_list":["post-19808","post","type-post","status-publish","format-standard","has-post-thumbnail","hentry","category-regiao"],"jetpack_publicize_connections":[],"jetpack_featured_media_url":"https:\/\/i0.wp.com\/www.paparazzinews.com.br\/wp-content\/uploads\/2025\/10\/Captura-de-tela-2025-10-17-143506.jpg?fit=906%2C581&ssl=1","views":"7063","jetpack_likes_enabled":true,"jetpack_sharing_enabled":true,"_links":{"self":[{"href":"https:\/\/www.paparazzinews.com.br\/index.php?rest_route=\/wp\/v2\/posts\/19808","targetHints":{"allow":["GET"]}}],"collection":[{"href":"https:\/\/www.paparazzinews.com.br\/index.php?rest_route=\/wp\/v2\/posts"}],"about":[{"href":"https:\/\/www.paparazzinews.com.br\/index.php?rest_route=\/wp\/v2\/types\/post"}],"author":[{"embeddable":true,"href":"https:\/\/www.paparazzinews.com.br\/index.php?rest_route=\/wp\/v2\/users\/1"}],"replies":[{"embeddable":true,"href":"https:\/\/www.paparazzinews.com.br\/index.php?rest_route=%2Fwp%2Fv2%2Fcomments&post=19808"}],"version-history":[{"count":1,"href":"https:\/\/www.paparazzinews.com.br\/index.php?rest_route=\/wp\/v2\/posts\/19808\/revisions"}],"predecessor-version":[{"id":19810,"href":"https:\/\/www.paparazzinews.com.br\/index.php?rest_route=\/wp\/v2\/posts\/19808\/revisions\/19810"}],"wp:featuredmedia":[{"embeddable":true,"href":"https:\/\/www.paparazzinews.com.br\/index.php?rest_route=\/wp\/v2\/media\/19809"}],"wp:attachment":[{"href":"https:\/\/www.paparazzinews.com.br\/index.php?rest_route=%2Fwp%2Fv2%2Fmedia&parent=19808"}],"wp:term":[{"taxonomy":"category","embeddable":true,"href":"https:\/\/www.paparazzinews.com.br\/index.php?rest_route=%2Fwp%2Fv2%2Fcategories&post=19808"},{"taxonomy":"post_tag","embeddable":true,"href":"https:\/\/www.paparazzinews.com.br\/index.php?rest_route=%2Fwp%2Fv2%2Ftags&post=19808"}],"curies":[{"name":"wp","href":"https:\/\/api.w.org\/{rel}","templated":true}]}}