{"id":19752,"date":"2025-10-07T16:58:52","date_gmt":"2025-10-07T19:58:52","guid":{"rendered":"https:\/\/www.paparazzinews.com.br\/?p=19752"},"modified":"2025-10-07T16:58:55","modified_gmt":"2025-10-07T19:58:55","slug":"aguas-andradina-reune-moradores-de-planalto-para-orientar-sobre-como-interligar-os-imoveis-na-rede-de-esgoto","status":"publish","type":"post","link":"https:\/\/www.paparazzinews.com.br\/?p=19752","title":{"rendered":"\u00c1guas Andradina re\u00fane moradores de Planalto para orientar sobre como interligar os im\u00f3veis na rede de esgoto"},"content":{"rendered":"\n<p>A \u00c1guas Andradina, empresa do grupo Igu\u00e1 Saneamento e Sabesp, realizou na noite de ter\u00e7a-feira (30\/09) uma reuni\u00e3o com os moradores do distrito de Planalto para apresentar os detalhes do novo sistema de esgotamento sanit\u00e1rio constru\u00eddo no local.<\/p>\n\n\n\n<p>O encontro, realizado na Escola Romeu Martins, reuniu cerca de 70 pessoas que acompanharam as explica\u00e7\u00f5es da concession\u00e1ria, esclareceram d\u00favidas e atualizaram seus cadastros.<\/p>\n\n\n\n<p>A reuni\u00e3o contou tamb\u00e9m com Rodolfo Shinkado, presidente da Arsan, que refor\u00e7ou a import\u00e2ncia do sistema de esgoto para a sa\u00fade e qualidade de vida da popula\u00e7\u00e3o.<\/p>\n\n\n\n<p>Renato dos Anjos, assistente social e coordenador da equipe volante da Secretaria de Assist\u00eancia Social da Prefeitura de Andradina, esteve presente na reuni\u00e3o e falou sobre a import\u00e2ncia deste momento. &#8220;A chegada dessa esta\u00e7\u00e3o traz dignidade, qualidade de vida e sa\u00fade para quem mora no distrito e tamb\u00e9m para as futuras gera\u00e7\u00f5es&#8221;, refor\u00e7ou.<\/p>\n\n\n\n<p>Orienta\u00e7\u00f5es<\/p>\n\n\n\n<p>Durante a apresenta\u00e7\u00e3o, foi detalhada a obra da Esta\u00e7\u00e3o Elevat\u00f3ria de Esgoto de Planalto e foram divulgados os pr\u00f3ximos passos: a \u00c1guas Andradina entrar\u00e1 em contato com cada morador para agendar uma visita t\u00e9cnica e far\u00e1 a doa\u00e7\u00e3o de todo o material necess\u00e1rio para a interliga\u00e7\u00e3o dos im\u00f3veis \u00e0 rede coletora. A Prefeitura, por sua vez, se comprometeu a desativar as fossas s\u00e9pticas do distrito.<\/p>\n\n\n\n<p>Foi esclarecido, tamb\u00e9m, que os clientes dever\u00e3o arcar apenas com os custos da m\u00e3o de obra para a interliga\u00e7\u00e3o.<\/p>\n\n\n\n<p>A partir de janeiro, a tarifa de esgoto \u2013 correspondente a 80% do valor da \u00e1gua consumida \u2013 passar\u00e1 a ser inclu\u00edda na conta mensal para os moradores entenderem a conta que v\u00e3o pagar e, no m\u00eas seguinte, a cobran\u00e7a come\u00e7a a ser efetiva.<\/p>\n\n\n\n<p>Segundo o diretor-geral da \u00c1guas Andradina, Lu\u00eds Guilherme Bizelli, o encontro teve um resultado muito positivo. \u201cA participa\u00e7\u00e3o da comunidade foi expressiva e conseguimos esclarecer pontos importantes. Nosso compromisso \u00e9 seguir \u00e0 disposi\u00e7\u00e3o dos moradores, sempre por meio de nossos canais oficiais de atendimento, para garantir que essa transi\u00e7\u00e3o ocorra de forma tranquila e transparente\u201d, afirmou.<\/p>\n\n\n\n<p>O gerente operacional, Alexandre Pardim, explicou que com a implanta\u00e7\u00e3o do sistema, o esgoto do distrito ser\u00e1 conduzido at\u00e9 a Esta\u00e7\u00e3o de Tratamento de Esgoto (ETE) S\u00e3o Pedro II, beneficiando diretamente cerca de 500 moradores de Planalto e pediu a colabora\u00e7\u00e3o da popula\u00e7\u00e3o para que as interliga\u00e7\u00f5es sejam feitas o mais r\u00e1pido poss\u00edvel para que a Esta\u00e7\u00e3o comece a operar no Distrito.<\/p>\n\n\n\n<p>Com esse novo sistema contribui para que Andradina alcance \u00edndices de excel\u00eancia em saneamento b\u00e1sico, com 99% de coleta e 100% de tratamento de esgoto \u2013 patamar considerado um dos mais elevados do pa\u00eds.<\/p>\n\n\n\n<p>Para mais informa\u00e7\u00f5es, os moradores de Planalto podem entrar em contato por meio dos canais de atendimento:<br>\ud83d\udcde 0800 775 0195<br>\ud83d\udcac WhatsApp: (18) 99637-4603<br>\ud83c\udfe2 Loja: Rua Doutor Orensy Rodrigues da Silva, 1062 \u2013 de segunda a sexta-feira, das 8h30 \u00e0s 17h.<\/p>\n\n\n\n<p><strong><em><strong><em><strong><em><strong><em><strong><em><strong><em><strong><em><strong><em><strong><em><strong><em><strong><em><strong><em><strong><em><strong><em><strong><em><strong><em><strong><em><strong><em><strong><em><strong><em><strong><em><strong><em><strong><em><strong><em><strong><em><strong><em><strong><em><strong><em><strong><em><strong><em><strong><em><strong><em><strong><em><strong><em><strong><em><strong><em><strong><em><strong><em><strong><em><strong><em><strong><em><strong><em><strong><em><strong><em><strong><em><strong><em><strong><em><strong><em><strong><em><strong><em><strong><em><strong><em><strong><em><strong><em><strong><em><strong><em><strong><em><strong><em><strong><em><strong><em><strong><em><strong><em><strong><em><strong><em><strong><em><strong><em><strong><em><strong><em><strong><em><strong><em><strong><em><strong><em><strong><em><strong><em><strong><em><strong><em><strong><em><strong><em><strong><em><strong><em><strong><em><strong><em><strong><em><strong><em><strong><em><strong><em><strong><em><strong><em><strong><em><strong><em><strong><em><strong><em><strong><em><strong><em><strong><em><strong><em><strong><em><strong><em><strong><em><strong><em><strong><em><strong><em><strong><em><strong><em><strong><em><strong><em><strong><em><strong><em><strong><em><strong><em><strong><em><strong><em><strong><em><strong><em><strong><em><strong><em><strong><em><strong><em><strong><em><strong><em><strong><em><strong><em><strong><em><strong><em><strong><em><strong><em><strong><em><strong><em><strong><em><strong><em><strong><em><strong><em><strong><em><strong><em><strong><em><strong><em><strong><em><strong><em><strong><em><strong><em><strong><em><strong><em><strong><em><strong><em><strong><em><strong><em><strong><em><strong><em><strong><em><strong><em><strong><em><strong><em><strong><em><strong><em><strong><em><strong><em><strong><em><strong><em><strong><em><strong><em><strong><em><strong><em><strong><em><strong><em><strong><em><strong><em><strong><em><strong><em><strong><em><strong><em><strong><em><strong><em><strong><em><strong><em><strong><em><strong><em><strong><em><strong><em><strong><em><strong><em><strong><em><strong><em><strong><em><strong><em><strong><em><strong><em><strong><em><strong><em><strong><em><strong><em><strong><em><strong><em><strong><em><strong><em><strong><em><strong><em><strong><em><strong><em><strong><em><strong><em><strong><em><strong><em><strong><em><strong><em><strong><em><strong><em><strong><em><strong><em><strong><em><strong><em><strong><em><strong><em><strong><em><strong><em><strong><em><strong><em><strong><em><strong><em><strong><em><strong><em><strong><em><strong><em><strong><em><strong><em><strong><em><strong><em><strong><em><strong><em><strong><em><strong><em><strong><em><strong><em><strong><em><strong><em><strong><em><strong><em><strong><em><strong><em><strong><em><strong><em><strong><em><strong><em><strong><em><strong><em><strong><em><strong><em><strong><em><strong><em><strong><em><strong><em><strong><em><strong><em><strong><em><strong><em><strong><em><strong>Siga nossas redes sociais e\u00a0participe da nossa comunidade do Canal de noticias do Roni Paparazzi no Whatsapp e receba as principais not\u00edcias da regi\u00e3o de Ara\u00e7atuba do dia direto no seu celular siga nosso \u00a0<\/strong><a href=\"https:\/\/www.instagram.com\/ronipaparazzi\/\">Instagram e\u00a0<\/a><a href=\"https:\/\/www.facebook.com\/ronipaparazzicomvoce\">Facebook<\/a><a href=\"https:\/\/chat.whatsapp.com\/GsG1XKo0jPOEfjzudWQcml\" target=\"_blank\" rel=\"noreferrer noopener\">\u00a0Clique aqui e se inscreva.<\/a><\/em><\/strong><\/em><\/strong><\/em><\/strong><\/em><\/strong><\/em><\/strong><\/em><\/strong><\/em><\/strong><\/em><\/strong><\/em><\/strong><\/em><\/strong><\/em><\/strong><\/em><\/strong><\/em><\/strong><\/em><\/strong><\/em><\/strong><\/em><\/strong><\/em><\/strong><\/em><\/strong><\/em><\/strong><\/em><\/strong><\/em><\/strong><\/em><\/strong><\/em><\/strong><\/em><\/strong><\/em><\/strong><\/em><\/strong><\/em><\/strong><\/em><\/strong><\/em><\/strong><\/em><\/strong><\/em><\/strong><\/em><\/strong><\/em><\/strong><\/em><\/strong><\/em><\/strong><\/em><\/strong><\/em><\/strong><\/em><\/strong><\/em><\/strong><\/em><\/strong><\/em><\/strong><\/em><\/strong><\/em><\/strong><\/em><\/strong><\/em><\/strong><\/em><\/strong><\/em><\/strong><\/em><\/strong><\/em><\/strong><\/em><\/strong><\/em><\/strong><\/em><\/strong><\/em><\/strong><\/em><\/strong><\/em><\/strong><\/em><\/strong><\/em><\/strong><\/em><\/strong><\/em><\/strong><\/em><\/strong><\/em><\/strong><\/em><\/strong><\/em><\/strong><\/em><\/strong><\/em><\/strong><\/em><\/strong><\/em><\/strong><\/em><\/strong><\/em><\/strong><\/em><\/strong><\/em><\/strong><\/em><\/strong><\/em><\/strong><\/em><\/strong><\/em><\/strong><\/em><\/strong><\/em><\/strong><\/em><\/strong><\/em><\/strong><\/em><\/strong><\/em><\/strong><\/em><\/strong><\/em><\/strong><\/em><\/strong><\/em><\/strong><\/em><\/strong><\/em><\/strong><\/em><\/strong><\/em><\/strong><\/em><\/strong><\/em><\/strong><\/em><\/strong><\/em><\/strong><\/em><\/strong><\/em><\/strong><\/em><\/strong><\/em><\/strong><\/em><\/strong><\/em><\/strong><\/em><\/strong><\/em><\/strong><\/em><\/strong><\/em><\/strong><\/em><\/strong><\/em><\/strong><\/em><\/strong><\/em><\/strong><\/em><\/strong><\/em><\/strong><\/em><\/strong><\/em><\/strong><\/em><\/strong><\/em><\/strong><\/em><\/strong><\/em><\/strong><\/em><\/strong><\/em><\/strong><\/em><\/strong><\/em><\/strong><\/em><\/strong><\/em><\/strong><\/em><\/strong><\/em><\/strong><\/em><\/strong><\/em><\/strong><\/em><\/strong><\/em><\/strong><\/em><\/strong><\/em><\/strong><\/em><\/strong><\/em><\/strong><\/em><\/strong><\/em><\/strong><\/em><\/strong><\/em><\/strong><\/em><\/strong><\/em><\/strong><\/em><\/strong><\/em><\/strong><\/em><\/strong><\/em><\/strong><\/em><\/strong><\/em><\/strong><\/em><\/strong><\/em><\/strong><\/em><\/strong><\/em><\/strong><\/em><\/strong><\/em><\/strong><\/em><\/strong><\/em><\/strong><\/em><\/strong><\/em><\/strong><\/em><\/strong><\/em><\/strong><\/em><\/strong><\/em><\/strong><\/em><\/strong><\/em><\/strong><\/em><\/strong><\/em><\/strong><\/em><\/strong><\/em><\/strong><\/em><\/strong><\/em><\/strong><\/em><\/strong><\/em><\/strong><\/em><\/strong><\/em><\/strong><\/em><\/strong><\/em><\/strong><\/em><\/strong><\/em><\/strong><\/em><\/strong><\/em><\/strong><\/em><\/strong><\/em><\/strong><\/em><\/strong><\/em><\/strong><\/em><\/strong><\/em><\/strong><\/em><\/strong><\/em><\/strong><\/em><\/strong><\/em><\/strong><\/em><\/strong><\/em><\/strong><\/em><\/strong><\/em><\/strong><\/em><\/strong><\/em><\/strong><\/em><\/strong><\/em><\/strong><\/em><\/strong><\/em><\/strong><\/em><\/strong><\/em><\/strong><\/em><\/strong><\/em><\/strong><\/em><\/strong><\/em><\/strong><\/em><\/strong><\/em><\/strong><\/em><\/strong><\/em><\/strong><\/em><\/strong><\/em><\/strong><\/em><\/strong><\/em><\/strong><\/em><\/strong><\/em><\/strong><\/em><\/strong><\/em><\/strong><\/em><\/strong><\/em><\/strong><\/em><\/strong><\/em><\/strong><\/em><\/strong><\/em><\/strong><\/em><\/strong><\/em><\/strong><\/em><\/strong><\/em><\/strong><\/em><\/strong><\/em><\/strong><\/em><\/strong><\/em><\/strong><\/em><\/strong><\/em><\/strong><\/em><\/strong><\/em><\/strong><\/em><\/strong><\/em><\/strong><\/em><\/strong><\/em><\/strong><\/em><\/strong><\/em><\/strong><\/em><\/strong><\/em><\/strong><\/em><\/strong><\/em><\/strong><\/em><\/strong><\/em><\/strong><\/em><\/strong><\/em><\/strong><\/em><\/strong><\/em><\/strong><\/em><\/strong><\/em><\/strong><\/em><\/strong><\/em><\/strong><\/em><\/strong><\/em><\/strong><\/em><\/strong><\/em><\/strong><\/p>\n","protected":false},"excerpt":{"rendered":"<p>A \u00c1guas Andradina, empresa do grupo Igu\u00e1 Saneamento e Sabesp, realizou na noite de ter\u00e7a-feira (30\/09) uma reuni\u00e3o com os moradores do distrito de Planalto para apresentar os detalhes do novo sistema de esgotamento sanit\u00e1rio constru\u00eddo no local. O encontro, realizado na Escola Romeu Martins, reuniu cerca de 70 pessoas que acompanharam as explica\u00e7\u00f5es da &hellip;<\/p>\n","protected":false},"author":1,"featured_media":19753,"comment_status":"open","ping_status":"open","sticky":false,"template":"","format":"standard","meta":{"_jetpack_memberships_contains_paid_content":false,"footnotes":"","jetpack_publicize_message":"","jetpack_publicize_feature_enabled":true,"jetpack_social_post_already_shared":true,"jetpack_social_options":{"image_generator_settings":{"template":"highway","default_image_id":0,"enabled":false},"version":2}},"categories":[4],"tags":[],"class_list":["post-19752","post","type-post","status-publish","format-standard","has-post-thumbnail","hentry","category-regiao"],"jetpack_publicize_connections":[],"jetpack_featured_media_url":"https:\/\/i0.wp.com\/www.paparazzinews.com.br\/wp-content\/uploads\/2025\/10\/f2ec2fff-e1e0-459a-872a-d08fdf42f298-e1759867121979.jpeg?fit=1000%2C750&ssl=1","views":"1680","jetpack_likes_enabled":true,"jetpack_sharing_enabled":true,"_links":{"self":[{"href":"https:\/\/www.paparazzinews.com.br\/index.php?rest_route=\/wp\/v2\/posts\/19752","targetHints":{"allow":["GET"]}}],"collection":[{"href":"https:\/\/www.paparazzinews.com.br\/index.php?rest_route=\/wp\/v2\/posts"}],"about":[{"href":"https:\/\/www.paparazzinews.com.br\/index.php?rest_route=\/wp\/v2\/types\/post"}],"author":[{"embeddable":true,"href":"https:\/\/www.paparazzinews.com.br\/index.php?rest_route=\/wp\/v2\/users\/1"}],"replies":[{"embeddable":true,"href":"https:\/\/www.paparazzinews.com.br\/index.php?rest_route=%2Fwp%2Fv2%2Fcomments&post=19752"}],"version-history":[{"count":1,"href":"https:\/\/www.paparazzinews.com.br\/index.php?rest_route=\/wp\/v2\/posts\/19752\/revisions"}],"predecessor-version":[{"id":19754,"href":"https:\/\/www.paparazzinews.com.br\/index.php?rest_route=\/wp\/v2\/posts\/19752\/revisions\/19754"}],"wp:featuredmedia":[{"embeddable":true,"href":"https:\/\/www.paparazzinews.com.br\/index.php?rest_route=\/wp\/v2\/media\/19753"}],"wp:attachment":[{"href":"https:\/\/www.paparazzinews.com.br\/index.php?rest_route=%2Fwp%2Fv2%2Fmedia&parent=19752"}],"wp:term":[{"taxonomy":"category","embeddable":true,"href":"https:\/\/www.paparazzinews.com.br\/index.php?rest_route=%2Fwp%2Fv2%2Fcategories&post=19752"},{"taxonomy":"post_tag","embeddable":true,"href":"https:\/\/www.paparazzinews.com.br\/index.php?rest_route=%2Fwp%2Fv2%2Ftags&post=19752"}],"curies":[{"name":"wp","href":"https:\/\/api.w.org\/{rel}","templated":true}]}}