{"id":19597,"date":"2025-09-25T17:06:59","date_gmt":"2025-09-25T20:06:59","guid":{"rendered":"https:\/\/www.paparazzinews.com.br\/?p=19597"},"modified":"2025-09-25T17:07:02","modified_gmt":"2025-09-25T20:07:02","slug":"na-comunidade-aguas-andradina-realiza-reuniao-em-planalto-para-orientar-moradores-sobre-novo-sistema-de-esgotamento-sanitario","status":"publish","type":"post","link":"https:\/\/www.paparazzinews.com.br\/?p=19597","title":{"rendered":"NA COMUNIDADE: \u00c1guas Andradina realiza reuni\u00e3o em Planalto para orientar moradores sobre novo sistema de esgotamento sanit\u00e1rio"},"content":{"rendered":"\n<p>A \u00c1guas Andradina, empresa do grupo Igu\u00e1 Saneamento e Sabesp, promove na ter\u00e7a-feira (30\/09) uma reuni\u00e3o com os moradores e l\u00edderes comunit\u00e1rios do distrito de Planalto, \u00e0s 18h30, na Escola Romeu Martins, localizada na Avenida Nheengatu, 240.<\/p>\n\n\n\n<p>O encontro ter\u00e1 a presen\u00e7a do diretor-geral, Lu\u00eds Guilherme Bizelli, e da equipe comercial da concession\u00e1ria que v\u00e3o apresentar detalhes sobre o novo sistema de esgotamento sanit\u00e1rio constru\u00eddo no distrito e orientar\u00e3o a popula\u00e7\u00e3o sobre como proceder para interligar as liga\u00e7\u00f5es de esgoto nas resid\u00eancias na rede coletora que passa na frente de cada im\u00f3vel. O momento tamb\u00e9m estar\u00e1 aberto para as pessoas tirarem d\u00favidas sobre esta novidade no distrito e atualiza\u00e7\u00e3o cadastral.<\/p>\n\n\n\n<p>A obra contempla a constru\u00e7\u00e3o de uma esta\u00e7\u00e3o elevat\u00f3ria que conduzir\u00e1 o esgoto coletado at\u00e9 a Esta\u00e7\u00e3o de Tratamento de Esgoto (ETE) S\u00e3o Pedro II, que possui capacidade para tratar at\u00e9 1,9 milh\u00e3o de litros de esgoto por dia. Foram implantados 4 mil metros de rede coletora, al\u00e9m das liga\u00e7\u00f5es domiciliares necess\u00e1rias para atender diretamente os cerca de 500 moradores do local.<\/p>\n\n\n\n<p>Al\u00e9m da reuni\u00e3o, a \u00c1guas Andradina entregou de casa em casa um panfleto informativo e explicativo sobre a import\u00e2ncia da Esta\u00e7\u00e3o Elevat\u00f3ria e informa\u00e7\u00f5es para o atendimento ao cliente.<\/p>\n\n\n\n<p>Orienta\u00e7\u00f5es aos moradores<\/p>\n\n\n\n<p>Agora, com a obra finalizada, os moradores devem realizar a liga\u00e7\u00e3o individual de esgoto de seus im\u00f3veis \u00e0 rede constru\u00edda pela concession\u00e1ria para desativar as fossas s\u00e9pticas. Para isso, basta entrar em contato com a \u00c1guas Andradina pelos canais de atendimento oficiais.<\/p>\n\n\n\n<p>A cobran\u00e7a da tarifa de esgoto, que chegar\u00e1 para o cliente junto com a conta de \u00e1gua, ser\u00e1 iniciada ap\u00f3s um m\u00eas da interliga\u00e7\u00e3o e ativa\u00e7\u00e3o da liga\u00e7\u00e3o de esgoto na matr\u00edcula. Importante destacar que as obras internas ser\u00e3o de responsabilidade do propriet\u00e1rio de cada im\u00f3vel.<\/p>\n\n\n\n<p>Voc\u00ea sabia?<\/p>\n\n\n\n<p>\u25cf Com a entrada em opera\u00e7\u00e3o deste novo sistema, junto com as esta\u00e7\u00f5es j\u00e1 em funcionamento \u2013 S\u00e3o Pedro I e II, Saudade e Pereira Jord\u00e3o \u2013, Andradina alcan\u00e7ar\u00e1 99% de esgoto coletado e 100% tratado em todo o munic\u00edpio, um dos \u00edndices mais elevados do pa\u00eds.<\/p>\n\n\n\n<p>\u25cf A Organiza\u00e7\u00e3o Mundial de Sa\u00fade prev\u00ea que a cada real investido em saneamento economiza-se nove reais em sa\u00fade. Para os especialistas da OMS, saneamento b\u00e1sico \u00e9 qualidade de vida, promo\u00e7\u00e3o da sa\u00fade \u00e9 um fator essencial para o desenvolvimento econ\u00f4mico e social de uma cidade.<\/p>\n\n\n\n<p>\u25cf Isso porque, as doen\u00e7as relacionadas \u00e0 aus\u00eancia de tratamento de esgoto afetam pessoas de todas as idades, por\u00e9m a pesquisa \u201cSaneamento e Sa\u00fade\u201d, do Instituto Trata Brasil, mostra que as principais v\u00edtimas da falta de sistemas de esgotamento sanit\u00e1rio s\u00e3o as crian\u00e7as de 1 a 6 anos.<\/p>\n\n\n\n<p>\u25cf Quem tiver mais d\u00favidas sobre os servi\u00e7os de \u00e1gua e esgoto, tem \u00e0 disposi\u00e7\u00e3o uma loja de atendimento ao cliente da \u00c1guas Andradina. O endere\u00e7o \u00e9 Rua Dr. Orensy Rodrigues da Silva, n\u00famero 1062, em Andradina, de segunda a sexta-feira, das 8h30 \u00e0s 17h.<\/p>\n\n\n\n<p>Quer saber mais sobre os trabalhos realizados pela \u00c1guas Andradina? Acesse www.igua.com.br\/andradina.<\/p>\n\n\n\n<p><strong><em><strong><em><strong><em><strong><em><strong><em><strong><em><strong><em><strong><em><strong><em><strong><em><strong><em><strong><em><strong><em><strong><em><strong><em><strong><em><strong><em><strong><em><strong><em><strong><em><strong><em><strong><em><strong><em><strong><em><strong><em><strong><em><strong><em><strong><em><strong><em><strong><em><strong><em><strong><em><strong><em><strong><em><strong><em><strong><em><strong><em><strong><em><strong><em><strong><em><strong><em><strong><em><strong><em><strong><em><strong><em><strong><em><strong><em><strong><em><strong><em><strong><em><strong><em><strong><em><strong><em><strong><em><strong><em><strong><em><strong><em><strong><em><strong><em><strong><em><strong><em><strong><em><strong><em><strong><em><strong><em><strong><em><strong><em><strong><em><strong><em><strong><em><strong><em><strong><em><strong><em><strong><em><strong><em><strong><em><strong><em><strong><em><strong><em><strong><em><strong><em><strong><em><strong><em><strong><em><strong><em><strong><em><strong><em><strong><em><strong><em><strong><em><strong><em><strong><em><strong><em><strong><em><strong><em><strong><em><strong><em><strong><em><strong><em><strong><em><strong><em><strong><em><strong><em><strong><em><strong><em><strong><em><strong><em><strong><em><strong><em><strong><em><strong><em><strong><em><strong><em><strong><em><strong><em><strong><em><strong><em><strong><em><strong><em><strong><em><strong><em><strong><em><strong><em><strong><em><strong><em><strong><em><strong><em><strong><em><strong><em><strong><em><strong><em><strong><em><strong><em><strong><em><strong><em><strong><em><strong><em><strong><em><strong><em><strong><em><strong><em><strong><em><strong><em><strong><em><strong><em><strong><em><strong><em><strong><em><strong><em><strong><em><strong><em><strong><em><strong><em><strong><em><strong><em><strong><em><strong><em><strong><em><strong><em><strong><em><strong><em><strong><em><strong><em><strong><em><strong><em><strong><em><strong><em><strong><em><strong><em><strong><em><strong><em><strong><em><strong><em><strong><em><strong><em><strong><em><strong><em><strong><em><strong><em><strong><em><strong><em><strong><em><strong><em><strong><em><strong><em><strong><em><strong><em><strong><em><strong><em><strong><em><strong><em><strong><em><strong><em><strong><em><strong><em><strong><em><strong><em><strong><em><strong><em><strong><em><strong><em><strong><em><strong><em><strong><em><strong><em><strong><em><strong><em><strong><em><strong><em><strong><em><strong><em><strong><em><strong><em><strong><em><strong><em><strong><em><strong><em><strong><em><strong><em><strong><em><strong><em><strong><em><strong><em><strong><em><strong><em><strong><em><strong><em><strong><em><strong><em><strong><em><strong><em><strong><em><strong><em><strong><em><strong><em><strong><em><strong><em><strong><em><strong><em><strong><em><strong><em><strong><em><strong><em><strong><em><strong><em><strong><em><strong><em><strong><em><strong><em><strong><em><strong><em><strong><em><strong><em><strong><em><strong><em><strong>Siga nossas redes sociais e\u00a0participe da nossa comunidade do Canal de noticias do Roni Paparazzi no Whatsapp e receba as principais not\u00edcias da regi\u00e3o de Ara\u00e7atuba do dia direto no seu celular siga nosso \u00a0<\/strong><a href=\"https:\/\/www.instagram.com\/ronipaparazzi\/\">Instagram e\u00a0<\/a><a href=\"https:\/\/www.facebook.com\/ronipaparazzicomvoce\">Facebook<\/a><a href=\"https:\/\/chat.whatsapp.com\/GsG1XKo0jPOEfjzudWQcml\" target=\"_blank\" rel=\"noreferrer noopener\">\u00a0Clique aqui e se inscreva.<\/a><\/em><\/strong><\/em><\/strong><\/em><\/strong><\/em><\/strong><\/em><\/strong><\/em><\/strong><\/em><\/strong><\/em><\/strong><\/em><\/strong><\/em><\/strong><\/em><\/strong><\/em><\/strong><\/em><\/strong><\/em><\/strong><\/em><\/strong><\/em><\/strong><\/em><\/strong><\/em><\/strong><\/em><\/strong><\/em><\/strong><\/em><\/strong><\/em><\/strong><\/em><\/strong><\/em><\/strong><\/em><\/strong><\/em><\/strong><\/em><\/strong><\/em><\/strong><\/em><\/strong><\/em><\/strong><\/em><\/strong><\/em><\/strong><\/em><\/strong><\/em><\/strong><\/em><\/strong><\/em><\/strong><\/em><\/strong><\/em><\/strong><\/em><\/strong><\/em><\/strong><\/em><\/strong><\/em><\/strong><\/em><\/strong><\/em><\/strong><\/em><\/strong><\/em><\/strong><\/em><\/strong><\/em><\/strong><\/em><\/strong><\/em><\/strong><\/em><\/strong><\/em><\/strong><\/em><\/strong><\/em><\/strong><\/em><\/strong><\/em><\/strong><\/em><\/strong><\/em><\/strong><\/em><\/strong><\/em><\/strong><\/em><\/strong><\/em><\/strong><\/em><\/strong><\/em><\/strong><\/em><\/strong><\/em><\/strong><\/em><\/strong><\/em><\/strong><\/em><\/strong><\/em><\/strong><\/em><\/strong><\/em><\/strong><\/em><\/strong><\/em><\/strong><\/em><\/strong><\/em><\/strong><\/em><\/strong><\/em><\/strong><\/em><\/strong><\/em><\/strong><\/em><\/strong><\/em><\/strong><\/em><\/strong><\/em><\/strong><\/em><\/strong><\/em><\/strong><\/em><\/strong><\/em><\/strong><\/em><\/strong><\/em><\/strong><\/em><\/strong><\/em><\/strong><\/em><\/strong><\/em><\/strong><\/em><\/strong><\/em><\/strong><\/em><\/strong><\/em><\/strong><\/em><\/strong><\/em><\/strong><\/em><\/strong><\/em><\/strong><\/em><\/strong><\/em><\/strong><\/em><\/strong><\/em><\/strong><\/em><\/strong><\/em><\/strong><\/em><\/strong><\/em><\/strong><\/em><\/strong><\/em><\/strong><\/em><\/strong><\/em><\/strong><\/em><\/strong><\/em><\/strong><\/em><\/strong><\/em><\/strong><\/em><\/strong><\/em><\/strong><\/em><\/strong><\/em><\/strong><\/em><\/strong><\/em><\/strong><\/em><\/strong><\/em><\/strong><\/em><\/strong><\/em><\/strong><\/em><\/strong><\/em><\/strong><\/em><\/strong><\/em><\/strong><\/em><\/strong><\/em><\/strong><\/em><\/strong><\/em><\/strong><\/em><\/strong><\/em><\/strong><\/em><\/strong><\/em><\/strong><\/em><\/strong><\/em><\/strong><\/em><\/strong><\/em><\/strong><\/em><\/strong><\/em><\/strong><\/em><\/strong><\/em><\/strong><\/em><\/strong><\/em><\/strong><\/em><\/strong><\/em><\/strong><\/em><\/strong><\/em><\/strong><\/em><\/strong><\/em><\/strong><\/em><\/strong><\/em><\/strong><\/em><\/strong><\/em><\/strong><\/em><\/strong><\/em><\/strong><\/em><\/strong><\/em><\/strong><\/em><\/strong><\/em><\/strong><\/em><\/strong><\/em><\/strong><\/em><\/strong><\/em><\/strong><\/em><\/strong><\/em><\/strong><\/em><\/strong><\/em><\/strong><\/em><\/strong><\/em><\/strong><\/em><\/strong><\/em><\/strong><\/em><\/strong><\/em><\/strong><\/em><\/strong><\/em><\/strong><\/em><\/strong><\/em><\/strong><\/em><\/strong><\/em><\/strong><\/em><\/strong><\/em><\/strong><\/em><\/strong><\/em><\/strong><\/em><\/strong><\/em><\/strong><\/em><\/strong><\/em><\/strong><\/em><\/strong><\/em><\/strong><\/em><\/strong><\/em><\/strong><\/em><\/strong><\/em><\/strong><\/em><\/strong><\/em><\/strong><\/em><\/strong><\/em><\/strong><\/em><\/strong><\/em><\/strong><\/em><\/strong><\/em><\/strong><\/em><\/strong><\/em><\/strong><\/em><\/strong><\/em><\/strong><\/em><\/strong><\/em><\/strong><\/em><\/strong><\/em><\/strong><\/em><\/strong><\/em><\/strong><\/em><\/strong><\/em><\/strong><\/em><\/strong><\/em><\/strong><\/em><\/strong><\/em><\/strong><\/em><\/strong><\/em><\/strong><\/em><\/strong><\/em><\/strong><\/em><\/strong><\/em><\/strong><\/em><\/strong><\/em><\/strong><\/em><\/strong><\/em><\/strong><\/em><\/strong><\/em><\/strong><\/em><\/strong><\/em><\/strong><\/em><\/strong><\/em><\/strong><\/em><\/strong><\/em><\/strong><\/em><\/strong><\/em><\/strong><\/em><\/strong><\/em><\/strong><\/em><\/strong><\/em><\/strong><\/em><\/strong><\/em><\/strong><\/em><\/strong><\/em><\/strong><\/em><\/strong><\/em><\/strong><\/em><\/strong><\/p>\n","protected":false},"excerpt":{"rendered":"<p>A \u00c1guas Andradina, empresa do grupo Igu\u00e1 Saneamento e Sabesp, promove na ter\u00e7a-feira (30\/09) uma reuni\u00e3o com os moradores e l\u00edderes comunit\u00e1rios do distrito de Planalto, \u00e0s 18h30, na Escola Romeu Martins, localizada na Avenida Nheengatu, 240. O encontro ter\u00e1 a presen\u00e7a do diretor-geral, Lu\u00eds Guilherme Bizelli, e da equipe comercial da concession\u00e1ria que v\u00e3o &hellip;<\/p>\n","protected":false},"author":1,"featured_media":19598,"comment_status":"open","ping_status":"open","sticky":false,"template":"","format":"standard","meta":{"_jetpack_memberships_contains_paid_content":false,"footnotes":"","jetpack_publicize_message":"","jetpack_publicize_feature_enabled":true,"jetpack_social_post_already_shared":true,"jetpack_social_options":{"image_generator_settings":{"template":"highway","default_image_id":0,"enabled":false},"version":2}},"categories":[4],"tags":[],"class_list":["post-19597","post","type-post","status-publish","format-standard","has-post-thumbnail","hentry","category-regiao"],"jetpack_publicize_connections":[],"jetpack_featured_media_url":"https:\/\/i0.wp.com\/www.paparazzinews.com.br\/wp-content\/uploads\/2025\/09\/e949e457-9b96-499f-9da7-ef11f52a45ba-e1758830801497.jpeg?fit=1000%2C750&ssl=1","views":"1515","jetpack_likes_enabled":true,"jetpack_sharing_enabled":true,"_links":{"self":[{"href":"https:\/\/www.paparazzinews.com.br\/index.php?rest_route=\/wp\/v2\/posts\/19597","targetHints":{"allow":["GET"]}}],"collection":[{"href":"https:\/\/www.paparazzinews.com.br\/index.php?rest_route=\/wp\/v2\/posts"}],"about":[{"href":"https:\/\/www.paparazzinews.com.br\/index.php?rest_route=\/wp\/v2\/types\/post"}],"author":[{"embeddable":true,"href":"https:\/\/www.paparazzinews.com.br\/index.php?rest_route=\/wp\/v2\/users\/1"}],"replies":[{"embeddable":true,"href":"https:\/\/www.paparazzinews.com.br\/index.php?rest_route=%2Fwp%2Fv2%2Fcomments&post=19597"}],"version-history":[{"count":1,"href":"https:\/\/www.paparazzinews.com.br\/index.php?rest_route=\/wp\/v2\/posts\/19597\/revisions"}],"predecessor-version":[{"id":19599,"href":"https:\/\/www.paparazzinews.com.br\/index.php?rest_route=\/wp\/v2\/posts\/19597\/revisions\/19599"}],"wp:featuredmedia":[{"embeddable":true,"href":"https:\/\/www.paparazzinews.com.br\/index.php?rest_route=\/wp\/v2\/media\/19598"}],"wp:attachment":[{"href":"https:\/\/www.paparazzinews.com.br\/index.php?rest_route=%2Fwp%2Fv2%2Fmedia&parent=19597"}],"wp:term":[{"taxonomy":"category","embeddable":true,"href":"https:\/\/www.paparazzinews.com.br\/index.php?rest_route=%2Fwp%2Fv2%2Fcategories&post=19597"},{"taxonomy":"post_tag","embeddable":true,"href":"https:\/\/www.paparazzinews.com.br\/index.php?rest_route=%2Fwp%2Fv2%2Ftags&post=19597"}],"curies":[{"name":"wp","href":"https:\/\/api.w.org\/{rel}","templated":true}]}}