{"id":19449,"date":"2025-09-16T18:09:42","date_gmt":"2025-09-16T21:09:42","guid":{"rendered":"https:\/\/www.paparazzinews.com.br\/?p=19449"},"modified":"2025-09-16T18:09:45","modified_gmt":"2025-09-16T21:09:45","slug":"castilho-realiza-1a-conferencia-da-primeira-infancia-com-destaque-para-redes-de-cuidado-e-aprendizagem","status":"publish","type":"post","link":"https:\/\/www.paparazzinews.com.br\/?p=19449","title":{"rendered":"Castilho realiza 1\u00aa Confer\u00eancia da Primeira Inf\u00e2ncia com destaque para redes de cuidado e aprendizagem"},"content":{"rendered":"\n<p>Nesta <strong>ter\u00e7a-feira (16)<\/strong>, Castilho promoveu a <strong>1\u00aa Confer\u00eancia da Primeira Inf\u00e2ncia<\/strong>, realizada no <strong>Centro Integrado de Educa\u00e7\u00e3o e Cultura (CIEC)<\/strong>, com o tema <em>\u201cTecendo as Inf\u00e2ncias de Castilho: Redes de cuidado, aprendizagem e afeto\u201d<\/em>. O evento foi marcado por reflex\u00f5es profundas, apresenta\u00e7\u00f5es culturais e a participa\u00e7\u00e3o de autoridades e representantes de diversas secretarias. Foto: Ricardo Peixoto _ Grupo Portal.<\/p>\n\n\n\n<h2 class=\"wp-block-heading\"><strong>Abertura cultural emocionante<\/strong><\/h2>\n\n\n\n<p>O p\u00fablico foi recebido com apresenta\u00e7\u00f5es art\u00edsticas que encantaram pela delicadeza e talento das crian\u00e7as. Subiram ao palco alunos do <strong>Projeto Guri<\/strong>, da <strong>creche Musa Telles<\/strong> e da <strong>EMEI Rosemira<\/strong>, que interpretaram m\u00fasicas e encena\u00e7\u00f5es teatrais, refor\u00e7ando a import\u00e2ncia da arte como instrumento de forma\u00e7\u00e3o e express\u00e3o desde cedo.<\/p>\n\n\n\n<h2 class=\"wp-block-heading\"><strong>Palestra de excel\u00eancia<\/strong><\/h2>\n\n\n\n<p>O palestrante convidado, <strong>Oliver Lima<\/strong>, mestrando em Educa\u00e7\u00e3o pela <strong>UNESP de Bauru<\/strong> e pesquisador das inf\u00e2ncias h\u00e1 nove anos, ministrou uma palestra elogiada por sua <strong>did\u00e1tica, profundidade e clareza<\/strong>, despertando reflex\u00f5es sobre a relev\u00e2ncia da primeira inf\u00e2ncia (dos 0 aos 6 anos) no desenvolvimento integral da crian\u00e7a.<\/p>\n\n\n\n<h2 class=\"wp-block-heading\"><strong>Compromisso multissetorial<\/strong><\/h2>\n\n\n\n<p>Al\u00e9m de professores e educadores, o evento contou com representantes das secretarias de <strong>Sa\u00fade, Assist\u00eancia Social, Meio Ambiente e Turismo<\/strong>, evidenciando o compromisso coletivo de diferentes \u00e1reas com a prote\u00e7\u00e3o e promo\u00e7\u00e3o da inf\u00e2ncia.<\/p>\n\n\n\n<p>Cada secret\u00e1rio apresentou <strong>a\u00e7\u00f5es e desafios de suas pastas<\/strong> relacionados ao tema, demonstrando a necessidade de pol\u00edticas interligadas para garantir melhor qualidade de vida \u00e0s crian\u00e7as e suas fam\u00edlias.<\/p>\n\n\n\n<h2 class=\"wp-block-heading\"><strong>Autoridades presentes<\/strong><\/h2>\n\n\n\n<p>Participaram do evento o prefeito <strong>Paulo Boaventura<\/strong>, o vice-prefeito <strong>Jo\u00e3o Gabriel<\/strong>, a primeira-dama <strong>Edileuza Boaventura<\/strong>, al\u00e9m dos vereadores <strong>Jo\u00e3o Paulo Ara\u00fajo<\/strong>, <strong>Val\u00e9ria F\u00e1vero<\/strong> e <strong>Daniel Batista<\/strong>.<\/p>\n\n\n\n<p>Durante seu pronunciamento, o prefeito destacou a autonomia dada aos secret\u00e1rios para atuarem em prol da inf\u00e2ncia e anunciou que este foi o <strong>\u00faltimo evento realizado no anfiteatro do CIEC antes de uma ampla reforma<\/strong> do espa\u00e7o.<\/p>\n\n\n\n<p>A primeira-dama Edileuza Boaventura emocionou o p\u00fablico ao compartilhar um testemunho pessoal sobre como a <strong>arte transformou sua inf\u00e2ncia<\/strong>, citando a influ\u00eancia dos discos de Chico Buarque que marcaram sua forma\u00e7\u00e3o e de suas irm\u00e3s, todas professoras.<\/p>\n\n\n\n<h2 class=\"wp-block-heading\"><strong>Avan\u00e7os esperados<\/strong><\/h2>\n\n\n\n<p>Os vereadores presentes refor\u00e7aram o compromisso da C\u00e2mara em <strong>priorizar e votar os documentos oficiais relacionados \u00e0 primeira inf\u00e2ncia<\/strong>, fortalecendo as pol\u00edticas p\u00fablicas voltadas \u00e0s crian\u00e7as de Castilho.<\/p>\n\n\n\n<p><strong><em><strong><em><strong><em><strong><em><strong><em><strong><em><strong><em><strong><em><strong><em><strong><em><strong><em><strong><em><strong><em><strong><em><strong><em><strong><em><strong><em><strong><em><strong><em><strong><em><strong><em><strong><em><strong><em><strong><em><strong><em><strong><em><strong><em><strong><em><strong><em><strong><em><strong><em><strong><em><strong><em><strong><em><strong><em><strong><em><strong><em><strong><em><strong><em><strong><em><strong><em><strong><em><strong><em><strong><em><strong><em><strong><em><strong><em><strong><em><strong><em><strong><em><strong><em><strong><em><strong><em><strong><em><strong><em><strong><em><strong><em><strong><em><strong><em><strong><em><strong><em><strong><em><strong><em><strong><em><strong><em><strong><em><strong><em><strong><em><strong><em><strong><em><strong><em><strong><em><strong><em><strong><em><strong><em><strong><em><strong><em><strong><em><strong><em><strong><em><strong><em><strong><em><strong><em><strong><em><strong><em><strong><em><strong><em><strong><em><strong><em><strong><em><strong><em><strong><em><strong><em><strong><em><strong><em><strong><em><strong><em><strong><em><strong><em><strong><em><strong><em><strong><em><strong><em><strong><em><strong><em><strong><em><strong><em><strong><em><strong><em><strong><em><strong><em><strong><em><strong><em><strong><em><strong><em><strong><em><strong><em><strong><em><strong><em><strong><em><strong><em><strong><em><strong><em><strong><em><strong><em><strong><em><strong><em><strong><em><strong><em><strong><em><strong><em><strong><em><strong><em><strong><em><strong><em><strong><em><strong><em><strong><em><strong><em><strong><em><strong><em><strong><em><strong><em><strong><em><strong><em><strong><em><strong><em><strong><em><strong><em><strong><em><strong><em><strong><em><strong><em><strong><em><strong><em><strong><em><strong><em><strong><em><strong><em><strong><em><strong><em><strong><em><strong><em><strong><em><strong><em><strong><em><strong><em><strong><em><strong><em><strong><em><strong><em><strong><em><strong><em><strong><em><strong><em><strong><em><strong><em><strong><em><strong><em><strong><em><strong><em><strong><em><strong><em><strong><em><strong><em><strong><em><strong><em><strong><em><strong><em><strong><em><strong><em><strong><em><strong><em><strong><em><strong><em><strong><em><strong><em><strong><em><strong><em><strong><em><strong><em><strong><em><strong><em><strong><em><strong><em><strong><em><strong><em><strong><em><strong><em><strong><em><strong><em><strong><em><strong><em><strong><em><strong><em><strong><em><strong><em><strong><em><strong><em><strong><em><strong><em><strong><em><strong><em><strong><em><strong><em><strong><em><strong><em><strong><em><strong><em><strong><em><strong><em><strong><em><strong><em><strong><em><strong><em><strong><em><strong><em><strong><em><strong><em><strong><em><strong><em><strong><em><strong><em><strong><em><strong><em><strong><em><strong><em><strong><em><strong><em><strong><em><strong>Siga nossas redes sociais e&nbsp;participe da nossa comunidade do Canal de noticias do Roni Paparazzi no Whatsapp e receba as principais not\u00edcias da regi\u00e3o de Ara\u00e7atuba do dia direto no seu celular siga nosso &nbsp;<a href=\"https:\/\/www.instagram.com\/ronipaparazzi\/\">Instagram e&nbsp;<\/a><a href=\"https:\/\/www.facebook.com\/ronipaparazzicomvoce\">Facebook<\/a><a href=\"https:\/\/chat.whatsapp.com\/GsG1XKo0jPOEfjzudWQcml\" target=\"_blank\" rel=\"noreferrer noopener\">&nbsp;Clique aqui e se inscreva.<\/a><\/strong><\/em><\/strong><\/em><\/strong><\/em><\/strong><\/em><\/strong><\/em><\/strong><\/em><\/strong><\/em><\/strong><\/em><\/strong><\/em><\/strong><\/em><\/strong><\/em><\/strong><\/em><\/strong><\/em><\/strong><\/em><\/strong><\/em><\/strong><\/em><\/strong><\/em><\/strong><\/em><\/strong><\/em><\/strong><\/em><\/strong><\/em><\/strong><\/em><\/strong><\/em><\/strong><\/em><\/strong><\/em><\/strong><\/em><\/strong><\/em><\/strong><\/em><\/strong><\/em><\/strong><\/em><\/strong><\/em><\/strong><\/em><\/strong><\/em><\/strong><\/em><\/strong><\/em><\/strong><\/em><\/strong><\/em><\/strong><\/em><\/strong><\/em><\/strong><\/em><\/strong><\/em><\/strong><\/em><\/strong><\/em><\/strong><\/em><\/strong><\/em><\/strong><\/em><\/strong><\/em><\/strong><\/em><\/strong><\/em><\/strong><\/em><\/strong><\/em><\/strong><\/em><\/strong><\/em><\/strong><\/em><\/strong><\/em><\/strong><\/em><\/strong><\/em><\/strong><\/em><\/strong><\/em><\/strong><\/em><\/strong><\/em><\/strong><\/em><\/strong><\/em><\/strong><\/em><\/strong><\/em><\/strong><\/em><\/strong><\/em><\/strong><\/em><\/strong><\/em><\/strong><\/em><\/strong><\/em><\/strong><\/em><\/strong><\/em><\/strong><\/em><\/strong><\/em><\/strong><\/em><\/strong><\/em><\/strong><\/em><\/strong><\/em><\/strong><\/em><\/strong><\/em><\/strong><\/em><\/strong><\/em><\/strong><\/em><\/strong><\/em><\/strong><\/em><\/strong><\/em><\/strong><\/em><\/strong><\/em><\/strong><\/em><\/strong><\/em><\/strong><\/em><\/strong><\/em><\/strong><\/em><\/strong><\/em><\/strong><\/em><\/strong><\/em><\/strong><\/em><\/strong><\/em><\/strong><\/em><\/strong><\/em><\/strong><\/em><\/strong><\/em><\/strong><\/em><\/strong><\/em><\/strong><\/em><\/strong><\/em><\/strong><\/em><\/strong><\/em><\/strong><\/em><\/strong><\/em><\/strong><\/em><\/strong><\/em><\/strong><\/em><\/strong><\/em><\/strong><\/em><\/strong><\/em><\/strong><\/em><\/strong><\/em><\/strong><\/em><\/strong><\/em><\/strong><\/em><\/strong><\/em><\/strong><\/em><\/strong><\/em><\/strong><\/em><\/strong><\/em><\/strong><\/em><\/strong><\/em><\/strong><\/em><\/strong><\/em><\/strong><\/em><\/strong><\/em><\/strong><\/em><\/strong><\/em><\/strong><\/em><\/strong><\/em><\/strong><\/em><\/strong><\/em><\/strong><\/em><\/strong><\/em><\/strong><\/em><\/strong><\/em><\/strong><\/em><\/strong><\/em><\/strong><\/em><\/strong><\/em><\/strong><\/em><\/strong><\/em><\/strong><\/em><\/strong><\/em><\/strong><\/em><\/strong><\/em><\/strong><\/em><\/strong><\/em><\/strong><\/em><\/strong><\/em><\/strong><\/em><\/strong><\/em><\/strong><\/em><\/strong><\/em><\/strong><\/em><\/strong><\/em><\/strong><\/em><\/strong><\/em><\/strong><\/em><\/strong><\/em><\/strong><\/em><\/strong><\/em><\/strong><\/em><\/strong><\/em><\/strong><\/em><\/strong><\/em><\/strong><\/em><\/strong><\/em><\/strong><\/em><\/strong><\/em><\/strong><\/em><\/strong><\/em><\/strong><\/em><\/strong><\/em><\/strong><\/em><\/strong><\/em><\/strong><\/em><\/strong><\/em><\/strong><\/em><\/strong><\/em><\/strong><\/em><\/strong><\/em><\/strong><\/em><\/strong><\/em><\/strong><\/em><\/strong><\/em><\/strong><\/em><\/strong><\/em><\/strong><\/em><\/strong><\/em><\/strong><\/em><\/strong><\/em><\/strong><\/em><\/strong><\/em><\/strong><\/em><\/strong><\/em><\/strong><\/em><\/strong><\/em><\/strong><\/em><\/strong><\/em><\/strong><\/em><\/strong><\/em><\/strong><\/em><\/strong><\/em><\/strong><\/em><\/strong><\/em><\/strong><\/em><\/strong><\/em><\/strong><\/em><\/strong><\/em><\/strong><\/em><\/strong><\/em><\/strong><\/em><\/strong><\/em><\/strong><\/em><\/strong><\/em><\/strong><\/em><\/strong><\/em><\/strong><\/em><\/strong><\/em><\/strong><\/em><\/strong><\/em><\/strong><\/em><\/strong><\/em><\/strong><\/em><\/strong><\/em><\/strong><\/em><\/strong><\/em><\/strong><\/em><\/strong><\/em><\/strong><\/em><\/strong><\/em><\/strong><\/em><\/strong><\/em><\/strong><\/em><\/strong><\/em><\/strong><\/em><\/strong><\/em><\/strong><\/em><\/strong><\/em><\/strong><\/em><\/strong><\/em><\/strong><\/em><\/strong><\/p>\n","protected":false},"excerpt":{"rendered":"<p>Nesta ter\u00e7a-feira (16), Castilho promoveu a 1\u00aa Confer\u00eancia da Primeira Inf\u00e2ncia, realizada no Centro Integrado de Educa\u00e7\u00e3o e Cultura (CIEC), com o tema \u201cTecendo as Inf\u00e2ncias de Castilho: Redes de cuidado, aprendizagem e afeto\u201d. O evento foi marcado por reflex\u00f5es profundas, apresenta\u00e7\u00f5es culturais e a participa\u00e7\u00e3o de autoridades e representantes de diversas secretarias. Foto: Ricardo &hellip;<\/p>\n","protected":false},"author":1,"featured_media":19450,"comment_status":"open","ping_status":"open","sticky":false,"template":"","format":"standard","meta":{"_jetpack_memberships_contains_paid_content":false,"footnotes":"","jetpack_publicize_message":"","jetpack_publicize_feature_enabled":true,"jetpack_social_post_already_shared":true,"jetpack_social_options":{"image_generator_settings":{"template":"highway","default_image_id":0,"enabled":false},"version":2}},"categories":[4],"tags":[],"class_list":["post-19449","post","type-post","status-publish","format-standard","has-post-thumbnail","hentry","category-regiao"],"jetpack_publicize_connections":[],"jetpack_featured_media_url":"https:\/\/i0.wp.com\/www.paparazzinews.com.br\/wp-content\/uploads\/2025\/09\/53135bc9-67a6-4ac1-b716-efec02ba7564-e1758056959195.jpeg?fit=1000%2C667&ssl=1","views":"957","jetpack_likes_enabled":true,"jetpack_sharing_enabled":true,"_links":{"self":[{"href":"https:\/\/www.paparazzinews.com.br\/index.php?rest_route=\/wp\/v2\/posts\/19449","targetHints":{"allow":["GET"]}}],"collection":[{"href":"https:\/\/www.paparazzinews.com.br\/index.php?rest_route=\/wp\/v2\/posts"}],"about":[{"href":"https:\/\/www.paparazzinews.com.br\/index.php?rest_route=\/wp\/v2\/types\/post"}],"author":[{"embeddable":true,"href":"https:\/\/www.paparazzinews.com.br\/index.php?rest_route=\/wp\/v2\/users\/1"}],"replies":[{"embeddable":true,"href":"https:\/\/www.paparazzinews.com.br\/index.php?rest_route=%2Fwp%2Fv2%2Fcomments&post=19449"}],"version-history":[{"count":1,"href":"https:\/\/www.paparazzinews.com.br\/index.php?rest_route=\/wp\/v2\/posts\/19449\/revisions"}],"predecessor-version":[{"id":19451,"href":"https:\/\/www.paparazzinews.com.br\/index.php?rest_route=\/wp\/v2\/posts\/19449\/revisions\/19451"}],"wp:featuredmedia":[{"embeddable":true,"href":"https:\/\/www.paparazzinews.com.br\/index.php?rest_route=\/wp\/v2\/media\/19450"}],"wp:attachment":[{"href":"https:\/\/www.paparazzinews.com.br\/index.php?rest_route=%2Fwp%2Fv2%2Fmedia&parent=19449"}],"wp:term":[{"taxonomy":"category","embeddable":true,"href":"https:\/\/www.paparazzinews.com.br\/index.php?rest_route=%2Fwp%2Fv2%2Fcategories&post=19449"},{"taxonomy":"post_tag","embeddable":true,"href":"https:\/\/www.paparazzinews.com.br\/index.php?rest_route=%2Fwp%2Fv2%2Ftags&post=19449"}],"curies":[{"name":"wp","href":"https:\/\/api.w.org\/{rel}","templated":true}]}}