{"id":19443,"date":"2025-09-16T16:28:46","date_gmt":"2025-09-16T19:28:46","guid":{"rendered":"https:\/\/www.paparazzinews.com.br\/?p=19443"},"modified":"2025-09-16T16:28:48","modified_gmt":"2025-09-16T19:28:48","slug":"promotor-lincoln-gakyia-fala-sobre-assassinato-de-ex-delegado-e-defende-legislacao-antimafia","status":"publish","type":"post","link":"https:\/\/www.paparazzinews.com.br\/?p=19443","title":{"rendered":"Promotor Lincoln Gakyia fala sobre assassinato de ex-delegado e defende legisla\u00e7\u00e3o antim\u00e1fia"},"content":{"rendered":"\n<p>O assassinato do <strong>ex-delegado-geral da Pol\u00edcia Civil de S\u00e3o Paulo, Ruy Fontes<\/strong>, executado em uma emboscada por criminosos fortemente armados na \u00faltima segunda-feira (15), Praia Grande, gerou forte repercuss\u00e3o no meio jur\u00eddico e policial.<\/p>\n\n\n\n<p>Nesta <strong>ter\u00e7a-feira (16)<\/strong>, o <strong>promotor de Justi\u00e7a Lincoln Gakyia<\/strong>, do <strong>GAECO de Presidente Prudente<\/strong>, concedeu entrevista \u00e0 <strong>CNN Brasil<\/strong> e comentou o crime que abalou o estado. Reconhecido por mais de duas d\u00e9cadas de atua\u00e7\u00e3o no combate ao <strong>PCC<\/strong>, o promotor vive sob escolta armada do <strong>BAEP<\/strong> h\u00e1 quase 20 anos devido \u00e0s constantes amea\u00e7as da organiza\u00e7\u00e3o criminosa.<\/p>\n\n\n\n<h2 class=\"wp-block-heading\"><strong>Preocupa\u00e7\u00e3o com a falta de prote\u00e7\u00e3o<\/strong><\/h2>\n\n\n\n<p>Lincoln afirmou estar \u201c<strong>absolutamente chocado e abalado<\/strong>\u201d com a morte de Ruy Fontes, com quem trabalhou no passado. Ele lembrou que j\u00e1 havia comunicado pessoalmente ao delegado sobre amea\u00e7as vindas de dentro da penitenci\u00e1ria de Presidente Venceslau desde 2006, al\u00e9m de planos mais recentes do crime organizado para assassinar autoridades do estado.<\/p>\n\n\n\n<blockquote class=\"wp-block-quote is-layout-flow wp-block-quote-is-layout-flow\">\n<p><em>\u201cEu mesmo comuniquei ao Dr. Ruy pelo menos tr\u00eas vezes sobre amea\u00e7as. No ano passado tivemos informa\u00e7\u00f5es de que havia um plano para matar algumas autoridades, e ele estava nessa lista. Na \u00e9poca, me disse: \u2018o senhor ainda tem escolta, eu, aposentado, n\u00e3o posso contar com isso\u2019\u201d<\/em>, relatou o promotor.<\/p>\n<\/blockquote>\n\n\n\n<h2 class=\"wp-block-heading\"><strong>Defesa de legisla\u00e7\u00e3o antim\u00e1fia<\/strong><\/h2>\n\n\n\n<p>Durante a entrevista, Lincoln destacou a necessidade de uma <strong>legisla\u00e7\u00e3o federal que garanta prote\u00e7\u00e3o permanente a autoridades<\/strong> que atuam no enfrentamento ao crime organizado \u2014 n\u00e3o apenas durante o exerc\u00edcio do cargo, mas tamb\u00e9m ap\u00f3s a aposentadoria.<\/p>\n\n\n\n<blockquote class=\"wp-block-quote is-layout-flow wp-block-quote-is-layout-flow\">\n<p><em>\u201cPrecisamos de uma legisla\u00e7\u00e3o que permita ao policial, promotor, juiz, desembargador, oficial da Receita ou qualquer autoridade amea\u00e7ada ter uma seguran\u00e7a armada assegurada, como \u00e9 o meu caso. N\u00e3o podemos depender apenas da boa vontade de governos de plant\u00e3o\u201d<\/em>, afirmou.<\/p>\n<\/blockquote>\n\n\n\n<p>O promotor citou que colaborou na elabora\u00e7\u00e3o de um <strong>anteprojeto de lei antim\u00e1fia<\/strong>, j\u00e1 em an\u00e1lise no Minist\u00e9rio da Justi\u00e7a, que prev\u00ea n\u00e3o s\u00f3 a prote\u00e7\u00e3o de autoridades, mas tamb\u00e9m de <strong>testemunhas e v\u00edtimas<\/strong> amea\u00e7adas pelo crime organizado.<\/p>\n\n\n\n<h2 class=\"wp-block-heading\"><strong>Poss\u00edvel retalia\u00e7\u00e3o<\/strong><\/h2>\n\n\n\n<p>Apesar de destacar que ainda \u00e9 cedo para afirmar a autoria do crime, Lincoln apontou que <strong>h\u00e1 ind\u00edcios de envolvimento do crime organizado<\/strong>.<\/p>\n\n\n\n<blockquote class=\"wp-block-quote is-layout-flow wp-block-quote-is-layout-flow\">\n<p><em>\u201cExiste sim grande possibilidade do PCC estar por tr\u00e1s deste homic\u00eddio b\u00e1rbaro. Se isso se confirmar, ser\u00e1 a cr\u00f4nica de uma morte anunciada\u201d<\/em>, disse o promotor.<\/p>\n<\/blockquote>\n\n\n\n<p>O secret\u00e1rio de Seguran\u00e7a P\u00fablica de S\u00e3o Paulo, <strong>Guilherme Derrite<\/strong>, j\u00e1 confirmou que dois suspeitos foram identificados, sendo um deles ligado ao crime organizado.<\/p>\n\n\n\n<h2 class=\"wp-block-heading\"><strong>Fim de carreira sob risco<\/strong><\/h2>\n\n\n\n<p>Pr\u00f3ximo da aposentadoria, Lincoln afirmou n\u00e3o saber se conseguir\u00e1 seguir uma nova carreira fora do Minist\u00e9rio P\u00fablico sem uma lei que lhe assegure prote\u00e7\u00e3o.<\/p>\n\n\n\n<blockquote class=\"wp-block-quote is-layout-flow wp-block-quote-is-layout-flow\">\n<p><em>\u201cEstou na \u00faltima quadra da minha vida profissional. Ano que vem completo os requisitos para aposentadoria, mas n\u00e3o sei se ser\u00e1 poss\u00edvel me afastar. Sem legisla\u00e7\u00e3o espec\u00edfica, eu posso ser abandonado \u00e0 pr\u00f3pria sorte, assim como aconteceu com o Dr. Ruy\u201d<\/em>, concluiu.<\/p>\n<\/blockquote>\n\n\n\n<p><strong><em><strong><em><strong><em><strong><em><strong><em><strong><em><strong><em><strong><em><strong><em><strong><em><strong><em><strong><em><strong><em><strong><em><strong><em><strong><em><strong><em><strong><em><strong><em><strong><em><strong><em><strong><em><strong><em><strong><em><strong><em><strong><em><strong><em><strong><em><strong><em><strong><em><strong><em><strong><em><strong><em><strong><em><strong><em><strong><em><strong><em><strong><em><strong><em><strong><em><strong><em><strong><em><strong><em><strong><em><strong><em><strong><em><strong><em><strong><em><strong><em><strong><em><strong><em><strong><em><strong><em><strong><em><strong><em><strong><em><strong><em><strong><em><strong><em><strong><em><strong><em><strong><em><strong><em><strong><em><strong><em><strong><em><strong><em><strong><em><strong><em><strong><em><strong><em><strong><em><strong><em><strong><em><strong><em><strong><em><strong><em><strong><em><strong><em><strong><em><strong><em><strong><em><strong><em><strong><em><strong><em><strong><em><strong><em><strong><em><strong><em><strong><em><strong><em><strong><em><strong><em><strong><em><strong><em><strong><em><strong><em><strong><em><strong><em><strong><em><strong><em><strong><em><strong><em><strong><em><strong><em><strong><em><strong><em><strong><em><strong><em><strong><em><strong><em><strong><em><strong><em><strong><em><strong><em><strong><em><strong><em><strong><em><strong><em><strong><em><strong><em><strong><em><strong><em><strong><em><strong><em><strong><em><strong><em><strong><em><strong><em><strong><em><strong><em><strong><em><strong><em><strong><em><strong><em><strong><em><strong><em><strong><em><strong><em><strong><em><strong><em><strong><em><strong><em><strong><em><strong><em><strong><em><strong><em><strong><em><strong><em><strong><em><strong><em><strong><em><strong><em><strong><em><strong><em><strong><em><strong><em><strong><em><strong><em><strong><em><strong><em><strong><em><strong><em><strong><em><strong><em><strong><em><strong><em><strong><em><strong><em><strong><em><strong><em><strong><em><strong><em><strong><em><strong><em><strong><em><strong><em><strong><em><strong><em><strong><em><strong><em><strong><em><strong><em><strong><em><strong><em><strong><em><strong><em><strong><em><strong><em><strong><em><strong><em><strong><em><strong><em><strong><em><strong><em><strong><em><strong><em><strong><em><strong><em><strong><em><strong><em><strong><em><strong><em><strong><em><strong><em><strong><em><strong><em><strong><em><strong><em><strong><em><strong><em><strong><em><strong><em><strong><em><strong><em><strong><em><strong><em><strong><em><strong><em><strong><em><strong><em><strong><em><strong><em><strong><em><strong><em><strong><em><strong><em><strong><em><strong><em><strong><em><strong><em><strong><em><strong><em><strong><em><strong><em><strong><em><strong><em><strong><em><strong><em><strong><em><strong><em><strong><em><strong><em><strong><em><strong><em><strong><em><strong><em><strong><em><strong><em><strong><em><strong>Siga nossas redes sociais e&nbsp;participe da nossa comunidade do Canal de noticias do Roni Paparazzi no Whatsapp e receba as principais not\u00edcias da regi\u00e3o de Ara\u00e7atuba do dia direto no seu celular siga nosso &nbsp;<a href=\"https:\/\/www.instagram.com\/ronipaparazzi\/\">Instagram e&nbsp;<\/a><a href=\"https:\/\/www.facebook.com\/ronipaparazzicomvoce\">Facebook<\/a><a href=\"https:\/\/chat.whatsapp.com\/GsG1XKo0jPOEfjzudWQcml\" target=\"_blank\" rel=\"noreferrer noopener\">&nbsp;Clique aqui e se inscreva.<\/a><\/strong><\/em><\/strong><\/em><\/strong><\/em><\/strong><\/em><\/strong><\/em><\/strong><\/em><\/strong><\/em><\/strong><\/em><\/strong><\/em><\/strong><\/em><\/strong><\/em><\/strong><\/em><\/strong><\/em><\/strong><\/em><\/strong><\/em><\/strong><\/em><\/strong><\/em><\/strong><\/em><\/strong><\/em><\/strong><\/em><\/strong><\/em><\/strong><\/em><\/strong><\/em><\/strong><\/em><\/strong><\/em><\/strong><\/em><\/strong><\/em><\/strong><\/em><\/strong><\/em><\/strong><\/em><\/strong><\/em><\/strong><\/em><\/strong><\/em><\/strong><\/em><\/strong><\/em><\/strong><\/em><\/strong><\/em><\/strong><\/em><\/strong><\/em><\/strong><\/em><\/strong><\/em><\/strong><\/em><\/strong><\/em><\/strong><\/em><\/strong><\/em><\/strong><\/em><\/strong><\/em><\/strong><\/em><\/strong><\/em><\/strong><\/em><\/strong><\/em><\/strong><\/em><\/strong><\/em><\/strong><\/em><\/strong><\/em><\/strong><\/em><\/strong><\/em><\/strong><\/em><\/strong><\/em><\/strong><\/em><\/strong><\/em><\/strong><\/em><\/strong><\/em><\/strong><\/em><\/strong><\/em><\/strong><\/em><\/strong><\/em><\/strong><\/em><\/strong><\/em><\/strong><\/em><\/strong><\/em><\/strong><\/em><\/strong><\/em><\/strong><\/em><\/strong><\/em><\/strong><\/em><\/strong><\/em><\/strong><\/em><\/strong><\/em><\/strong><\/em><\/strong><\/em><\/strong><\/em><\/strong><\/em><\/strong><\/em><\/strong><\/em><\/strong><\/em><\/strong><\/em><\/strong><\/em><\/strong><\/em><\/strong><\/em><\/strong><\/em><\/strong><\/em><\/strong><\/em><\/strong><\/em><\/strong><\/em><\/strong><\/em><\/strong><\/em><\/strong><\/em><\/strong><\/em><\/strong><\/em><\/strong><\/em><\/strong><\/em><\/strong><\/em><\/strong><\/em><\/strong><\/em><\/strong><\/em><\/strong><\/em><\/strong><\/em><\/strong><\/em><\/strong><\/em><\/strong><\/em><\/strong><\/em><\/strong><\/em><\/strong><\/em><\/strong><\/em><\/strong><\/em><\/strong><\/em><\/strong><\/em><\/strong><\/em><\/strong><\/em><\/strong><\/em><\/strong><\/em><\/strong><\/em><\/strong><\/em><\/strong><\/em><\/strong><\/em><\/strong><\/em><\/strong><\/em><\/strong><\/em><\/strong><\/em><\/strong><\/em><\/strong><\/em><\/strong><\/em><\/strong><\/em><\/strong><\/em><\/strong><\/em><\/strong><\/em><\/strong><\/em><\/strong><\/em><\/strong><\/em><\/strong><\/em><\/strong><\/em><\/strong><\/em><\/strong><\/em><\/strong><\/em><\/strong><\/em><\/strong><\/em><\/strong><\/em><\/strong><\/em><\/strong><\/em><\/strong><\/em><\/strong><\/em><\/strong><\/em><\/strong><\/em><\/strong><\/em><\/strong><\/em><\/strong><\/em><\/strong><\/em><\/strong><\/em><\/strong><\/em><\/strong><\/em><\/strong><\/em><\/strong><\/em><\/strong><\/em><\/strong><\/em><\/strong><\/em><\/strong><\/em><\/strong><\/em><\/strong><\/em><\/strong><\/em><\/strong><\/em><\/strong><\/em><\/strong><\/em><\/strong><\/em><\/strong><\/em><\/strong><\/em><\/strong><\/em><\/strong><\/em><\/strong><\/em><\/strong><\/em><\/strong><\/em><\/strong><\/em><\/strong><\/em><\/strong><\/em><\/strong><\/em><\/strong><\/em><\/strong><\/em><\/strong><\/em><\/strong><\/em><\/strong><\/em><\/strong><\/em><\/strong><\/em><\/strong><\/em><\/strong><\/em><\/strong><\/em><\/strong><\/em><\/strong><\/em><\/strong><\/em><\/strong><\/em><\/strong><\/em><\/strong><\/em><\/strong><\/em><\/strong><\/em><\/strong><\/em><\/strong><\/em><\/strong><\/em><\/strong><\/em><\/strong><\/em><\/strong><\/em><\/strong><\/em><\/strong><\/em><\/strong><\/em><\/strong><\/em><\/strong><\/em><\/strong><\/em><\/strong><\/em><\/strong><\/em><\/strong><\/em><\/strong><\/em><\/strong><\/em><\/strong><\/em><\/strong><\/em><\/strong><\/em><\/strong><\/em><\/strong><\/em><\/strong><\/em><\/strong><\/em><\/strong><\/em><\/strong><\/em><\/strong><\/em><\/strong><\/em><\/strong><\/em><\/strong><\/em><\/strong><\/em><\/strong><\/em><\/strong><\/em><\/strong><\/em><\/strong><\/em><\/strong><\/em><\/strong><\/em><\/strong><\/em><\/strong><\/em><\/strong><\/em><\/strong><\/em><\/strong><\/em><\/strong><\/em><\/strong><\/em><\/strong><\/em><\/strong><\/em><\/strong><\/em><\/strong><\/p>\n","protected":false},"excerpt":{"rendered":"<p>O assassinato do ex-delegado-geral da Pol\u00edcia Civil de S\u00e3o Paulo, Ruy Fontes, executado em uma emboscada por criminosos fortemente armados na \u00faltima segunda-feira (15), Praia Grande, gerou forte repercuss\u00e3o no meio jur\u00eddico e policial. Nesta ter\u00e7a-feira (16), o promotor de Justi\u00e7a Lincoln Gakyia, do GAECO de Presidente Prudente, concedeu entrevista \u00e0 CNN Brasil e comentou &hellip;<\/p>\n","protected":false},"author":1,"featured_media":19444,"comment_status":"open","ping_status":"open","sticky":false,"template":"","format":"standard","meta":{"_jetpack_memberships_contains_paid_content":false,"footnotes":"","jetpack_publicize_message":"","jetpack_publicize_feature_enabled":true,"jetpack_social_post_already_shared":true,"jetpack_social_options":{"image_generator_settings":{"template":"highway","default_image_id":0,"enabled":false},"version":2}},"categories":[3],"tags":[],"class_list":["post-19443","post","type-post","status-publish","format-standard","has-post-thumbnail","hentry","category-policial"],"jetpack_publicize_connections":[],"jetpack_featured_media_url":"https:\/\/i0.wp.com\/www.paparazzinews.com.br\/wp-content\/uploads\/2025\/09\/Captura-de-tela-2025-09-16-161750.jpg?fit=924%2C517&ssl=1","views":"866","jetpack_likes_enabled":true,"jetpack_sharing_enabled":true,"_links":{"self":[{"href":"https:\/\/www.paparazzinews.com.br\/index.php?rest_route=\/wp\/v2\/posts\/19443","targetHints":{"allow":["GET"]}}],"collection":[{"href":"https:\/\/www.paparazzinews.com.br\/index.php?rest_route=\/wp\/v2\/posts"}],"about":[{"href":"https:\/\/www.paparazzinews.com.br\/index.php?rest_route=\/wp\/v2\/types\/post"}],"author":[{"embeddable":true,"href":"https:\/\/www.paparazzinews.com.br\/index.php?rest_route=\/wp\/v2\/users\/1"}],"replies":[{"embeddable":true,"href":"https:\/\/www.paparazzinews.com.br\/index.php?rest_route=%2Fwp%2Fv2%2Fcomments&post=19443"}],"version-history":[{"count":1,"href":"https:\/\/www.paparazzinews.com.br\/index.php?rest_route=\/wp\/v2\/posts\/19443\/revisions"}],"predecessor-version":[{"id":19445,"href":"https:\/\/www.paparazzinews.com.br\/index.php?rest_route=\/wp\/v2\/posts\/19443\/revisions\/19445"}],"wp:featuredmedia":[{"embeddable":true,"href":"https:\/\/www.paparazzinews.com.br\/index.php?rest_route=\/wp\/v2\/media\/19444"}],"wp:attachment":[{"href":"https:\/\/www.paparazzinews.com.br\/index.php?rest_route=%2Fwp%2Fv2%2Fmedia&parent=19443"}],"wp:term":[{"taxonomy":"category","embeddable":true,"href":"https:\/\/www.paparazzinews.com.br\/index.php?rest_route=%2Fwp%2Fv2%2Fcategories&post=19443"},{"taxonomy":"post_tag","embeddable":true,"href":"https:\/\/www.paparazzinews.com.br\/index.php?rest_route=%2Fwp%2Fv2%2Ftags&post=19443"}],"curies":[{"name":"wp","href":"https:\/\/api.w.org\/{rel}","templated":true}]}}