{"id":1940,"date":"2023-02-10T15:40:47","date_gmt":"2023-02-10T18:40:47","guid":{"rendered":"https:\/\/www.paparazzinews.com.br\/?p=1940"},"modified":"2023-02-10T15:41:50","modified_gmt":"2023-02-10T18:41:50","slug":"passeio-com-carro-oficial-ex-prefeita-e-filhas-sao-processadas","status":"publish","type":"post","link":"https:\/\/www.paparazzinews.com.br\/?p=1940","title":{"rendered":"<strong>Passeio com carro oficial: ex-prefeita e filhas s\u00e3o processadas<\/strong>"},"content":{"rendered":"\n<p>\u00a0\u00a0\u00a0\u00a0\u00a0\u00a0\u00a0\u00a0\u00a0\u00a0\u00a0\u00a0\u00a0\u00a0\u00a0A Promotoria de Justi\u00e7a de Andradina denunciou a ex-prefeita de Castilho, F\u00e1tima Nascimento (2017-2020), e suas filhas Janini e Lilian, atribuindo a elas a pr\u00e1tica do crime de improbidade (desonestidade) administrativa. O processo come\u00e7a a tramitar no F\u00f3rum de Andradina e pede a condena\u00e7\u00e3o das tr\u00eas.<\/p>\n\n\n\n<p>&nbsp;&nbsp;&nbsp;&nbsp;&nbsp;&nbsp;&nbsp;&nbsp;&nbsp;&nbsp;&nbsp; O trio familiar \u00e9 acusado de, no dia 27\/10\/2019, usar carro oficial da prefeitura de Castilho para levar Herm\u00ednia Concei\u00e7\u00e3o Gavioli da Silva, irm\u00e3 de F\u00e1tima, at\u00e9 Santa B\u00e1rbara D\u00b4Oeste, distantes 553 km, onde ela mora. At\u00e9 uma neta da ex-prefeita estava no carro. O motorista que dirigiu \u00e9 funcion\u00e1rio da prefeitura.<\/p>\n\n\n\n<p>&nbsp;&nbsp;&nbsp;&nbsp;&nbsp;&nbsp;&nbsp;&nbsp;&nbsp;&nbsp;&nbsp; Na \u00e9poca dos fatos, Janini era secret\u00e1ria da Sa\u00fade, e Lilian, secret\u00e1ria da Assist\u00eancia Social.<\/p>\n\n\n\n<p>&nbsp;&nbsp;&nbsp;&nbsp;&nbsp;&nbsp;&nbsp;&nbsp;&nbsp;&nbsp;&nbsp; O ve\u00edculo, uma Spin placa FYQ-8029, de uso exclusivo da Secretaria de Sa\u00fade, n\u00e3o levava nenhum paciente para atendimento m\u00e9dico, mas sim foi utilizado para fins particulares da fam\u00edlia da ent\u00e3o prefeita, o que \u00e9 proibido por lei, segundo a promotora Regislaine Topassi, que atua em Andradina.<\/p>\n\n\n\n<p>&nbsp;&nbsp;&nbsp;&nbsp;&nbsp;&nbsp;&nbsp;&nbsp;&nbsp;&nbsp;&nbsp; Antes de entrar com a a\u00e7\u00e3o, a promotora fez uma ampla investiga\u00e7\u00e3o sobre a den\u00fancia que chegou at\u00e9 o Minist\u00e9rio P\u00fablico pelas m\u00e3os de Adilson Santos, hoje vereador.<\/p>\n\n\n\n<p>&nbsp;&nbsp;&nbsp;&nbsp;&nbsp;&nbsp;&nbsp;&nbsp;&nbsp;&nbsp;&nbsp; A promotora afirma que as provas contra F\u00e1tima e as filhas s\u00e3o fartas e juntou no processo depoimento do motorista, informa\u00e7\u00f5es da prefeitura e todas as fotografias da viagem, feitas por Adilson Santos.<\/p>\n\n\n\n<p>Algumas das fotografias foram feitas quando a fam\u00edlia Nascimento parou durante a viagem num posto de combust\u00edveis denominado ironicamente de \u201cSem Limites.\u201d<\/p>\n\n\n\n<p>F\u00e1tima teve apenas um mandato na prefeitura. Quando iniciava campanha pela reelei\u00e7\u00e3o em 2020, uma for\u00e7a-tarefa do Minist\u00e9rio P\u00fablico e da Pol\u00edcia Civil entrou na Prefeitura com um mandado de busca e apreens\u00e3o expedido pela Justi\u00e7a para recolher documentos sobre den\u00fancias de irregularidades na administra\u00e7\u00e3o. O fato a fez desistir da disputa antes do pleito.<\/p>\n\n\n\n<p>&nbsp;&nbsp;&nbsp;&nbsp;&nbsp;&nbsp;&nbsp;&nbsp;&nbsp;&nbsp;&nbsp; Caso condenadas no caso do ve\u00edculo p\u00fablico usado para fins particulares, as acusadas poder\u00e3o ser obrigadas a ressarcir o munic\u00edpio com os gastos da viagem, ter os direitos pol\u00edticos suspensos, pagamento de multa e proibi\u00e7\u00e3o de contratar com o poder p\u00fablico. &nbsp;&nbsp;&nbsp;&nbsp;&nbsp;&nbsp;&nbsp;&nbsp;&nbsp;&nbsp;&nbsp; O espa\u00e7o est\u00e1 aberto para manifesta\u00e7\u00e3o das acusadas. Se enviada, ser\u00e1 acrescentada abaixo.<\/p>\n","protected":false},"excerpt":{"rendered":"<p>\u00a0\u00a0\u00a0\u00a0\u00a0\u00a0\u00a0\u00a0\u00a0\u00a0\u00a0\u00a0\u00a0\u00a0\u00a0A Promotoria de Justi\u00e7a de Andradina denunciou a ex-prefeita de Castilho, F\u00e1tima Nascimento (2017-2020), e suas filhas Janini e Lilian, atribuindo a elas a pr\u00e1tica do crime de improbidade (desonestidade) administrativa. O processo come\u00e7a a tramitar no F\u00f3rum de Andradina e pede a condena\u00e7\u00e3o das tr\u00eas. &nbsp;&nbsp;&nbsp;&nbsp;&nbsp;&nbsp;&nbsp;&nbsp;&nbsp;&nbsp;&nbsp; O trio familiar \u00e9 acusado de, no dia &hellip;<\/p>\n","protected":false},"author":1,"featured_media":1941,"comment_status":"open","ping_status":"open","sticky":false,"template":"","format":"standard","meta":{"_jetpack_memberships_contains_paid_content":false,"footnotes":"","jetpack_publicize_message":"","jetpack_publicize_feature_enabled":true,"jetpack_social_post_already_shared":false,"jetpack_social_options":{"image_generator_settings":{"template":"highway","default_image_id":0,"enabled":false},"version":2}},"categories":[7],"tags":[],"class_list":["post-1940","post","type-post","status-publish","format-standard","has-post-thumbnail","hentry","category-politica"],"jetpack_publicize_connections":[],"jetpack_featured_media_url":"https:\/\/i0.wp.com\/www.paparazzinews.com.br\/wp-content\/uploads\/2023\/02\/Viagemmm.jpg?fit=1000%2C500&ssl=1","views":"2920","jetpack_likes_enabled":true,"jetpack_sharing_enabled":true,"_links":{"self":[{"href":"https:\/\/www.paparazzinews.com.br\/index.php?rest_route=\/wp\/v2\/posts\/1940","targetHints":{"allow":["GET"]}}],"collection":[{"href":"https:\/\/www.paparazzinews.com.br\/index.php?rest_route=\/wp\/v2\/posts"}],"about":[{"href":"https:\/\/www.paparazzinews.com.br\/index.php?rest_route=\/wp\/v2\/types\/post"}],"author":[{"embeddable":true,"href":"https:\/\/www.paparazzinews.com.br\/index.php?rest_route=\/wp\/v2\/users\/1"}],"replies":[{"embeddable":true,"href":"https:\/\/www.paparazzinews.com.br\/index.php?rest_route=%2Fwp%2Fv2%2Fcomments&post=1940"}],"version-history":[{"count":1,"href":"https:\/\/www.paparazzinews.com.br\/index.php?rest_route=\/wp\/v2\/posts\/1940\/revisions"}],"predecessor-version":[{"id":1942,"href":"https:\/\/www.paparazzinews.com.br\/index.php?rest_route=\/wp\/v2\/posts\/1940\/revisions\/1942"}],"wp:featuredmedia":[{"embeddable":true,"href":"https:\/\/www.paparazzinews.com.br\/index.php?rest_route=\/wp\/v2\/media\/1941"}],"wp:attachment":[{"href":"https:\/\/www.paparazzinews.com.br\/index.php?rest_route=%2Fwp%2Fv2%2Fmedia&parent=1940"}],"wp:term":[{"taxonomy":"category","embeddable":true,"href":"https:\/\/www.paparazzinews.com.br\/index.php?rest_route=%2Fwp%2Fv2%2Fcategories&post=1940"},{"taxonomy":"post_tag","embeddable":true,"href":"https:\/\/www.paparazzinews.com.br\/index.php?rest_route=%2Fwp%2Fv2%2Ftags&post=1940"}],"curies":[{"name":"wp","href":"https:\/\/api.w.org\/{rel}","templated":true}]}}