{"id":194,"date":"2022-06-28T11:30:40","date_gmt":"2022-06-28T14:30:40","guid":{"rendered":"https:\/\/www.paparazzinews.com.br\/?p=194"},"modified":"2022-06-28T11:30:42","modified_gmt":"2022-06-28T14:30:42","slug":"com-respeito-a-autistas-e-pets-festejos-terao-fogos-sem-barulho-em-andradina%ef%bf%bc%ef%bf%bc","status":"publish","type":"post","link":"https:\/\/www.paparazzinews.com.br\/?p=194","title":{"rendered":"Com respeito a autistas e pets, festejos ter\u00e3o fogos sem barulho em Andradina\ufffc\ufffc"},"content":{"rendered":"\n<p>Com mostra de respeito a causa animal, nos festejos de anivers\u00e1rio de 85 anos de Andradina, a cidade ser\u00e1 a primeira do noroeste paulista a celebrar uma festa popular sem a utiliza\u00e7\u00e3o de fogos com estampido. A medida \u00e9 inclusiva para pessoas com transtorno do espectro do autismo, j\u00e1 que elas costumam ser&nbsp;mais sens\u00edveis a sons altos&nbsp;e a explos\u00e3o dos fogos costumam deixar-lhes muito agitados. A mesma lei defende a causa animal pelos efeitos do estampido dos fogos em c\u00e3es e gatos.<\/p>\n\n\n\n<p>A queima de fogos acontece entre o Desfile C\u00edvico e a apresenta\u00e7\u00e3o musical de Jeferson Morais e Thain\u00e1 Bitencourt no prolongamento da Avenida Guanabara. Para facilitar a locomo\u00e7\u00e3o dos andradinenses para a arena do desfile e show, uma \u00f4nibus circular estar\u00e1 levando as pessoas para o local da festa.<br><br><strong>Entenda e Lei<\/strong><br>A proibi\u00e7\u00e3o deste tipo de fogos foi criada por uma lei do atual presidente da C\u00e2mara Guto Mar\u00e3o no mandato legislativo passado (2. 016 ~2.020) mas a primeira multa lavrada contra um morador que n\u00e3o respeitou a lei tamb\u00e9m aconteceu no atual governo em 2021, quando um morador fez uma queima de fogos ensurdecedora no Reveillon daquele ano.&nbsp; &nbsp; &nbsp;<\/p>\n\n\n\n<p>Est\u00e1 pensando em&nbsp;viajar com o seu&nbsp;bichinho no R\u00e9veillon&nbsp;mas est\u00e1 com medo de como ele vai se comportar com o barulho dos fogos da virada? N\u00e3o se preocupe, algumas cidades, pensando no bem estar da popula\u00e7\u00e3o, est\u00e3o planejando o&nbsp;espet\u00e1culo com fogos de artif\u00edcios sem barulho.<\/p>\n\n\n\n<p>\u201c\u00c9 poss\u00edvel curtir um&nbsp;belo show pirot\u00e9cnico, mas sem todo o estrondo, j\u00e1 que o show de&nbsp;queima de fogos sem os estampidos n\u00e3o atrapalha em nada o espet\u00e1culo de cores e brilho no c\u00e9u\u201d, comentou o presidente da Comiss\u00e3o de Festejos, Andr\u00e9 Ricardo Lopes.<\/p>\n\n\n\n<p>A ado\u00e7\u00e3o desse tipo de comemora\u00e7\u00e3o, \u201csem agress\u00e3o sonora\u201d vem de encontro ao pensamento e luta de entidades como a APPAR, entidade em defesa da causa animal no munic\u00edpio e da AMA, associa\u00e7\u00e3o de apoio a portadores de autismo no munic\u00edpio.<br><br><strong>Pet Stop<\/strong><br>Quem quer curtir os festejos de Andradina ao lado do seu Pet tamb\u00e9m vai contar com uma novidade nos festejos. A parceria do Governo de Andradina e os empres\u00e1rios Ana Paula Citro e Denis Marinho (Rustic\u00e3o Ra\u00e7\u00f5es) vai criar um espa\u00e7o especial onde os animais possam descansar na sombra e ainda receber um pouco de ra\u00e7\u00e3o e \u00e1gua. \u201cVivemos em um mundo onde cada vez mais a posse respons\u00e1vel e o respeito a animais cresce a todo momento. H\u00e1 alguns anos n\u00e3o consegu\u00edamos imaginar numa queima de fogos sem se preocupar com o barulho dos fogos de artificio. Porque n\u00e3o termos uma ala vip para pets nos festejos?\u201d, disse Denis Marinho.<\/p>\n\n\n\n<p>O Pet Stop tamb\u00e9m ser\u00e1 instalado no evento do dia 09\/07, Arte na Pra\u00e7a \u2013 Apresenta\u00e7\u00e3o de Zamboni &amp; Amigos no Memorial Ad\u00e9lio Sarro, a partir das 9 horas.<br><br><strong>Calend\u00e1rio dos Festejos dos 85 anos de Andradina<\/strong><br><br>27\/06 \u2013 19h30<br>Atualiza\u00e7\u00e3o oficial do Hino de Andradina<br>Local: C\u00e2mara Municipal de Andradina<br>02\/07 &#8211; 8h00<br>Campeonato Regional Ferinhas Boys\/Fea\/Bolas Proffi<br>Sub 12 &#8211; Sub 13 &#8211; Sub 14<br><br>09\/07 \u2013 9h<br>Encontro Entre Amigos da Bola. Master Andradina FC x Master Mouran EC<br>Local: Est\u00e1dio Municipal Evandro Brembatti Calvoso<br><br>09\/07 \u2013 9h ~ 17h<br>Feira Arte na Pra\u00e7a \u2013 Apresenta\u00e7\u00e3o de Zamboni &amp; Amigos<br>Local: Memorial Ad\u00e9lio Sarro<br>09\/07 \u2013 14h30<br>Passeio Cicl\u00edstico JUAD \u2013 Sa\u00edda: Quintino Bocaiuva 1251<\/p>\n\n\n\n<p>10\/07 \u2013 9h30<br>Culto C\u00edvico Igreja Koynonia<\/p>\n\n\n\n<p>11\/07 \u2013 4h<br>Alvorada Festiva<br><br>11\/07 \u2013 16h&nbsp;&nbsp;&nbsp;&nbsp;&nbsp;&nbsp;&nbsp;&nbsp;&nbsp;&nbsp;&nbsp;&nbsp;&nbsp;&nbsp;&nbsp;&nbsp;&nbsp;&nbsp;&nbsp;&nbsp;&nbsp;&nbsp;&nbsp;&nbsp;&nbsp;&nbsp;&nbsp;&nbsp;&nbsp;&nbsp;&nbsp;&nbsp;&nbsp;&nbsp;&nbsp;&nbsp;&nbsp;&nbsp;&nbsp;&nbsp;&nbsp;&nbsp;&nbsp;&nbsp;&nbsp;&nbsp;&nbsp;&nbsp;&nbsp;&nbsp;&nbsp;&nbsp;&nbsp;&nbsp;&nbsp;&nbsp;&nbsp;&nbsp;&nbsp;&nbsp;&nbsp;&nbsp;&nbsp;&nbsp;&nbsp;&nbsp;&nbsp;&nbsp;&nbsp;&nbsp;&nbsp;&nbsp;&nbsp;&nbsp;&nbsp;&nbsp;&nbsp;&nbsp;&nbsp;&nbsp;&nbsp;&nbsp;&nbsp;&nbsp;&nbsp;&nbsp;&nbsp;&nbsp;&nbsp;&nbsp;&nbsp;&nbsp;&nbsp;&nbsp;&nbsp;&nbsp;&nbsp;&nbsp;&nbsp;&nbsp;&nbsp;&nbsp;&nbsp;&nbsp;&nbsp;&nbsp;<br>Desfile C\u00edvico de Anivers\u00e1rio<br>Local: Prolongamento da Avenida Guanabara<br><br>11\/07 \u2013 19h&nbsp;&nbsp;&nbsp;&nbsp;&nbsp;&nbsp;&nbsp;&nbsp;&nbsp;&nbsp;&nbsp;&nbsp;&nbsp;&nbsp;&nbsp;&nbsp;&nbsp;&nbsp;&nbsp;&nbsp;&nbsp;&nbsp;&nbsp;&nbsp;&nbsp;&nbsp;&nbsp;&nbsp;&nbsp;&nbsp;&nbsp;&nbsp;&nbsp;&nbsp;&nbsp;&nbsp;&nbsp;&nbsp;&nbsp;&nbsp;&nbsp;&nbsp;&nbsp;&nbsp;&nbsp;&nbsp;&nbsp;&nbsp;&nbsp;&nbsp;&nbsp;&nbsp;&nbsp;&nbsp;&nbsp;&nbsp;&nbsp;&nbsp;&nbsp;&nbsp;&nbsp;&nbsp;&nbsp;&nbsp;&nbsp;&nbsp;&nbsp;&nbsp;&nbsp;&nbsp;&nbsp;&nbsp;&nbsp;&nbsp;&nbsp;&nbsp;&nbsp;&nbsp;&nbsp;&nbsp;&nbsp;&nbsp;&nbsp;&nbsp;&nbsp;&nbsp;&nbsp;&nbsp;&nbsp;&nbsp;&nbsp;&nbsp;&nbsp;&nbsp;&nbsp;&nbsp;&nbsp;&nbsp;&nbsp;&nbsp;&nbsp;&nbsp;&nbsp;&nbsp;&nbsp;&nbsp;<br>&#8211; Show Jeferson Moraes e Thain\u00e1 Bitencourt<br>Local: Prolongamento da Avenida Guanabara<br><br>11\/07 \u2013 19h&nbsp;&nbsp;&nbsp;&nbsp;&nbsp;&nbsp;&nbsp;&nbsp;&nbsp;&nbsp;&nbsp;&nbsp;&nbsp;&nbsp;&nbsp;&nbsp;&nbsp;&nbsp;&nbsp;&nbsp;&nbsp;&nbsp;&nbsp;&nbsp;&nbsp;&nbsp;&nbsp;&nbsp;&nbsp;&nbsp;&nbsp;&nbsp;&nbsp;&nbsp;&nbsp;&nbsp;&nbsp;&nbsp;&nbsp;&nbsp;&nbsp;&nbsp;&nbsp;&nbsp;&nbsp;&nbsp;&nbsp;&nbsp;&nbsp;&nbsp;&nbsp;&nbsp;&nbsp;&nbsp;&nbsp;&nbsp;&nbsp;&nbsp;&nbsp;&nbsp;&nbsp;&nbsp;&nbsp;&nbsp;&nbsp;&nbsp;&nbsp;&nbsp;&nbsp;&nbsp;&nbsp;&nbsp;&nbsp;&nbsp;&nbsp;&nbsp;&nbsp;&nbsp;&nbsp;&nbsp;&nbsp;&nbsp;&nbsp;&nbsp;&nbsp;&nbsp;&nbsp;&nbsp;&nbsp;&nbsp;&nbsp;&nbsp;&nbsp;&nbsp;&nbsp;&nbsp;&nbsp;&nbsp;&nbsp;&nbsp;&nbsp;&nbsp;&nbsp;&nbsp;&nbsp;&nbsp;<br>&#8211; Queima de Fogos<br>Local: Prolongamento da Avenida Guanabara<br><br>11\/07 \u2013 19h30&nbsp;&nbsp;&nbsp;&nbsp;&nbsp;&nbsp;&nbsp;&nbsp;&nbsp;&nbsp;&nbsp;&nbsp;&nbsp;&nbsp;&nbsp;&nbsp;&nbsp;&nbsp;&nbsp;&nbsp;&nbsp;&nbsp;&nbsp;&nbsp;&nbsp;&nbsp;&nbsp;&nbsp;&nbsp;&nbsp;&nbsp;&nbsp;&nbsp;&nbsp;&nbsp;&nbsp;&nbsp;&nbsp;&nbsp;&nbsp;&nbsp;&nbsp;&nbsp;&nbsp;&nbsp;&nbsp;&nbsp;&nbsp;&nbsp;&nbsp;&nbsp;&nbsp;&nbsp;&nbsp;&nbsp;&nbsp;&nbsp;&nbsp;&nbsp;&nbsp;&nbsp;&nbsp;&nbsp;&nbsp;&nbsp;&nbsp;&nbsp;&nbsp;&nbsp;&nbsp;&nbsp;&nbsp;&nbsp;&nbsp;&nbsp;&nbsp;&nbsp;&nbsp;&nbsp;&nbsp;&nbsp;&nbsp;&nbsp;&nbsp;&nbsp;&nbsp;&nbsp;&nbsp;&nbsp;&nbsp;&nbsp;&nbsp;&nbsp;&nbsp;&nbsp;&nbsp;&nbsp;&nbsp;&nbsp;&nbsp;&nbsp;&nbsp;&nbsp;&nbsp;&nbsp;&nbsp;<br>Missa de Anivers\u00e1rio<br>Local: Igreja S\u00e3o Sebasti\u00e3o<br><br>15 e 16\/07 \u2013 18h30<br>Cine Drive<br>Local: Prolongamento da Avenida Guanabara<br><br>16\/07 &#8211; 6h<br>10\u00b0 Cavalgada Entre Amigos. Sa\u00edda no prolongamento da Avenida Guanabara e chegada 12h00 no recinto Miguel Rodrigues da Silva (Expoan), com show da dupla Marco Tulio &amp; Luciano.<br><br>Dia 23\/07 \u2013 8h<br>Campeonato de Futgol<br>Local: Est\u00e1dio Municipal Evandro Brembatti Calvoso<br><br>Dia 24\/07 \u2013 8h<br>Copa de Basquete 3<br>Local: Gin\u00e1sio de Esportes Agenor Francisco da Cunha<br><br>28\/07 \u2013 19h30<br>Missa do Agricultor<br>Local: Comunidade do Timborezinho Cora\u00e7\u00e3o de Jesus<\/p>\n\n\n\n<p>29\/07 &#8211; 19:30<\/p>\n\n\n\n<p>Mostra &nbsp;Andradinense&nbsp;de Dan\u00e7a &#8211;&nbsp;ARTETUDE &nbsp;&amp; Amigos (Reborn,&nbsp;Conex\u00e3o Daniel\u00b4s,&nbsp;Legion\u00e1rios,&nbsp;Tekla,&nbsp;<br>Gislaine, Poli Studio A),<br>Local: Centro Cultural&nbsp;Pioneiros de Andradina.<br><br>30\/07 \u2013 8h<br>1\u00b0 Torneio Municipal de Beach T\u00eannis<br>Inaugura\u00e7\u00e3o&nbsp;do Projeto Arena Beach<br>Local: Arena Beach do Alto dos Ip\u00eas (Rua Jos\u00e9 Iarossi &#8211; caixa d\u00b4\u00e1gua)<br><br>30\/07 \u2013 19h30<br>Apresenta\u00e7\u00e3o da Orquestra ADIPAN &#8211; &#8220;Homenagem a Andradina&#8221;<br>Local: Centro Cultural Pioneiros de Andradina<br><br>31\/7 \u2013 8h<br>1\u00b0 Encontro de&nbsp; Carros Antigos de Andradina<br>Local. Espa\u00e7o Safira ao lado do shopping<br><br>31\/7 \u2013 9h<br>Final da 1\u00b0 Copa de Futebol Mini Campo \u201cMarcelo Mariano\u201d<br>Local ATC<\/p>\n","protected":false},"excerpt":{"rendered":"<p>Com mostra de respeito a causa animal, nos festejos de anivers\u00e1rio de 85 anos de Andradina, a cidade ser\u00e1 a primeira do noroeste paulista a celebrar uma festa popular sem a utiliza\u00e7\u00e3o de fogos com estampido. A medida \u00e9 inclusiva para pessoas com transtorno do espectro do autismo, j\u00e1 que elas costumam ser&nbsp;mais sens\u00edveis a &hellip;<\/p>\n","protected":false},"author":1,"featured_media":195,"comment_status":"open","ping_status":"open","sticky":false,"template":"","format":"standard","meta":{"_jetpack_memberships_contains_paid_content":false,"footnotes":"","jetpack_publicize_message":"","jetpack_publicize_feature_enabled":true,"jetpack_social_post_already_shared":false,"jetpack_social_options":{"image_generator_settings":{"template":"highway","default_image_id":0,"enabled":false},"version":2}},"categories":[4],"tags":[],"class_list":["post-194","post","type-post","status-publish","format-standard","has-post-thumbnail","hentry","category-regiao"],"jetpack_publicize_connections":[],"jetpack_featured_media_url":"https:\/\/i0.wp.com\/www.paparazzinews.com.br\/wp-content\/uploads\/2022\/06\/cc69b7ca719f23b16292e37f5372fd2f.jpg?fit=800%2C471&ssl=1","views":"3214","jetpack_likes_enabled":true,"jetpack_sharing_enabled":true,"_links":{"self":[{"href":"https:\/\/www.paparazzinews.com.br\/index.php?rest_route=\/wp\/v2\/posts\/194","targetHints":{"allow":["GET"]}}],"collection":[{"href":"https:\/\/www.paparazzinews.com.br\/index.php?rest_route=\/wp\/v2\/posts"}],"about":[{"href":"https:\/\/www.paparazzinews.com.br\/index.php?rest_route=\/wp\/v2\/types\/post"}],"author":[{"embeddable":true,"href":"https:\/\/www.paparazzinews.com.br\/index.php?rest_route=\/wp\/v2\/users\/1"}],"replies":[{"embeddable":true,"href":"https:\/\/www.paparazzinews.com.br\/index.php?rest_route=%2Fwp%2Fv2%2Fcomments&post=194"}],"version-history":[{"count":1,"href":"https:\/\/www.paparazzinews.com.br\/index.php?rest_route=\/wp\/v2\/posts\/194\/revisions"}],"predecessor-version":[{"id":196,"href":"https:\/\/www.paparazzinews.com.br\/index.php?rest_route=\/wp\/v2\/posts\/194\/revisions\/196"}],"wp:featuredmedia":[{"embeddable":true,"href":"https:\/\/www.paparazzinews.com.br\/index.php?rest_route=\/wp\/v2\/media\/195"}],"wp:attachment":[{"href":"https:\/\/www.paparazzinews.com.br\/index.php?rest_route=%2Fwp%2Fv2%2Fmedia&parent=194"}],"wp:term":[{"taxonomy":"category","embeddable":true,"href":"https:\/\/www.paparazzinews.com.br\/index.php?rest_route=%2Fwp%2Fv2%2Fcategories&post=194"},{"taxonomy":"post_tag","embeddable":true,"href":"https:\/\/www.paparazzinews.com.br\/index.php?rest_route=%2Fwp%2Fv2%2Ftags&post=194"}],"curies":[{"name":"wp","href":"https:\/\/api.w.org\/{rel}","templated":true}]}}