{"id":19307,"date":"2025-09-05T06:50:26","date_gmt":"2025-09-05T09:50:26","guid":{"rendered":"https:\/\/www.paparazzinews.com.br\/?p=19307"},"modified":"2025-09-05T06:50:28","modified_gmt":"2025-09-05T09:50:28","slug":"operacao-lacos-de-familia-alvo-principal-de-32-anos-morre-em-confronto-com-a-pm-em-mirandopolis-r-12-mil-foram-apreendidos-na-casa","status":"publish","type":"post","link":"https:\/\/www.paparazzinews.com.br\/?p=19307","title":{"rendered":"Opera\u00e7\u00e3o La\u00e7os de Fam\u00edlia: alvo principal de 32 anos morre em confronto com a PM em Mirand\u00f3polis; R$ 12 mil foram apreendidos na casa"},"content":{"rendered":"\n<p>Na manh\u00e3 da \u00faltima <strong>sexta-feira (29\/8)<\/strong>, por volta das <strong>6h<\/strong>, uma opera\u00e7\u00e3o conjunta entre o <strong>GAECO (Minist\u00e9rio P\u00fablico)<\/strong>, a <strong>Pol\u00edcia Civil<\/strong> e a <strong>Pol\u00edcia Militar<\/strong> resultou na morte de <strong>Marcos Patrick da Cruz, de 32 anos<\/strong>, durante cumprimento de mandado de pris\u00e3o em sua resid\u00eancia, localizada na rua Santa Catarina, bairro S\u00e3o Louren\u00e7o de F\u00e1tima, em <strong>Mirand\u00f3polis\/SP<\/strong>.<\/p>\n\n\n\n<h3 class=\"wp-block-heading\">O confronto<\/h3>\n\n\n\n<p>O Roni Paparazzi apurou que ele \u00e9 considerado um dos <strong>principais alvos da Opera\u00e7\u00e3o La\u00e7os de Fam\u00edlia<\/strong>, Marcos Patrick reagiu \u00e0 abordagem policial ao ser surpreendido em um dos quartos da casa. Armado com um <strong>rev\u00f3lver calibre .38<\/strong>, ele efetuou um disparo contra os policiais. Diante da agress\u00e3o, os militares revidaram com <strong>oito tiros de pistolas Glock calibre .40<\/strong>. O investigado foi atingido e <strong>morreu no local<\/strong>.<\/p>\n\n\n\n<p>Na resid\u00eancia, al\u00e9m da arma e muni\u00e7\u00f5es, foram apreendidos <strong>drogas, celulares<\/strong> e uma quantia superior a <strong>R$ 12 mil em esp\u00e9cie<\/strong>, apontada como fruto do tr\u00e1fico.<\/p>\n\n\n\n<p>Segundo informa\u00e7\u00f5es apuradas, Patrick costumava afirmar publicamente que <strong>\u201cpreferia morrer a voltar para a pris\u00e3o\u201d<\/strong>.<\/p>\n\n\n\n<h3 class=\"wp-block-heading\">Atua\u00e7\u00e3o da per\u00edcia e encaminhamentos<\/h3>\n\n\n\n<p>Ap\u00f3s o confronto que se deu por volta das 6h, a <strong>Per\u00edcia da Pol\u00edcia T\u00e9cnico-Cient\u00edfica<\/strong> chegou ao local por volta das <strong>7h45<\/strong>. A ocorr\u00eancia come\u00e7ou a ser apresentada na Delegacia \u00e0s <strong>8h46<\/strong>. \u00c0s <strong>9h03<\/strong>, foi expedida a requisi\u00e7\u00e3o para o <strong>IML de Andradina<\/strong>, para onde o corpo foi encaminhado, chegando por volta das <strong>10h<\/strong>.<\/p>\n\n\n\n<h3 class=\"wp-block-heading\">Investiga\u00e7\u00e3o e opera\u00e7\u00e3o<\/h3>\n\n\n\n<p>As apura\u00e7\u00f5es indicavam Marcos Patrick como o <strong>principal fornecedor de drogas para pres\u00eddios da regi\u00e3o<\/strong> e respons\u00e1vel por abastecer o tr\u00e1fico local com o uso de motocicletas, algumas apreendidas durante a a\u00e7\u00e3o. Ele tamb\u00e9m fazia parte de <strong>n\u00facleos familiares ligados ao PCC<\/strong>, que garantiam a expans\u00e3o da atividade criminosa em Mirand\u00f3polis e entorno.<\/p>\n\n\n\n<p>A <strong>Opera\u00e7\u00e3o La\u00e7os de Fam\u00edlia<\/strong> cumpriu <strong>19 mandados de pris\u00e3o tempor\u00e1ria em Mirand\u00f3polis<\/strong>, <strong>1 em Ara\u00e7atuba<\/strong> e <strong>23 de busca e apreens\u00e3o<\/strong>. No total, <strong>14 pessoas foram presas<\/strong>, al\u00e9m da apreens\u00e3o de drogas, celulares e dinheiro. Tamb\u00e9m houve interven\u00e7\u00e3o em pres\u00eddios, como em <strong>S\u00e3o Jos\u00e9 do Rio Preto<\/strong>, onde aparelhos utilizados por integrantes da fac\u00e7\u00e3o foram localizados.<\/p>\n\n\n\n<p>A a\u00e7\u00e3o mobilizou <strong>61 equipes<\/strong>, com <strong>129 policiais militares, 54 agentes da Pol\u00edcia Civil, al\u00e9m do Canil e do apoio a\u00e9reo do Helic\u00f3ptero \u00c1guia<\/strong>.<\/p>\n\n\n\n<h3 class=\"wp-block-heading\">Enterro do alvo<\/h3>\n\n\n\n<p>O corpo de Marcos Patrick foi liberado ap\u00f3s os procedimentos legais e <strong>sepultado no s\u00e1bado (30\/8)<\/strong> em cerim\u00f4nia realizada pela funer\u00e1ria local de <strong>Mirand\u00f3polis<\/strong>.<\/p>\n\n\n\n<h3 class=\"wp-block-heading\">Significado da opera\u00e7\u00e3o<\/h3>\n\n\n\n<p>De acordo com o Minist\u00e9rio P\u00fablico, a morte de Marcos Patrick e as pris\u00f5es realizadas representam um <strong>duro golpe contra o tr\u00e1fico de drogas e o abastecimento dos pres\u00eddios da regi\u00e3o<\/strong>, desarticulando n\u00facleos familiares ligados ao PCC e enfraquecendo sua estrutura no interior paulista.<\/p>\n\n\n\n<p><strong><em><strong><em><strong><em><strong><em><strong><em><strong><em><strong><em><strong><em><strong><em><strong><em><strong><em><strong><em><strong><em><strong><em><strong><em><strong><em><strong><em><strong><em><strong><em><strong><em><strong><em><strong><em><strong><em><strong><em><strong><em><strong><em><strong><em><strong><em><strong><em><strong><em><strong><em><strong><em><strong><em><strong><em><strong><em><strong><em><strong><em><strong><em><strong><em><strong><em><strong><em><strong><em><strong><em><strong><em><strong><em><strong><em><strong><em><strong><em><strong><em><strong><em><strong><em><strong><em><strong><em><strong><em><strong><em><strong><em><strong><em><strong><em><strong><em><strong><em><strong><em><strong><em><strong><em><strong><em><strong><em><strong><em><strong><em><strong><em><strong><em><strong><em><strong><em><strong><em><strong><em><strong><em><strong><em><strong><em><strong><em><strong><em><strong><em><strong><em><strong><em><strong><em><strong><em><strong><em><strong><em><strong><em><strong><em><strong><em><strong><em><strong><em><strong><em><strong><em><strong><em><strong><em><strong><em><strong><em><strong><em><strong><em><strong><em><strong><em><strong><em><strong><em><strong><em><strong><em><strong><em><strong><em><strong><em><strong><em><strong><em><strong><em><strong><em><strong><em><strong><em><strong><em><strong><em><strong><em><strong><em><strong><em><strong><em><strong><em><strong><em><strong><em><strong><em><strong><em><strong><em><strong><em><strong><em><strong><em><strong><em><strong><em><strong><em><strong><em><strong><em><strong><em><strong><em><strong><em><strong><em><strong><em><strong><em><strong><em><strong><em><strong><em><strong><em><strong><em><strong><em><strong><em><strong><em><strong><em><strong><em><strong><em><strong><em><strong><em><strong><em><strong><em><strong><em><strong><em><strong><em><strong><em><strong><em><strong><em><strong><em><strong><em><strong><em><strong><em><strong><em><strong><em><strong><em><strong><em><strong><em><strong><em><strong><em><strong><em><strong><em><strong><em><strong><em><strong><em><strong><em><strong><em><strong><em><strong><em><strong><em><strong><em><strong><em><strong><em><strong><em><strong><em><strong><em><strong><em><strong><em><strong><em><strong><em><strong><em><strong><em><strong><em><strong><em><strong><em><strong><em><strong><em><strong><em><strong><em><strong><em><strong><em><strong><em><strong><em><strong><em><strong><em><strong><em><strong><em><strong><em><strong><em><strong><em><strong><em><strong><em><strong><em><strong><em><strong><em><strong><em><strong><em><strong><em><strong><em><strong><em><strong><em><strong><em><strong><em><strong><em><strong><em><strong><em><strong><em><strong><em><strong><em><strong><em><strong><em><strong><em><strong><em><strong><em><strong><em><strong><em><strong><em><strong><em><strong><em><strong><em><strong><em><strong><em><strong><em><strong><em><strong><em><strong><em><strong><em><strong><em><strong><em><strong>Siga nossas redes sociais e&nbsp;participe da nossa comunidade do Canal de noticias do Roni Paparazzi no Whatsapp e receba as principais not\u00edcias da regi\u00e3o de Ara\u00e7atuba do dia direto no seu celular siga nosso &nbsp;<a href=\"https:\/\/www.instagram.com\/ronipaparazzi\/\">Instagram e&nbsp;<\/a><a href=\"https:\/\/www.facebook.com\/ronipaparazzicomvoce\">Facebook<\/a><a href=\"https:\/\/chat.whatsapp.com\/GsG1XKo0jPOEfjzudWQcml\" target=\"_blank\" rel=\"noreferrer noopener\">&nbsp;Clique aqui e se inscreva.<\/a><\/strong><\/em><\/strong><\/em><\/strong><\/em><\/strong><\/em><\/strong><\/em><\/strong><\/em><\/strong><\/em><\/strong><\/em><\/strong><\/em><\/strong><\/em><\/strong><\/em><\/strong><\/em><\/strong><\/em><\/strong><\/em><\/strong><\/em><\/strong><\/em><\/strong><\/em><\/strong><\/em><\/strong><\/em><\/strong><\/em><\/strong><\/em><\/strong><\/em><\/strong><\/em><\/strong><\/em><\/strong><\/em><\/strong><\/em><\/strong><\/em><\/strong><\/em><\/strong><\/em><\/strong><\/em><\/strong><\/em><\/strong><\/em><\/strong><\/em><\/strong><\/em><\/strong><\/em><\/strong><\/em><\/strong><\/em><\/strong><\/em><\/strong><\/em><\/strong><\/em><\/strong><\/em><\/strong><\/em><\/strong><\/em><\/strong><\/em><\/strong><\/em><\/strong><\/em><\/strong><\/em><\/strong><\/em><\/strong><\/em><\/strong><\/em><\/strong><\/em><\/strong><\/em><\/strong><\/em><\/strong><\/em><\/strong><\/em><\/strong><\/em><\/strong><\/em><\/strong><\/em><\/strong><\/em><\/strong><\/em><\/strong><\/em><\/strong><\/em><\/strong><\/em><\/strong><\/em><\/strong><\/em><\/strong><\/em><\/strong><\/em><\/strong><\/em><\/strong><\/em><\/strong><\/em><\/strong><\/em><\/strong><\/em><\/strong><\/em><\/strong><\/em><\/strong><\/em><\/strong><\/em><\/strong><\/em><\/strong><\/em><\/strong><\/em><\/strong><\/em><\/strong><\/em><\/strong><\/em><\/strong><\/em><\/strong><\/em><\/strong><\/em><\/strong><\/em><\/strong><\/em><\/strong><\/em><\/strong><\/em><\/strong><\/em><\/strong><\/em><\/strong><\/em><\/strong><\/em><\/strong><\/em><\/strong><\/em><\/strong><\/em><\/strong><\/em><\/strong><\/em><\/strong><\/em><\/strong><\/em><\/strong><\/em><\/strong><\/em><\/strong><\/em><\/strong><\/em><\/strong><\/em><\/strong><\/em><\/strong><\/em><\/strong><\/em><\/strong><\/em><\/strong><\/em><\/strong><\/em><\/strong><\/em><\/strong><\/em><\/strong><\/em><\/strong><\/em><\/strong><\/em><\/strong><\/em><\/strong><\/em><\/strong><\/em><\/strong><\/em><\/strong><\/em><\/strong><\/em><\/strong><\/em><\/strong><\/em><\/strong><\/em><\/strong><\/em><\/strong><\/em><\/strong><\/em><\/strong><\/em><\/strong><\/em><\/strong><\/em><\/strong><\/em><\/strong><\/em><\/strong><\/em><\/strong><\/em><\/strong><\/em><\/strong><\/em><\/strong><\/em><\/strong><\/em><\/strong><\/em><\/strong><\/em><\/strong><\/em><\/strong><\/em><\/strong><\/em><\/strong><\/em><\/strong><\/em><\/strong><\/em><\/strong><\/em><\/strong><\/em><\/strong><\/em><\/strong><\/em><\/strong><\/em><\/strong><\/em><\/strong><\/em><\/strong><\/em><\/strong><\/em><\/strong><\/em><\/strong><\/em><\/strong><\/em><\/strong><\/em><\/strong><\/em><\/strong><\/em><\/strong><\/em><\/strong><\/em><\/strong><\/em><\/strong><\/em><\/strong><\/em><\/strong><\/em><\/strong><\/em><\/strong><\/em><\/strong><\/em><\/strong><\/em><\/strong><\/em><\/strong><\/em><\/strong><\/em><\/strong><\/em><\/strong><\/em><\/strong><\/em><\/strong><\/em><\/strong><\/em><\/strong><\/em><\/strong><\/em><\/strong><\/em><\/strong><\/em><\/strong><\/em><\/strong><\/em><\/strong><\/em><\/strong><\/em><\/strong><\/em><\/strong><\/em><\/strong><\/em><\/strong><\/em><\/strong><\/em><\/strong><\/em><\/strong><\/em><\/strong><\/em><\/strong><\/em><\/strong><\/em><\/strong><\/em><\/strong><\/em><\/strong><\/em><\/strong><\/em><\/strong><\/em><\/strong><\/em><\/strong><\/em><\/strong><\/em><\/strong><\/em><\/strong><\/em><\/strong><\/em><\/strong><\/em><\/strong><\/em><\/strong><\/em><\/strong><\/em><\/strong><\/em><\/strong><\/em><\/strong><\/em><\/strong><\/em><\/strong><\/em><\/strong><\/em><\/strong><\/em><\/strong><\/em><\/strong><\/em><\/strong><\/em><\/strong><\/em><\/strong><\/em><\/strong><\/em><\/strong><\/em><\/strong><\/em><\/strong><\/em><\/strong><\/em><\/strong><\/em><\/strong><\/em><\/strong><\/em><\/strong><\/em><\/strong><\/em><\/strong><\/em><\/strong><\/em><\/strong><\/em><\/strong><\/em><\/strong><\/em><\/strong><\/em><\/strong><\/em><\/strong><\/em><\/strong><\/em><\/strong><\/em><\/strong><\/em><\/strong><\/em><\/strong><\/em><\/strong><\/em><\/strong><\/em><\/strong><\/p>\n","protected":false},"excerpt":{"rendered":"<p>Na manh\u00e3 da \u00faltima sexta-feira (29\/8), por volta das 6h, uma opera\u00e7\u00e3o conjunta entre o GAECO (Minist\u00e9rio P\u00fablico), a Pol\u00edcia Civil e a Pol\u00edcia Militar resultou na morte de Marcos Patrick da Cruz, de 32 anos, durante cumprimento de mandado de pris\u00e3o em sua resid\u00eancia, localizada na rua Santa Catarina, bairro S\u00e3o Louren\u00e7o de F\u00e1tima, &hellip;<\/p>\n","protected":false},"author":1,"featured_media":19308,"comment_status":"open","ping_status":"open","sticky":false,"template":"","format":"standard","meta":{"_jetpack_memberships_contains_paid_content":false,"footnotes":"","jetpack_publicize_message":"","jetpack_publicize_feature_enabled":true,"jetpack_social_post_already_shared":true,"jetpack_social_options":{"image_generator_settings":{"template":"highway","default_image_id":0,"enabled":false},"version":2}},"categories":[3],"tags":[],"class_list":["post-19307","post","type-post","status-publish","format-standard","has-post-thumbnail","hentry","category-policial"],"jetpack_publicize_connections":[],"jetpack_featured_media_url":"https:\/\/i0.wp.com\/www.paparazzinews.com.br\/wp-content\/uploads\/2025\/09\/0002.jpg?fit=1000%2C700&ssl=1","views":"4232","jetpack_likes_enabled":true,"jetpack_sharing_enabled":true,"_links":{"self":[{"href":"https:\/\/www.paparazzinews.com.br\/index.php?rest_route=\/wp\/v2\/posts\/19307","targetHints":{"allow":["GET"]}}],"collection":[{"href":"https:\/\/www.paparazzinews.com.br\/index.php?rest_route=\/wp\/v2\/posts"}],"about":[{"href":"https:\/\/www.paparazzinews.com.br\/index.php?rest_route=\/wp\/v2\/types\/post"}],"author":[{"embeddable":true,"href":"https:\/\/www.paparazzinews.com.br\/index.php?rest_route=\/wp\/v2\/users\/1"}],"replies":[{"embeddable":true,"href":"https:\/\/www.paparazzinews.com.br\/index.php?rest_route=%2Fwp%2Fv2%2Fcomments&post=19307"}],"version-history":[{"count":1,"href":"https:\/\/www.paparazzinews.com.br\/index.php?rest_route=\/wp\/v2\/posts\/19307\/revisions"}],"predecessor-version":[{"id":19309,"href":"https:\/\/www.paparazzinews.com.br\/index.php?rest_route=\/wp\/v2\/posts\/19307\/revisions\/19309"}],"wp:featuredmedia":[{"embeddable":true,"href":"https:\/\/www.paparazzinews.com.br\/index.php?rest_route=\/wp\/v2\/media\/19308"}],"wp:attachment":[{"href":"https:\/\/www.paparazzinews.com.br\/index.php?rest_route=%2Fwp%2Fv2%2Fmedia&parent=19307"}],"wp:term":[{"taxonomy":"category","embeddable":true,"href":"https:\/\/www.paparazzinews.com.br\/index.php?rest_route=%2Fwp%2Fv2%2Fcategories&post=19307"},{"taxonomy":"post_tag","embeddable":true,"href":"https:\/\/www.paparazzinews.com.br\/index.php?rest_route=%2Fwp%2Fv2%2Ftags&post=19307"}],"curies":[{"name":"wp","href":"https:\/\/api.w.org\/{rel}","templated":true}]}}